{"id":8949,"date":"2024-12-09T10:59:46","date_gmt":"2024-12-09T09:59:46","guid":{"rendered":"https:\/\/www.fleurdisa.org\/blog\/?p=8949"},"modified":"2024-12-09T11:04:48","modified_gmt":"2024-12-09T10:04:48","slug":"marche-de-noel-au-chateau-de-lyeuse-le-8-decembre","status":"publish","type":"post","link":"https:\/\/www.fleurdisa.org\/blog\/marche-de-noel-au-chateau-de-lyeuse-le-8-decembre\/","title":{"rendered":"March\u00e9 de No\u00ebl au ch\u00e2teau de l&rsquo;Yeuse \u00e0 Ch\u00e2teaubernard,  le 8 d\u00e9cembre"},"content":{"rendered":"\n<p>Ce dimanche, un tr\u00e8s beau \u00ab\u00a0No\u00ebl en Douelles\u00a0\u00bb a\u00a0\u00e9t\u00e9 organis\u00e9 par l&rsquo;association Les Jardins Respectueux au Ch\u00e2teau de l&rsquo;Yeuse. (voir article dans Charente Libre).<\/p>\n\n\n\n<p>Une superbe ambiance, de belles rencontres avec des exposants et des visiteurs.<\/p>\n\n\n\n<p>La solidarit\u00e9, la fraternit\u00e9 et l&rsquo;\u00e9co-responsabilit\u00e9 y avaient largement leur place.<\/p>\n\n\n\n<p>Des grands mercis \u00e0 Mme C\u00e9line Desmazi\u00e8res, patronne de l&rsquo;h\u00f4tel restaurant Ch\u00e2teau de l&rsquo;Yeuse et au personnel de l&rsquo;\u00e9tablissement, \u00e0 R\u00e9my Marcotte organisateur de l&rsquo;association les Jardins Respectueux et ses coll\u00e8gues, \u00e0 Marie et Annabelle.<\/p>\n\n\n\n<p>Merci \u00e0 Serge et Marie et Annabelle pour l&rsquo;animation du stand \ud83d\ude42<\/p>\n\n\n\n<div class=\"wp-block-columns is-layout-flex wp-container-core-columns-is-layout-28f84493 wp-block-columns-is-layout-flex\">\n<div class=\"wp-block-column is-layout-flow wp-block-column-is-layout-flow\">\n<figure class=\"wp-block-image aligncenter size-large is-resized\"><img loading=\"lazy\" decoding=\"async\" width=\"768\" height=\"1024\" src=\"https:\/\/www.fleurdisa.org\/blog\/wp-content\/uploads\/2024\/12\/IMG_20241208_134538-768x1024.jpg\" alt=\"\" class=\"wp-image-8950\" style=\"width:249px;height:auto\" srcset=\"https:\/\/www.fleurdisa.org\/blog\/wp-content\/uploads\/2024\/12\/IMG_20241208_134538-768x1024.jpg 768w, https:\/\/www.fleurdisa.org\/blog\/wp-content\/uploads\/2024\/12\/IMG_20241208_134538-scaled-600x800.jpg 600w, https:\/\/www.fleurdisa.org\/blog\/wp-content\/uploads\/2024\/12\/IMG_20241208_134538-278x370.jpg 278w, https:\/\/www.fleurdisa.org\/blog\/wp-content\/uploads\/2024\/12\/IMG_20241208_134538-1152x1536.jpg 1152w, https:\/\/www.fleurdisa.org\/blog\/wp-content\/uploads\/2024\/12\/IMG_20241208_134538-1536x2048.jpg 1536w, https:\/\/www.fleurdisa.org\/blog\/wp-content\/uploads\/2024\/12\/IMG_20241208_134538-150x200.jpg 150w, https:\/\/www.fleurdisa.org\/blog\/wp-content\/uploads\/2024\/12\/IMG_20241208_134538-scaled.jpg 1920w\" sizes=\"auto, (max-width: 768px) 100vw, 768px\" \/><\/figure>\n<\/div>\n\n\n\n<div class=\"wp-block-column is-layout-flow wp-block-column-is-layout-flow\">\n<figure class=\"wp-block-image size-large\"><img loading=\"lazy\" decoding=\"async\" width=\"1024\" height=\"768\" src=\"https:\/\/www.fleurdisa.org\/blog\/wp-content\/uploads\/2024\/12\/IMG_20241208_172510-1024x768.jpg\" alt=\"\" class=\"wp-image-8951\" srcset=\"https:\/\/www.fleurdisa.org\/blog\/wp-content\/uploads\/2024\/12\/IMG_20241208_172510-1024x768.jpg 1024w, https:\/\/www.fleurdisa.org\/blog\/wp-content\/uploads\/2024\/12\/IMG_20241208_172510-200x150.jpg 200w, https:\/\/www.fleurdisa.org\/blog\/wp-content\/uploads\/2024\/12\/IMG_20241208_172510-scaled-600x450.jpg 600w, https:\/\/www.fleurdisa.org\/blog\/wp-content\/uploads\/2024\/12\/IMG_20241208_172510-370x278.jpg 370w, https:\/\/www.fleurdisa.org\/blog\/wp-content\/uploads\/2024\/12\/IMG_20241208_172510-768x576.jpg 768w, https:\/\/www.fleurdisa.org\/blog\/wp-content\/uploads\/2024\/12\/IMG_20241208_172510-1536x1152.jpg 1536w, https:\/\/www.fleurdisa.org\/blog\/wp-content\/uploads\/2024\/12\/IMG_20241208_172510-2048x1536.jpg 2048w\" sizes=\"auto, (max-width: 1024px) 100vw, 1024px\" \/><\/figure>\n<\/div>\n<\/div>\n","protected":false},"excerpt":{"rendered":"<p>Ce dimanche, un tr\u00e8s beau \u00ab\u00a0No\u00ebl en Douelles\u00a0\u00bb a\u00a0\u00e9t\u00e9 organis\u00e9 par l&rsquo;association Les Jardins Respectueux au Ch\u00e2teau de l&rsquo;Yeuse. (voir [&hellip;]<\/p>\n","protected":false},"author":8,"featured_media":0,"comment_status":"open","ping_status":"open","sticky":false,"template":"","format":"standard","meta":{"site-sidebar-layout":"default","site-content-layout":"","ast-site-content-layout":"default","site-content-style":"default","site-sidebar-style":"default","ast-global-header-display":"","ast-banner-title-visibility":"","ast-main-header-display":"","ast-hfb-above-header-display":"","ast-hfb-below-header-display":"","ast-hfb-mobile-header-display":"","site-post-title":"","ast-breadcrumbs-content":"","ast-featured-img":"","footer-sml-layout":"","ast-disable-related-posts":"","theme-transparent-header-meta":"","adv-header-id-meta":"","stick-header-meta":"","header-above-stick-meta":"","header-main-stick-meta":"","header-below-stick-meta":"","astra-migrate-meta-layouts":"default","ast-page-background-enabled":"default","ast-page-background-meta":{"desktop":{"background-color":"var(--ast-global-color-5)","background-image":"","background-repeat":"repeat","background-position":"center center","background-size":"auto","background-attachment":"scroll","background-type":"","background-media":"","overlay-type":"","overlay-color":"","overlay-opacity":"","overlay-gradient":""},"tablet":{"background-color":"","background-image":"","background-repeat":"repeat","background-position":"center center","background-size":"auto","background-attachment":"scroll","background-type":"","background-media":"","overlay-type":"","overlay-color":"","overlay-opacity":"","overlay-gradient":""},"mobile":{"background-color":"","background-image":"","background-repeat":"repeat","background-position":"center center","background-size":"auto","background-attachment":"scroll","background-type":"","background-media":"","overlay-type":"","overlay-color":"","overlay-opacity":"","overlay-gradient":""}},"ast-content-background-meta":{"desktop":{"background-color":"var(--ast-global-color-4)","background-image":"","background-repeat":"repeat","background-position":"center center","background-size":"auto","background-attachment":"scroll","background-type":"","background-media":"","overlay-type":"","overlay-color":"","overlay-opacity":"","overlay-gradient":""},"tablet":{"background-color":"var(--ast-global-color-4)","background-image":"","background-repeat":"repeat","background-position":"center center","background-size":"auto","background-attachment":"scroll","background-type":"","background-media":"","overlay-type":"","overlay-color":"","overlay-opacity":"","overlay-gradient":""},"mobile":{"background-color":"var(--ast-global-color-4)","background-image":"","background-repeat":"repeat","background-position":"center center","background-size":"auto","background-attachment":"scroll","background-type":"","background-media":"","overlay-type":"","overlay-color":"","overlay-opacity":"","overlay-gradient":""}},"footnotes":""},"categories":[4],"tags":[],"class_list":["post-8949","post","type-post","status-publish","format-standard","hentry","category-manifestations"],"_links":{"self":[{"href":"https:\/\/www.fleurdisa.org\/blog\/wp-json\/wp\/v2\/posts\/8949","targetHints":{"allow":["GET"]}}],"collection":[{"href":"https:\/\/www.fleurdisa.org\/blog\/wp-json\/wp\/v2\/posts"}],"about":[{"href":"https:\/\/www.fleurdisa.org\/blog\/wp-json\/wp\/v2\/types\/post"}],"author":[{"embeddable":true,"href":"https:\/\/www.fleurdisa.org\/blog\/wp-json\/wp\/v2\/users\/8"}],"replies":[{"embeddable":true,"href":"https:\/\/www.fleurdisa.org\/blog\/wp-json\/wp\/v2\/comments?post=8949"}],"version-history":[{"count":4,"href":"https:\/\/www.fleurdisa.org\/blog\/wp-json\/wp\/v2\/posts\/8949\/revisions"}],"predecessor-version":[{"id":8955,"href":"https:\/\/www.fleurdisa.org\/blog\/wp-json\/wp\/v2\/posts\/8949\/revisions\/8955"}],"wp:attachment":[{"href":"https:\/\/www.fleurdisa.org\/blog\/wp-json\/wp\/v2\/media?parent=8949"}],"wp:term":[{"taxonomy":"category","embeddable":true,"href":"https:\/\/www.fleurdisa.org\/blog\/wp-json\/wp\/v2\/categories?post=8949"},{"taxonomy":"post_tag","embeddable":true,"href":"https:\/\/www.fleurdisa.org\/blog\/wp-json\/wp\/v2\/tags?post=8949"}],"curies":[{"name":"wp","href":"https:\/\/api.w.org\/{rel}","templated":true}]}}