{"id":7782,"date":"2024-06-07T10:05:57","date_gmt":"2024-06-07T08:05:57","guid":{"rendered":"https:\/\/www.fleurdisa.org\/blog\/?p=7782"},"modified":"2024-06-07T22:30:39","modified_gmt":"2024-06-07T20:30:39","slug":"spectacle-a-champniers-le-1er-juin-2024","status":"publish","type":"post","link":"https:\/\/www.fleurdisa.org\/blog\/spectacle-a-champniers-le-1er-juin-2024\/","title":{"rendered":"Concert \u00e0 Champniers le 1er Juin 2024"},"content":{"rendered":"\n<p>Ce concert a \u00e9t\u00e9 pr\u00e9c\u00e9d\u00e9 par une marche, organis\u00e9e par V\u00e9ronique Saumon, de l&rsquo;association de marcheurs Spiridon. Un groupe de personnes, malgr\u00e9 une m\u00e9t\u00e9o peu cl\u00e9mente, ont march\u00e9 au profit de Fleur d&rsquo;Isa. Un joli geste compl\u00e9t\u00e9 par la vente de badges aux couleurs de Fleur d&rsquo;Isa.<\/p>\n\n\n\n<p>Puis \u00e0 20h30, un superbe Concert organis\u00e9 par LF Management (soci\u00e9t\u00e9 de production) pour Fleur d&rsquo;Isa, avec 3 artistes (Eve Angeli, Assia et Elsa Esnoult) qui ont d\u00e9plac\u00e9 de nombreux fans, venus parfois de tr\u00e8s loin (R\u00e9gion parisienne, Rouen, Metz \ud83d\ude42 ). Une tr\u00e8s bonne ambiance maintenue par St\u00e9phane de Radio Attitude.<\/p>\n\n\n\n<p>Merci \u00e0 tous ceux qui ont donn\u00e9 de leur temps et de leur \u00e9nergie : LF Management avec Olivia, Bernadette et leur staff (Dominique et son \u00e9quipe \u00e0 la technique, le personnel de s\u00e9curit\u00e9, St\u00e9phane de Radio Attitude \u00e0 la voix off), les b\u00e9n\u00e9voles de Fleur d&rsquo;Isa (parmi le CA : Sylvie, Fran\u00e7oise, \u00c9lise, Nicole, Fabien, Eric, Serge, parmi nos b\u00e9n\u00e9voles : Maryline, Jacqueline et Sylvie, Jean-Louis A, Jean-Louis R, parmi nos intervenantes : P\u00e9tryna, Laetitia, Charlotte, Claudie Audrey), et \u00e0 ceux qui n&rsquo;ont pas pu participer.<\/p>\n\n\n\n<p>Un grand merci \u00e0 la mairie de Champniers qui nous a fourni la salle et tous les \u00e9quipements (en particulier Steve et Sylvain). A super U qui a fourni les repas des \u00e9quipes techniques et des artistes. Et les autres sponsors qui ont fourni des services (fleuriste, etc &#8230;).<\/p>\n\n\n\n<p>Un grand merci \u00e9galement \u00e0 Radio Attitude, RCF et la Charente Libre, pour toutes les communications sur cet \u00e9v\u00e9nement.<\/p>\n\n\n\n<div class=\"wp-block-columns is-layout-flex wp-container-core-columns-is-layout-28f84493 wp-block-columns-is-layout-flex\">\n<div class=\"wp-block-column is-vertically-aligned-center is-layout-flow wp-block-column-is-layout-flow\">\n<figure class=\"wp-block-image aligncenter size-large is-resized\"><img loading=\"lazy\" decoding=\"async\" width=\"1024\" height=\"768\" src=\"https:\/\/www.fleurdisa.org\/blog\/wp-content\/uploads\/2024\/06\/20240601_151042_resized-1024x768.jpg\" alt=\"\" class=\"wp-image-7783\" style=\"width:460px;height:auto\" srcset=\"https:\/\/www.fleurdisa.org\/blog\/wp-content\/uploads\/2024\/06\/20240601_151042_resized-1024x768.jpg 1024w, https:\/\/www.fleurdisa.org\/blog\/wp-content\/uploads\/2024\/06\/20240601_151042_resized-200x150.jpg 200w, https:\/\/www.fleurdisa.org\/blog\/wp-content\/uploads\/2024\/06\/20240601_151042_resized-600x450.jpg 600w, https:\/\/www.fleurdisa.org\/blog\/wp-content\/uploads\/2024\/06\/20240601_151042_resized-370x278.jpg 370w, https:\/\/www.fleurdisa.org\/blog\/wp-content\/uploads\/2024\/06\/20240601_151042_resized-768x576.jpg 768w, https:\/\/www.fleurdisa.org\/blog\/wp-content\/uploads\/2024\/06\/20240601_151042_resized-1536x1152.jpg 1536w, https:\/\/www.fleurdisa.org\/blog\/wp-content\/uploads\/2024\/06\/20240601_151042_resized.jpg 2040w\" sizes=\"auto, (max-width: 1024px) 100vw, 1024px\" \/><figcaption class=\"wp-element-caption\">V\u00e9ronique Saumon de Spiridon et Olivia<\/figcaption><\/figure>\n<\/div>\n<\/div>\n\n\n\n<div class=\"wp-block-columns is-layout-flex wp-container-core-columns-is-layout-28f84493 wp-block-columns-is-layout-flex\">\n<div class=\"wp-block-column is-layout-flow wp-block-column-is-layout-flow\">\n<figure class=\"wp-block-image size-large\"><img loading=\"lazy\" decoding=\"async\" width=\"1024\" height=\"1024\" src=\"https:\/\/www.fleurdisa.org\/blog\/wp-content\/uploads\/2024\/04\/Carre-insta-1er-juin-2024-partenaires-1024x1024.jpg\" alt=\"\" class=\"wp-image-7678\" srcset=\"https:\/\/www.fleurdisa.org\/blog\/wp-content\/uploads\/2024\/04\/Carre-insta-1er-juin-2024-partenaires-1024x1024.jpg 1024w, https:\/\/www.fleurdisa.org\/blog\/wp-content\/uploads\/2024\/04\/Carre-insta-1er-juin-2024-partenaires-100x100.jpg 100w, https:\/\/www.fleurdisa.org\/blog\/wp-content\/uploads\/2024\/04\/Carre-insta-1er-juin-2024-partenaires-600x600.jpg 600w, https:\/\/www.fleurdisa.org\/blog\/wp-content\/uploads\/2024\/04\/Carre-insta-1er-juin-2024-partenaires-370x370.jpg 370w, https:\/\/www.fleurdisa.org\/blog\/wp-content\/uploads\/2024\/04\/Carre-insta-1er-juin-2024-partenaires-150x150.jpg 150w, https:\/\/www.fleurdisa.org\/blog\/wp-content\/uploads\/2024\/04\/Carre-insta-1er-juin-2024-partenaires-768x768.jpg 768w, https:\/\/www.fleurdisa.org\/blog\/wp-content\/uploads\/2024\/04\/Carre-insta-1er-juin-2024-partenaires-200x200.jpg 200w, https:\/\/www.fleurdisa.org\/blog\/wp-content\/uploads\/2024\/04\/Carre-insta-1er-juin-2024-partenaires.jpg 1080w\" sizes=\"auto, (max-width: 1024px) 100vw, 1024px\" \/><\/figure>\n<\/div>\n\n\n\n<div class=\"wp-block-column is-layout-flow wp-block-column-is-layout-flow\">\n<figure class=\"wp-block-image aligncenter size-large is-resized\"><img loading=\"lazy\" decoding=\"async\" width=\"1024\" height=\"473\" src=\"https:\/\/www.fleurdisa.org\/blog\/wp-content\/uploads\/2024\/06\/IMG-20240601-WA0007-1-1024x473.jpg\" alt=\"\" class=\"wp-image-7801\" style=\"width:418px;height:auto\" srcset=\"https:\/\/www.fleurdisa.org\/blog\/wp-content\/uploads\/2024\/06\/IMG-20240601-WA0007-1-1024x473.jpg 1024w, https:\/\/www.fleurdisa.org\/blog\/wp-content\/uploads\/2024\/06\/IMG-20240601-WA0007-1-600x277.jpg 600w, https:\/\/www.fleurdisa.org\/blog\/wp-content\/uploads\/2024\/06\/IMG-20240601-WA0007-1-370x171.jpg 370w, https:\/\/www.fleurdisa.org\/blog\/wp-content\/uploads\/2024\/06\/IMG-20240601-WA0007-1-768x354.jpg 768w, https:\/\/www.fleurdisa.org\/blog\/wp-content\/uploads\/2024\/06\/IMG-20240601-WA0007-1-1536x709.jpg 1536w, https:\/\/www.fleurdisa.org\/blog\/wp-content\/uploads\/2024\/06\/IMG-20240601-WA0007-1-200x92.jpg 200w, https:\/\/www.fleurdisa.org\/blog\/wp-content\/uploads\/2024\/06\/IMG-20240601-WA0007-1.jpg 1599w\" sizes=\"auto, (max-width: 1024px) 100vw, 1024px\" \/><figcaption class=\"wp-element-caption\">tr\u00e8s belle gerbe r\u00e9alis\u00e9e par le Fleuriste de St Yrieix \u00e0 partir de nos coquelicots<\/figcaption><\/figure>\n<\/div>\n<\/div>\n\n\n\n<div class=\"wp-block-columns is-layout-flex wp-container-core-columns-is-layout-28f84493 wp-block-columns-is-layout-flex\">\n<div class=\"wp-block-column is-layout-flow wp-block-column-is-layout-flow\">\n<figure class=\"wp-block-image size-large\"><img loading=\"lazy\" decoding=\"async\" width=\"1024\" height=\"473\" src=\"https:\/\/www.fleurdisa.org\/blog\/wp-content\/uploads\/2024\/06\/IMG-20240601-WA0010-1-1024x473.jpg\" alt=\"\" class=\"wp-image-7800\" srcset=\"https:\/\/www.fleurdisa.org\/blog\/wp-content\/uploads\/2024\/06\/IMG-20240601-WA0010-1-1024x473.jpg 1024w, https:\/\/www.fleurdisa.org\/blog\/wp-content\/uploads\/2024\/06\/IMG-20240601-WA0010-1-600x277.jpg 600w, https:\/\/www.fleurdisa.org\/blog\/wp-content\/uploads\/2024\/06\/IMG-20240601-WA0010-1-370x171.jpg 370w, https:\/\/www.fleurdisa.org\/blog\/wp-content\/uploads\/2024\/06\/IMG-20240601-WA0010-1-768x354.jpg 768w, https:\/\/www.fleurdisa.org\/blog\/wp-content\/uploads\/2024\/06\/IMG-20240601-WA0010-1-1536x709.jpg 1536w, https:\/\/www.fleurdisa.org\/blog\/wp-content\/uploads\/2024\/06\/IMG-20240601-WA0010-1-200x92.jpg 200w, https:\/\/www.fleurdisa.org\/blog\/wp-content\/uploads\/2024\/06\/IMG-20240601-WA0010-1.jpg 1599w\" sizes=\"auto, (max-width: 1024px) 100vw, 1024px\" \/><figcaption class=\"wp-element-caption\">Claudie, Sylvie, Maryline<\/figcaption><\/figure>\n<\/div>\n\n\n\n<div class=\"wp-block-column is-layout-flow wp-block-column-is-layout-flow\">\n<figure class=\"wp-block-image size-large is-resized\"><img loading=\"lazy\" decoding=\"async\" width=\"1024\" height=\"473\" src=\"https:\/\/www.fleurdisa.org\/blog\/wp-content\/uploads\/2024\/06\/IMG-20240601-WA0013-1024x473.jpg\" alt=\"\" class=\"wp-image-7789\" style=\"width:411px;height:auto\" srcset=\"https:\/\/www.fleurdisa.org\/blog\/wp-content\/uploads\/2024\/06\/IMG-20240601-WA0013-1024x473.jpg 1024w, https:\/\/www.fleurdisa.org\/blog\/wp-content\/uploads\/2024\/06\/IMG-20240601-WA0013-600x277.jpg 600w, https:\/\/www.fleurdisa.org\/blog\/wp-content\/uploads\/2024\/06\/IMG-20240601-WA0013-370x171.jpg 370w, https:\/\/www.fleurdisa.org\/blog\/wp-content\/uploads\/2024\/06\/IMG-20240601-WA0013-768x354.jpg 768w, https:\/\/www.fleurdisa.org\/blog\/wp-content\/uploads\/2024\/06\/IMG-20240601-WA0013-1536x709.jpg 1536w, https:\/\/www.fleurdisa.org\/blog\/wp-content\/uploads\/2024\/06\/IMG-20240601-WA0013-200x92.jpg 200w, https:\/\/www.fleurdisa.org\/blog\/wp-content\/uploads\/2024\/06\/IMG-20240601-WA0013.jpg 1599w\" sizes=\"auto, (max-width: 1024px) 100vw, 1024px\" \/><figcaption class=\"wp-element-caption\">Claudie, Laetitia, P\u00e9tryna<\/figcaption><\/figure>\n<\/div>\n<\/div>\n\n\n\n<div class=\"wp-block-columns is-layout-flex wp-container-core-columns-is-layout-28f84493 wp-block-columns-is-layout-flex\">\n<div class=\"wp-block-column is-layout-flow wp-block-column-is-layout-flow\">\n<figure class=\"wp-block-image size-full\"><img loading=\"lazy\" decoding=\"async\" width=\"2040\" height=\"1235\" src=\"https:\/\/www.fleurdisa.org\/blog\/wp-content\/uploads\/2024\/06\/20240601_210024_resized-1.jpg\" alt=\"\" class=\"wp-image-7819\" srcset=\"https:\/\/www.fleurdisa.org\/blog\/wp-content\/uploads\/2024\/06\/20240601_210024_resized-1.jpg 2040w, https:\/\/www.fleurdisa.org\/blog\/wp-content\/uploads\/2024\/06\/20240601_210024_resized-1-600x363.jpg 600w, https:\/\/www.fleurdisa.org\/blog\/wp-content\/uploads\/2024\/06\/20240601_210024_resized-1-370x224.jpg 370w, https:\/\/www.fleurdisa.org\/blog\/wp-content\/uploads\/2024\/06\/20240601_210024_resized-1-1024x620.jpg 1024w, https:\/\/www.fleurdisa.org\/blog\/wp-content\/uploads\/2024\/06\/20240601_210024_resized-1-768x465.jpg 768w, https:\/\/www.fleurdisa.org\/blog\/wp-content\/uploads\/2024\/06\/20240601_210024_resized-1-1536x930.jpg 1536w, https:\/\/www.fleurdisa.org\/blog\/wp-content\/uploads\/2024\/06\/20240601_210024_resized-1-200x121.jpg 200w\" sizes=\"auto, (max-width: 2040px) 100vw, 2040px\" \/><figcaption class=\"wp-element-caption\">St\u00e9phane et la r\u00e9gie<\/figcaption><\/figure>\n<\/div>\n\n\n\n<div class=\"wp-block-column is-layout-flow wp-block-column-is-layout-flow\">\n<figure class=\"wp-block-image size-full\"><img loading=\"lazy\" decoding=\"async\" width=\"756\" height=\"483\" src=\"https:\/\/www.fleurdisa.org\/blog\/wp-content\/uploads\/2024\/06\/IMG_20240607_101737-1.jpg\" alt=\"\" class=\"wp-image-7814\" srcset=\"https:\/\/www.fleurdisa.org\/blog\/wp-content\/uploads\/2024\/06\/IMG_20240607_101737-1.jpg 756w, https:\/\/www.fleurdisa.org\/blog\/wp-content\/uploads\/2024\/06\/IMG_20240607_101737-1-600x383.jpg 600w, https:\/\/www.fleurdisa.org\/blog\/wp-content\/uploads\/2024\/06\/IMG_20240607_101737-1-370x236.jpg 370w, https:\/\/www.fleurdisa.org\/blog\/wp-content\/uploads\/2024\/06\/IMG_20240607_101737-1-200x128.jpg 200w\" sizes=\"auto, (max-width: 756px) 100vw, 756px\" \/><figcaption class=\"wp-element-caption\">St\u00e9phane, Sylvie, Fran\u00e7oise, \u00c9ric et Olivia<\/figcaption><\/figure>\n<\/div>\n<\/div>\n\n\n\n<figure class=\"wp-block-gallery has-nested-images columns-default is-cropped wp-block-gallery-1 is-layout-flex wp-block-gallery-is-layout-flex\">\n<figure class=\"wp-block-image size-large\"><img loading=\"lazy\" decoding=\"async\" width=\"768\" height=\"1024\" data-id=\"7808\" src=\"https:\/\/www.fleurdisa.org\/blog\/wp-content\/uploads\/2024\/06\/20240601_210200_resized-768x1024.jpg\" alt=\"\" class=\"wp-image-7808\" srcset=\"https:\/\/www.fleurdisa.org\/blog\/wp-content\/uploads\/2024\/06\/20240601_210200_resized-768x1024.jpg 768w, https:\/\/www.fleurdisa.org\/blog\/wp-content\/uploads\/2024\/06\/20240601_210200_resized-600x800.jpg 600w, https:\/\/www.fleurdisa.org\/blog\/wp-content\/uploads\/2024\/06\/20240601_210200_resized-278x370.jpg 278w, https:\/\/www.fleurdisa.org\/blog\/wp-content\/uploads\/2024\/06\/20240601_210200_resized-1152x1536.jpg 1152w, https:\/\/www.fleurdisa.org\/blog\/wp-content\/uploads\/2024\/06\/20240601_210200_resized-150x200.jpg 150w, https:\/\/www.fleurdisa.org\/blog\/wp-content\/uploads\/2024\/06\/20240601_210200_resized.jpg 1530w\" sizes=\"auto, (max-width: 768px) 100vw, 768px\" \/><\/figure>\n\n\n\n<figure class=\"wp-block-image size-large\"><img loading=\"lazy\" decoding=\"async\" width=\"1024\" height=\"768\" data-id=\"7809\" src=\"https:\/\/www.fleurdisa.org\/blog\/wp-content\/uploads\/2024\/06\/IMG-20240607-WA0000-1024x768.jpg\" alt=\"\" class=\"wp-image-7809\" srcset=\"https:\/\/www.fleurdisa.org\/blog\/wp-content\/uploads\/2024\/06\/IMG-20240607-WA0000-1024x768.jpg 1024w, https:\/\/www.fleurdisa.org\/blog\/wp-content\/uploads\/2024\/06\/IMG-20240607-WA0000-200x150.jpg 200w, https:\/\/www.fleurdisa.org\/blog\/wp-content\/uploads\/2024\/06\/IMG-20240607-WA0000-600x450.jpg 600w, https:\/\/www.fleurdisa.org\/blog\/wp-content\/uploads\/2024\/06\/IMG-20240607-WA0000-370x278.jpg 370w, https:\/\/www.fleurdisa.org\/blog\/wp-content\/uploads\/2024\/06\/IMG-20240607-WA0000-768x576.jpg 768w, https:\/\/www.fleurdisa.org\/blog\/wp-content\/uploads\/2024\/06\/IMG-20240607-WA0000-1536x1153.jpg 1536w, https:\/\/www.fleurdisa.org\/blog\/wp-content\/uploads\/2024\/06\/IMG-20240607-WA0000.jpg 1599w\" sizes=\"auto, (max-width: 1024px) 100vw, 1024px\" \/><\/figure>\n\n\n\n<figure class=\"wp-block-image size-large\"><img loading=\"lazy\" decoding=\"async\" width=\"1024\" height=\"768\" data-id=\"7810\" src=\"https:\/\/www.fleurdisa.org\/blog\/wp-content\/uploads\/2024\/06\/IMG-20240607-WA0001-1024x768.jpg\" alt=\"\" class=\"wp-image-7810\" srcset=\"https:\/\/www.fleurdisa.org\/blog\/wp-content\/uploads\/2024\/06\/IMG-20240607-WA0001-1024x768.jpg 1024w, https:\/\/www.fleurdisa.org\/blog\/wp-content\/uploads\/2024\/06\/IMG-20240607-WA0001-200x150.jpg 200w, https:\/\/www.fleurdisa.org\/blog\/wp-content\/uploads\/2024\/06\/IMG-20240607-WA0001-600x450.jpg 600w, https:\/\/www.fleurdisa.org\/blog\/wp-content\/uploads\/2024\/06\/IMG-20240607-WA0001-370x278.jpg 370w, https:\/\/www.fleurdisa.org\/blog\/wp-content\/uploads\/2024\/06\/IMG-20240607-WA0001-768x576.jpg 768w, https:\/\/www.fleurdisa.org\/blog\/wp-content\/uploads\/2024\/06\/IMG-20240607-WA0001-1536x1153.jpg 1536w, https:\/\/www.fleurdisa.org\/blog\/wp-content\/uploads\/2024\/06\/IMG-20240607-WA0001.jpg 1599w\" sizes=\"auto, (max-width: 1024px) 100vw, 1024px\" \/><\/figure>\n<\/figure>\n\n\n\n<figure class=\"wp-block-image size-large\"><img loading=\"lazy\" decoding=\"async\" width=\"1024\" height=\"683\" src=\"https:\/\/www.fleurdisa.org\/blog\/wp-content\/uploads\/2024\/06\/Screenshot_20240604-223127_Charente-Libre-2-3-1024x683.jpg\" alt=\"\" class=\"wp-image-7812\" srcset=\"https:\/\/www.fleurdisa.org\/blog\/wp-content\/uploads\/2024\/06\/Screenshot_20240604-223127_Charente-Libre-2-3-1024x683.jpg 1024w, https:\/\/www.fleurdisa.org\/blog\/wp-content\/uploads\/2024\/06\/Screenshot_20240604-223127_Charente-Libre-2-3-600x400.jpg 600w, https:\/\/www.fleurdisa.org\/blog\/wp-content\/uploads\/2024\/06\/Screenshot_20240604-223127_Charente-Libre-2-3-370x247.jpg 370w, https:\/\/www.fleurdisa.org\/blog\/wp-content\/uploads\/2024\/06\/Screenshot_20240604-223127_Charente-Libre-2-3-768x512.jpg 768w, https:\/\/www.fleurdisa.org\/blog\/wp-content\/uploads\/2024\/06\/Screenshot_20240604-223127_Charente-Libre-2-3-200x133.jpg 200w, https:\/\/www.fleurdisa.org\/blog\/wp-content\/uploads\/2024\/06\/Screenshot_20240604-223127_Charente-Libre-2-3.jpg 1200w\" sizes=\"auto, (max-width: 1024px) 100vw, 1024px\" \/><figcaption class=\"wp-element-caption\">Eric, Sylvie, Fran\u00e7oise, Eve, Elsa, Assia, Olivia (Photo de G\u00e9rard Math\u00e9 Charente Libre)<\/figcaption><\/figure>\n","protected":false},"excerpt":{"rendered":"<p>Ce concert a \u00e9t\u00e9 pr\u00e9c\u00e9d\u00e9 par une marche, organis\u00e9e par V\u00e9ronique Saumon, de l&rsquo;association de marcheurs Spiridon. Un groupe de [&hellip;]<\/p>\n","protected":false},"author":8,"featured_media":0,"comment_status":"open","ping_status":"open","sticky":false,"template":"","format":"standard","meta":{"site-sidebar-layout":"default","site-content-layout":"","ast-site-content-layout":"default","site-content-style":"default","site-sidebar-style":"default","ast-global-header-display":"","ast-banner-title-visibility":"","ast-main-header-display":"","ast-hfb-above-header-display":"","ast-hfb-below-header-display":"","ast-hfb-mobile-header-display":"","site-post-title":"","ast-breadcrumbs-content":"","ast-featured-img":"","footer-sml-layout":"","ast-disable-related-posts":"","theme-transparent-header-meta":"","adv-header-id-meta":"","stick-header-meta":"","header-above-stick-meta":"","header-main-stick-meta":"","header-below-stick-meta":"","astra-migrate-meta-layouts":"default","ast-page-background-enabled":"default","ast-page-background-meta":{"desktop":{"background-color":"var(--ast-global-color-5)","background-image":"","background-repeat":"repeat","background-position":"center center","background-size":"auto","background-attachment":"scroll","background-type":"","background-media":"","overlay-type":"","overlay-color":"","overlay-opacity":"","overlay-gradient":""},"tablet":{"background-color":"","background-image":"","background-repeat":"repeat","background-position":"center center","background-size":"auto","background-attachment":"scroll","background-type":"","background-media":"","overlay-type":"","overlay-color":"","overlay-opacity":"","overlay-gradient":""},"mobile":{"background-color":"","background-image":"","background-repeat":"repeat","background-position":"center center","background-size":"auto","background-attachment":"scroll","background-type":"","background-media":"","overlay-type":"","overlay-color":"","overlay-opacity":"","overlay-gradient":""}},"ast-content-background-meta":{"desktop":{"background-color":"var(--ast-global-color-4)","background-image":"","background-repeat":"repeat","background-position":"center center","background-size":"auto","background-attachment":"scroll","background-type":"","background-media":"","overlay-type":"","overlay-color":"","overlay-opacity":"","overlay-gradient":""},"tablet":{"background-color":"var(--ast-global-color-4)","background-image":"","background-repeat":"repeat","background-position":"center center","background-size":"auto","background-attachment":"scroll","background-type":"","background-media":"","overlay-type":"","overlay-color":"","overlay-opacity":"","overlay-gradient":""},"mobile":{"background-color":"var(--ast-global-color-4)","background-image":"","background-repeat":"repeat","background-position":"center center","background-size":"auto","background-attachment":"scroll","background-type":"","background-media":"","overlay-type":"","overlay-color":"","overlay-opacity":"","overlay-gradient":""}},"footnotes":""},"categories":[4,8],"tags":[],"class_list":["post-7782","post","type-post","status-publish","format-standard","hentry","category-manifestations","category-soutiens"],"_links":{"self":[{"href":"https:\/\/www.fleurdisa.org\/blog\/wp-json\/wp\/v2\/posts\/7782","targetHints":{"allow":["GET"]}}],"collection":[{"href":"https:\/\/www.fleurdisa.org\/blog\/wp-json\/wp\/v2\/posts"}],"about":[{"href":"https:\/\/www.fleurdisa.org\/blog\/wp-json\/wp\/v2\/types\/post"}],"author":[{"embeddable":true,"href":"https:\/\/www.fleurdisa.org\/blog\/wp-json\/wp\/v2\/users\/8"}],"replies":[{"embeddable":true,"href":"https:\/\/www.fleurdisa.org\/blog\/wp-json\/wp\/v2\/comments?post=7782"}],"version-history":[{"count":11,"href":"https:\/\/www.fleurdisa.org\/blog\/wp-json\/wp\/v2\/posts\/7782\/revisions"}],"predecessor-version":[{"id":7823,"href":"https:\/\/www.fleurdisa.org\/blog\/wp-json\/wp\/v2\/posts\/7782\/revisions\/7823"}],"wp:attachment":[{"href":"https:\/\/www.fleurdisa.org\/blog\/wp-json\/wp\/v2\/media?parent=7782"}],"wp:term":[{"taxonomy":"category","embeddable":true,"href":"https:\/\/www.fleurdisa.org\/blog\/wp-json\/wp\/v2\/categories?post=7782"},{"taxonomy":"post_tag","embeddable":true,"href":"https:\/\/www.fleurdisa.org\/blog\/wp-json\/wp\/v2\/tags?post=7782"}],"curies":[{"name":"wp","href":"https:\/\/api.w.org\/{rel}","templated":true}]}}