{"id":7608,"date":"2024-04-06T14:11:14","date_gmt":"2024-04-06T12:11:14","guid":{"rendered":"https:\/\/www.fleurdisa.org\/blog\/?p=7608"},"modified":"2024-04-16T11:07:13","modified_gmt":"2024-04-16T09:07:13","slug":"le-salon-des-aidants-a-segonzac-le-05-04-2024","status":"publish","type":"post","link":"https:\/\/www.fleurdisa.org\/blog\/le-salon-des-aidants-a-segonzac-le-05-04-2024\/","title":{"rendered":"Le Salon des aidants \u00e0 Segonzac le 05\/04\/2024"},"content":{"rendered":"\n<p>Le Lyc\u00e9e Professionnel  Claire Champagne a organis\u00e9 la 4e \u00e9dition du Salon des aidants.<\/p>\n\n\n\n<p>Les \u00e9l\u00e8ves ont r\u00e9uni un grand nombre de partenaires (liste ci-dessous). Une organisation r\u00e9ussie, dans un espace agr\u00e9able \ud83d\ude42<\/p>\n\n\n\n<div class=\"wp-block-columns is-layout-flex wp-container-core-columns-is-layout-28f84493 wp-block-columns-is-layout-flex\">\n<div class=\"wp-block-column is-layout-flow wp-block-column-is-layout-flow\" style=\"flex-basis:100%\">\n<div class=\"wp-block-columns is-layout-flex wp-container-core-columns-is-layout-28f84493 wp-block-columns-is-layout-flex\">\n<div class=\"wp-block-column is-layout-flow wp-block-column-is-layout-flow\">\n<figure class=\"wp-block-image size-large\"><img loading=\"lazy\" decoding=\"async\" width=\"1024\" height=\"768\" src=\"https:\/\/www.fleurdisa.org\/blog\/wp-content\/uploads\/2024\/04\/8e959823-e8e1-428b-a3bc-9ae6c08af1c3-1024x768.jpg\" alt=\"\" class=\"wp-image-7609\" srcset=\"https:\/\/www.fleurdisa.org\/blog\/wp-content\/uploads\/2024\/04\/8e959823-e8e1-428b-a3bc-9ae6c08af1c3-1024x768.jpg 1024w, https:\/\/www.fleurdisa.org\/blog\/wp-content\/uploads\/2024\/04\/8e959823-e8e1-428b-a3bc-9ae6c08af1c3-200x150.jpg 200w, https:\/\/www.fleurdisa.org\/blog\/wp-content\/uploads\/2024\/04\/8e959823-e8e1-428b-a3bc-9ae6c08af1c3-600x450.jpg 600w, https:\/\/www.fleurdisa.org\/blog\/wp-content\/uploads\/2024\/04\/8e959823-e8e1-428b-a3bc-9ae6c08af1c3-370x278.jpg 370w, https:\/\/www.fleurdisa.org\/blog\/wp-content\/uploads\/2024\/04\/8e959823-e8e1-428b-a3bc-9ae6c08af1c3-768x576.jpg 768w, https:\/\/www.fleurdisa.org\/blog\/wp-content\/uploads\/2024\/04\/8e959823-e8e1-428b-a3bc-9ae6c08af1c3.jpg 1440w\" sizes=\"auto, (max-width: 1024px) 100vw, 1024px\" \/><figcaption class=\"wp-element-caption\">le stand Fleur d&rsquo;Isa<\/figcaption><\/figure>\n<\/div>\n\n\n\n<div class=\"wp-block-column is-layout-flow wp-block-column-is-layout-flow\">\n<figure class=\"wp-block-image aligncenter size-full is-resized\"><img loading=\"lazy\" decoding=\"async\" width=\"765\" height=\"1020\" src=\"https:\/\/www.fleurdisa.org\/blog\/wp-content\/uploads\/2024\/04\/20240405_121011_resized.jpg\" alt=\"\" class=\"wp-image-7610\" style=\"width:294px;height:auto\" srcset=\"https:\/\/www.fleurdisa.org\/blog\/wp-content\/uploads\/2024\/04\/20240405_121011_resized.jpg 765w, https:\/\/www.fleurdisa.org\/blog\/wp-content\/uploads\/2024\/04\/20240405_121011_resized-600x800.jpg 600w, https:\/\/www.fleurdisa.org\/blog\/wp-content\/uploads\/2024\/04\/20240405_121011_resized-278x370.jpg 278w, https:\/\/www.fleurdisa.org\/blog\/wp-content\/uploads\/2024\/04\/20240405_121011_resized-150x200.jpg 150w\" sizes=\"auto, (max-width: 765px) 100vw, 765px\" \/><figcaption class=\"wp-element-caption\">L&rsquo;espace massage<\/figcaption><\/figure>\n<\/div>\n<\/div>\n<\/div>\n<\/div>\n\n\n\n<div class=\"wp-block-columns is-layout-flex wp-container-core-columns-is-layout-28f84493 wp-block-columns-is-layout-flex\">\n<div class=\"wp-block-column is-layout-flow wp-block-column-is-layout-flow\">\n<figure class=\"wp-block-image size-full\"><img loading=\"lazy\" decoding=\"async\" width=\"1020\" height=\"765\" src=\"https:\/\/www.fleurdisa.org\/blog\/wp-content\/uploads\/2024\/04\/20240405_151004_resized.jpg\" alt=\"\" class=\"wp-image-7612\" srcset=\"https:\/\/www.fleurdisa.org\/blog\/wp-content\/uploads\/2024\/04\/20240405_151004_resized.jpg 1020w, https:\/\/www.fleurdisa.org\/blog\/wp-content\/uploads\/2024\/04\/20240405_151004_resized-200x150.jpg 200w, https:\/\/www.fleurdisa.org\/blog\/wp-content\/uploads\/2024\/04\/20240405_151004_resized-600x450.jpg 600w, https:\/\/www.fleurdisa.org\/blog\/wp-content\/uploads\/2024\/04\/20240405_151004_resized-370x278.jpg 370w, https:\/\/www.fleurdisa.org\/blog\/wp-content\/uploads\/2024\/04\/20240405_151004_resized-768x576.jpg 768w\" sizes=\"auto, (max-width: 1020px) 100vw, 1020px\" \/><\/figure>\n<\/div>\n\n\n\n<div class=\"wp-block-column is-layout-flow wp-block-column-is-layout-flow\">\n<figure class=\"wp-block-image size-full\"><img loading=\"lazy\" decoding=\"async\" width=\"1020\" height=\"765\" src=\"https:\/\/www.fleurdisa.org\/blog\/wp-content\/uploads\/2024\/04\/20240405_151627_resized.jpg\" alt=\"\" class=\"wp-image-7613\" srcset=\"https:\/\/www.fleurdisa.org\/blog\/wp-content\/uploads\/2024\/04\/20240405_151627_resized.jpg 1020w, https:\/\/www.fleurdisa.org\/blog\/wp-content\/uploads\/2024\/04\/20240405_151627_resized-200x150.jpg 200w, https:\/\/www.fleurdisa.org\/blog\/wp-content\/uploads\/2024\/04\/20240405_151627_resized-600x450.jpg 600w, https:\/\/www.fleurdisa.org\/blog\/wp-content\/uploads\/2024\/04\/20240405_151627_resized-370x278.jpg 370w, https:\/\/www.fleurdisa.org\/blog\/wp-content\/uploads\/2024\/04\/20240405_151627_resized-768x576.jpg 768w\" sizes=\"auto, (max-width: 1020px) 100vw, 1020px\" \/><\/figure>\n<\/div>\n\n\n\n<div class=\"wp-block-column is-layout-flow wp-block-column-is-layout-flow\">\n<figure class=\"wp-block-image size-full\"><img loading=\"lazy\" decoding=\"async\" width=\"1020\" height=\"765\" src=\"https:\/\/www.fleurdisa.org\/blog\/wp-content\/uploads\/2024\/04\/20240405_151715_resized.jpg\" alt=\"\" class=\"wp-image-7614\" srcset=\"https:\/\/www.fleurdisa.org\/blog\/wp-content\/uploads\/2024\/04\/20240405_151715_resized.jpg 1020w, https:\/\/www.fleurdisa.org\/blog\/wp-content\/uploads\/2024\/04\/20240405_151715_resized-200x150.jpg 200w, https:\/\/www.fleurdisa.org\/blog\/wp-content\/uploads\/2024\/04\/20240405_151715_resized-600x450.jpg 600w, https:\/\/www.fleurdisa.org\/blog\/wp-content\/uploads\/2024\/04\/20240405_151715_resized-370x278.jpg 370w, https:\/\/www.fleurdisa.org\/blog\/wp-content\/uploads\/2024\/04\/20240405_151715_resized-768x576.jpg 768w\" sizes=\"auto, (max-width: 1020px) 100vw, 1020px\" \/><\/figure>\n<\/div>\n<\/div>\n\n\n\n<ul class=\"wp-block-list\">\n<li><strong>ASP 16 : <\/strong><em>Accompagnement et soins palliatifs pr\u00e9coces <\/em><\/li>\n\n\n\n<li><strong>Equipe mobile de soins palliatifs <\/strong><\/li>\n\n\n\n<li><strong>Association familiale : <\/strong><em>Aide aux actes de la vie quotidienne <\/em><\/li>\n\n\n\n<li><strong>Le CASA : <\/strong><em>Collectif Associatif de Soutien aux Aidants<\/em><\/li>\n\n\n\n<li><strong>Maison de L\u00e9a <\/strong>: Soutien aux <em>proches aidants <\/em>\u2192 <em>conf\u00e9rence 14h30<\/em><\/li>\n\n\n\n<li><strong>Plateforme des aidants : <\/strong><em>Propose une offre de services aux proches aidants<\/em><\/li>\n\n\n\n<li><strong>P<\/strong><strong>l<\/strong><strong>a<\/strong><strong>t<\/strong><strong>e<\/strong><strong>&#8211;<\/strong><strong>f<\/strong><strong>o<\/strong><strong>r<\/strong><strong>m<\/strong><strong>e<\/strong><strong> <\/strong><strong>t<\/strong><strong>e<\/strong><strong>rr<\/strong><strong>i<\/strong><strong>t<\/strong><strong>o<\/strong><strong>r<\/strong><strong>i<\/strong><strong>a<\/strong><strong>l<\/strong><strong>e<\/strong><strong> <\/strong><strong>d<\/strong><strong>&lsquo;<\/strong><strong>app<\/strong><strong>u<\/strong><strong>i<\/strong><strong> <\/strong><strong>:<\/strong><strong> <\/strong><em>F<\/em><em>a<\/em><em>c<\/em><em>i<\/em><em>l<\/em><em>i<\/em><em>t<\/em><em>e<\/em><em>r<\/em><em> <\/em><em>l<\/em><em>e<\/em><em>s<\/em><em> <\/em><em>p<\/em><em>a<\/em><em>r<\/em><em>c<\/em><em>o<\/em><em>u<\/em><em>r<\/em><em>s<\/em><em> <\/em><em>d<\/em><em>e<\/em><em> <\/em><em>s<\/em><em>a<\/em><em>n<\/em><em>t<\/em><em>\u00e9<\/em><em> <\/em><em>e<\/em><em>t<\/em><em> <\/em><em>p<\/em><em>r<\/em><em>\u00e9<\/em><em>s<\/em><em>e<\/em><em>r<\/em><em>v<\/em><em>e<\/em><em>r<\/em><em> <\/em><em>l<\/em><em>\u2019<\/em><em>a<\/em><em>u<\/em><em>t<\/em><em>o<\/em><em>n<\/em><em>o<\/em><em>m<\/em><em>i<\/em><em>e<\/em><\/li>\n\n\n\n<li><strong>Ma boussole aidants : <\/strong><em>Organisme de soutien et de services aux personnes aidantes<\/em><\/li>\n\n\n\n<li><strong>ICOPE<\/strong><strong> <\/strong><strong>:<\/strong><strong> <\/strong><em>Pr\u00e9vention<\/em><em> <\/em><em>de<\/em><em> <\/em><em>la<\/em><em> <\/em><em>d\u00e9pendance<\/em><\/li>\n\n\n\n<li><strong>ASEPT : <\/strong><em>Programmes de promotion de la sant\u00e9<\/em><\/li>\n\n\n\n<li><strong>France Alzheimer<\/strong><\/li>\n\n\n\n<li><strong>France Parkinson<\/strong><\/li>\n\n\n\n<li><strong>Une<\/strong><strong> <\/strong><strong>main<\/strong><strong> <\/strong><strong>sur<\/strong><strong> <\/strong><strong>Votre<\/strong><strong> <\/strong><strong>\u00e9paule<\/strong><strong> <\/strong><em>association<\/em><em> <\/em><em>pour<\/em><em> <\/em><em>personnes<\/em><em> <\/em><em>en<\/em><em> <\/em><em>situation<\/em><em> <\/em><em>de handicap <\/em>\u2192\n<ul class=\"wp-block-list\">\n<li>Expo\/photo<\/li>\n<\/ul>\n<\/li>\n\n\n\n<li><strong>Ligue contre le cancer<\/strong><\/li>\n\n\n\n<li><strong>Fleur d&rsquo;Isa<\/strong> : <em>Soins de support aux malades du Cancer en milieu hospitalier en Charente<\/em><\/li>\n\n\n\n<li><strong>L<\/strong><strong>a<\/strong><strong> <\/strong><strong>c<\/strong><strong>o<\/strong><strong>u<\/strong><strong>rt<\/strong><strong>e<\/strong><strong> <\/strong><strong>\u00e9<\/strong><strong>c<\/strong><strong>h<\/strong><strong>e<\/strong><strong>ll<\/strong><strong>e<\/strong><strong> <\/strong><strong>:<\/strong><strong> <\/strong><em>A<\/em><em>ss<\/em><em>o<\/em><em>c<\/em><em>i<\/em><em>a<\/em><em>t<\/em><em>i<\/em><em>o<\/em><em>n<\/em><em> <\/em><em>d<\/em><em>\u2019<\/em><em>a<\/em><em>cc<\/em><em>o<\/em><em>m<\/em><em>p<\/em><em>a<\/em><em>g<\/em><em>n<\/em><em>e<\/em><em>m<\/em><em>e<\/em><em>n<\/em><em>t<\/em><em> <\/em><em>a<\/em><em>u<\/em><em>x<\/em><em> <\/em><em>m<\/em><em>a<\/em><em>l<\/em><em>a<\/em><em>d<\/em><em>e<\/em><em>s<\/em><em> <\/em><em>d<\/em><em>u<\/em><em> <\/em><em>c<\/em><em>a<\/em><em>n<\/em><em>c<\/em><em>e<\/em><em>r<\/em><\/li>\n\n\n\n<li><strong>Sophrologue <\/strong>\u2192 <strong>atelier (inscription sur le salon)<\/strong><\/li>\n\n\n\n<li><strong>R\u00e9flexologue <\/strong>\u2192 Atelier (inscription sur le salon)<\/li>\n\n\n\n<li>Atelier massage des mains par les \u00e9l\u00e8ves (inscription sur le salon) <\/li>\n\n\n\n<li><strong>Accolade : <\/strong><em>Association : centre de loisirs, ludoth\u00e8que, p\u00f4le jeunes<\/em><\/li>\n\n\n\n<li><strong>M<\/strong><strong>i<\/strong><strong>ss<\/strong><strong>i<\/strong><strong>o<\/strong><strong>n<\/strong><strong> <\/strong><strong>l<\/strong><strong>o<\/strong><strong>c<\/strong><strong>a<\/strong><strong>l<\/strong><strong>e<\/strong><strong> \u00a0<\/strong>Organisme d\u2019accompagnement \u00e0 l\u2019insertion professionnelle et sociale \u2192<\/li>\n\n\n\n<li><strong>UDAF : <\/strong>Accompagnement budg\u00e9taire, consommateurs, d\u00e9pendance, sant\u00e9&#8230;<\/li>\n\n\n\n<li><strong>A<\/strong><strong>D<\/strong><strong>O<\/strong><strong>T<\/strong><strong> <\/strong><strong>1<\/strong><strong>6<\/strong><strong> <\/strong><strong>:<\/strong><strong> <\/strong><em>D<\/em><em>o<\/em><em>n<\/em><em> <\/em><em>d<\/em><em>\u2019<\/em><em>o<\/em><em>r<\/em><em>g<\/em><em>a<\/em><em>n<\/em><em>e<\/em><em>s<\/em><em> <\/em><em>e<\/em><em>t<\/em><em> <\/em><em>d<\/em><em>e<\/em><em> <\/em><em>T<\/em><em>i<\/em><em>ss<\/em><em>u<\/em><em>s<\/em><em> <\/em><em>Hu<\/em><em>m<\/em><em>a<\/em><em>i<\/em><em>n<\/em><em>s<\/em><\/li>\n\n\n\n<li><strong>La Croix Rouge<\/strong><\/li>\n\n\n\n<li><strong>Amicale des donneurs de sang<\/strong><\/li>\n\n\n\n<li><strong>Domitys : <\/strong><em>r\u00e9sidences services seniors<\/em><\/li>\n\n\n\n<li><strong>Ste Marthe- APA : <\/strong>EHPAD \u2192 activit\u00e9 physique adapt\u00e9e<\/li>\n\n\n\n<li><strong>ADMR : <\/strong>Aide \u00e0 domicile en milieu rural<\/li>\n\n\n\n<li><strong>Amadom : <\/strong>Service \u00e0 domicile pour personnes \u00e2g\u00e9es, d\u00e9pendantes, handicap\u00e9es<\/li>\n\n\n\n<li><strong>C<\/strong><strong>e<\/strong><strong>n<\/strong><strong>tr<\/strong><strong>e<\/strong><strong> <\/strong><strong>d<\/strong><strong>\u2019<\/strong><strong>i<\/strong><strong>n<\/strong><strong>f<\/strong><strong>o<\/strong><strong>,<\/strong><strong> <\/strong><strong>d<\/strong><strong>e<\/strong><strong>s<\/strong><strong> <\/strong><strong>d<\/strong><strong>r<\/strong><strong>o<\/strong><strong>i<\/strong><strong>t<\/strong><strong>s<\/strong><strong> <\/strong><strong>d<\/strong><strong>e<\/strong><strong>s<\/strong><strong> <\/strong><strong>f<\/strong><strong>e<\/strong><strong>mm<\/strong><strong>e<\/strong><strong>s<\/strong><strong> <\/strong><strong>e<\/strong><strong>t<\/strong><strong> <\/strong><strong>d<\/strong><strong>e<\/strong><strong>s<\/strong><strong> <\/strong><strong>f<\/strong><strong>a<\/strong><strong>m<\/strong><strong>ill<\/strong><strong>e<\/strong><strong>s<\/strong><strong> <\/strong><strong>:<\/strong><strong> <\/strong><em>A<\/em><em>m<\/em><em>\u00e9<\/em><em>l<\/em><em>i<\/em><em>o<\/em><em>r<\/em><em>e<\/em><em>r<\/em><em> <\/em><em>l<\/em><em>\u2019<\/em><em>a<\/em><em>cc<\/em><em>\u00e8<\/em><em>s<\/em><em> <\/em><em>a<\/em><em>u<\/em><em>x<\/em><em> <\/em><em>d<\/em><em>r<\/em><em>o<\/em><em>i<\/em><em>t<\/em><em>s<\/em><em> <\/em><em>e<\/em><em>t <\/em><em>a<\/em><em>cc<\/em><em>o<\/em><em>m<\/em><em>p<\/em><em>a<\/em><em>g<\/em><em>n<\/em><em>e<\/em><em>r<\/em><em> <\/em><em>v<\/em><em>e<\/em><em>r<\/em><em>s<\/em><em> <\/em><em>l<\/em><em>\u2019<\/em><em>a<\/em><em>u<\/em><em>t<\/em><em>o<\/em><em>n<\/em><em>o<\/em><em>m<\/em><em>i<\/em><em>e<\/em><\/li>\n\n\n\n<li><strong>EHPAD <\/strong><strong><em>Raby Barboteau <\/em><\/strong><em>: accueil \u00e9ph\u00e9m\u00e8re<\/em><\/li>\n\n\n\n<li><strong>Cr\u00e9dit Agricole<\/strong> Atelier emploi <\/li>\n\n\n\n<li><strong>MSA : <\/strong><em>Sant\u00e9 famille retraite et services<\/em><\/li>\n\n\n\n<li><strong>Klesia &#8211; Agirc Arrco : <\/strong><em>Compl\u00e9mentaire des salari\u00e9s du secteur priv\u00e9<\/em><\/li>\n<\/ul>\n","protected":false},"excerpt":{"rendered":"<p>Le Lyc\u00e9e Professionnel Claire Champagne a organis\u00e9 la 4e \u00e9dition du Salon des aidants. Les \u00e9l\u00e8ves ont r\u00e9uni un grand [&hellip;]<\/p>\n","protected":false},"author":8,"featured_media":0,"comment_status":"open","ping_status":"open","sticky":false,"template":"","format":"standard","meta":{"site-sidebar-layout":"default","site-content-layout":"","ast-site-content-layout":"default","site-content-style":"default","site-sidebar-style":"default","ast-global-header-display":"","ast-banner-title-visibility":"","ast-main-header-display":"","ast-hfb-above-header-display":"","ast-hfb-below-header-display":"","ast-hfb-mobile-header-display":"","site-post-title":"","ast-breadcrumbs-content":"","ast-featured-img":"","footer-sml-layout":"","ast-disable-related-posts":"","theme-transparent-header-meta":"","adv-header-id-meta":"","stick-header-meta":"","header-above-stick-meta":"","header-main-stick-meta":"","header-below-stick-meta":"","astra-migrate-meta-layouts":"default","ast-page-background-enabled":"default","ast-page-background-meta":{"desktop":{"background-color":"var(--ast-global-color-5)","background-image":"","background-repeat":"repeat","background-position":"center center","background-size":"auto","background-attachment":"scroll","background-type":"","background-media":"","overlay-type":"","overlay-color":"","overlay-opacity":"","overlay-gradient":""},"tablet":{"background-color":"","background-image":"","background-repeat":"repeat","background-position":"center center","background-size":"auto","background-attachment":"scroll","background-type":"","background-media":"","overlay-type":"","overlay-color":"","overlay-opacity":"","overlay-gradient":""},"mobile":{"background-color":"","background-image":"","background-repeat":"repeat","background-position":"center center","background-size":"auto","background-attachment":"scroll","background-type":"","background-media":"","overlay-type":"","overlay-color":"","overlay-opacity":"","overlay-gradient":""}},"ast-content-background-meta":{"desktop":{"background-color":"var(--ast-global-color-4)","background-image":"","background-repeat":"repeat","background-position":"center center","background-size":"auto","background-attachment":"scroll","background-type":"","background-media":"","overlay-type":"","overlay-color":"","overlay-opacity":"","overlay-gradient":""},"tablet":{"background-color":"var(--ast-global-color-4)","background-image":"","background-repeat":"repeat","background-position":"center center","background-size":"auto","background-attachment":"scroll","background-type":"","background-media":"","overlay-type":"","overlay-color":"","overlay-opacity":"","overlay-gradient":""},"mobile":{"background-color":"var(--ast-global-color-4)","background-image":"","background-repeat":"repeat","background-position":"center center","background-size":"auto","background-attachment":"scroll","background-type":"","background-media":"","overlay-type":"","overlay-color":"","overlay-opacity":"","overlay-gradient":""}},"footnotes":""},"categories":[24],"tags":[],"class_list":["post-7608","post","type-post","status-publish","format-standard","hentry","category-prevention"],"_links":{"self":[{"href":"https:\/\/www.fleurdisa.org\/blog\/wp-json\/wp\/v2\/posts\/7608","targetHints":{"allow":["GET"]}}],"collection":[{"href":"https:\/\/www.fleurdisa.org\/blog\/wp-json\/wp\/v2\/posts"}],"about":[{"href":"https:\/\/www.fleurdisa.org\/blog\/wp-json\/wp\/v2\/types\/post"}],"author":[{"embeddable":true,"href":"https:\/\/www.fleurdisa.org\/blog\/wp-json\/wp\/v2\/users\/8"}],"replies":[{"embeddable":true,"href":"https:\/\/www.fleurdisa.org\/blog\/wp-json\/wp\/v2\/comments?post=7608"}],"version-history":[{"count":1,"href":"https:\/\/www.fleurdisa.org\/blog\/wp-json\/wp\/v2\/posts\/7608\/revisions"}],"predecessor-version":[{"id":7615,"href":"https:\/\/www.fleurdisa.org\/blog\/wp-json\/wp\/v2\/posts\/7608\/revisions\/7615"}],"wp:attachment":[{"href":"https:\/\/www.fleurdisa.org\/blog\/wp-json\/wp\/v2\/media?parent=7608"}],"wp:term":[{"taxonomy":"category","embeddable":true,"href":"https:\/\/www.fleurdisa.org\/blog\/wp-json\/wp\/v2\/categories?post=7608"},{"taxonomy":"post_tag","embeddable":true,"href":"https:\/\/www.fleurdisa.org\/blog\/wp-json\/wp\/v2\/tags?post=7608"}],"curies":[{"name":"wp","href":"https:\/\/api.w.org\/{rel}","templated":true}]}}