{"id":7381,"date":"2024-01-24T10:22:33","date_gmt":"2024-01-24T09:22:33","guid":{"rendered":"https:\/\/www.fleurdisa.org\/blog\/?p=7381"},"modified":"2024-01-24T10:23:09","modified_gmt":"2024-01-24T09:23:09","slug":"aigre-villejesus-remise-de-dons-octobre-rose-23-01-2024","status":"publish","type":"post","link":"https:\/\/www.fleurdisa.org\/blog\/aigre-villejesus-remise-de-dons-octobre-rose-23-01-2024\/","title":{"rendered":"Aigre-Villejesus Remise de dons Octobre Rose 23\/01\/2024"},"content":{"rendered":"\n<p>Charmante soir\u00e9e avec les associations et \u00e9lus de Aigre-Villejesus, dans le cadre de la remise des dons collect\u00e9s, lors du dernier Octobre Rose. Au total <strong>644,42 \u20ac<\/strong> ont \u00e9t\u00e9 remis \u00e0 Fleur d&rsquo;Isa (repr\u00e9sent\u00e9e par Denis, Sylvie et jean-Louis)<\/p>\n\n\n\n<p>Avec : <\/p>\n\n\n\n<ul class=\"wp-block-list\">\n<li>Hubert Marion, Pr\u00e9sident du \u00ab\u00a0Club Handball\u00a0\u00bb fille, ils avaient organis\u00e9 une soir\u00e9e match, ainsi que des ventes de cr\u00eapes et g\u00e2teaux<\/li>\n\n\n\n<li>Didier Videau, Pr\u00e9sident de l&rsquo;association \u00ab\u00a0Jeunesse et Loisirs\u00a0\u00bb, quelques animations, la marche avait \u00e9t\u00e9 malheureusement annul\u00e9e \u00e0 cause des conditions m\u00e9t\u00e9o peu favorables<\/li>\n\n\n\n<li>Roland Vilneau, Pr\u00e9sident du \u00ab\u00a0Comit\u00e9 Foire du Pays d&rsquo;Aigre\u00a0\u00bb<\/li>\n\n\n\n<li>Dominique Hydernaud, Pr\u00e9sident du \u00ab\u00a0Tennis Club\u00a0\u00bb<\/li>\n\n\n\n<li>Renaud Combaud, maire d&rsquo;Aigre<\/li>\n\n\n\n<li>Cyril Jarry, Tr\u00e9sorier du \u00ab\u00a0Comit\u00e9 Foire du Pays d&rsquo;Aigre\u00a0\u00bb<\/li>\n\n\n\n<li>Audrey Cassar, secr\u00e9taire des \u00ab\u00a0Petits Pas d&rsquo;Aigre\u00a0\u00bb (danse)<\/li>\n\n\n\n<li>Francine Chapelle, repr\u00e9sente l&rsquo;association \u00ab\u00a0Gym Danse\u00a0\u00bb<\/li>\n\n\n\n<li>Sylvie Bris, membre du Comit\u00e9 Foire, de Jeunesse et loisirs, Maire-Adjointe en charge des affaires scolaires et des ressources humaines<\/li>\n\n\n\n<li>Brigitte Four\u00e9, Maire d\u00e9l\u00e9gu\u00e9e de Villej\u00e9sus, Maire-Adjointe en charge de l\u2019attractivit\u00e9, et membre de diverses associations<\/li>\n<\/ul>\n\n\n\n<p>Ces associations soutiennent fid\u00e8lement depuis de nombreuses ann\u00e9es Fleur d&rsquo;Isa. Et nous les en remercions. Nous nous sommes dits : au prochain Octobre Rose \ud83d\ude42<\/p>\n\n\n\n<p><\/p>\n\n\n\n<div class=\"wp-block-columns is-layout-flex wp-container-core-columns-is-layout-28f84493 wp-block-columns-is-layout-flex\">\n<div class=\"wp-block-column is-layout-flow wp-block-column-is-layout-flow\">\n<figure class=\"wp-block-image size-full\"><img loading=\"lazy\" decoding=\"async\" width=\"1020\" height=\"765\" src=\"https:\/\/www.fleurdisa.org\/blog\/wp-content\/uploads\/2024\/01\/20240123_184522_resized.jpg\" alt=\"\" class=\"wp-image-7384\" srcset=\"https:\/\/www.fleurdisa.org\/blog\/wp-content\/uploads\/2024\/01\/20240123_184522_resized.jpg 1020w, https:\/\/www.fleurdisa.org\/blog\/wp-content\/uploads\/2024\/01\/20240123_184522_resized-200x150.jpg 200w, https:\/\/www.fleurdisa.org\/blog\/wp-content\/uploads\/2024\/01\/20240123_184522_resized-600x450.jpg 600w, https:\/\/www.fleurdisa.org\/blog\/wp-content\/uploads\/2024\/01\/20240123_184522_resized-370x278.jpg 370w, https:\/\/www.fleurdisa.org\/blog\/wp-content\/uploads\/2024\/01\/20240123_184522_resized-768x576.jpg 768w\" sizes=\"auto, (max-width: 1020px) 100vw, 1020px\" \/><\/figure>\n<\/div>\n\n\n\n<div class=\"wp-block-column is-layout-flow wp-block-column-is-layout-flow\">\n<figure class=\"wp-block-image size-full\"><img loading=\"lazy\" decoding=\"async\" width=\"1020\" height=\"765\" src=\"https:\/\/www.fleurdisa.org\/blog\/wp-content\/uploads\/2024\/01\/20240123_185216_resized-1.jpg\" alt=\"\" class=\"wp-image-7385\" srcset=\"https:\/\/www.fleurdisa.org\/blog\/wp-content\/uploads\/2024\/01\/20240123_185216_resized-1.jpg 1020w, https:\/\/www.fleurdisa.org\/blog\/wp-content\/uploads\/2024\/01\/20240123_185216_resized-1-200x150.jpg 200w, https:\/\/www.fleurdisa.org\/blog\/wp-content\/uploads\/2024\/01\/20240123_185216_resized-1-600x450.jpg 600w, https:\/\/www.fleurdisa.org\/blog\/wp-content\/uploads\/2024\/01\/20240123_185216_resized-1-370x278.jpg 370w, https:\/\/www.fleurdisa.org\/blog\/wp-content\/uploads\/2024\/01\/20240123_185216_resized-1-768x576.jpg 768w\" sizes=\"auto, (max-width: 1020px) 100vw, 1020px\" \/><\/figure>\n<\/div>\n<\/div>\n","protected":false},"excerpt":{"rendered":"<p>Charmante soir\u00e9e avec les associations et \u00e9lus de Aigre-Villejesus, dans le cadre de la remise des dons collect\u00e9s, lors du [&hellip;]<\/p>\n","protected":false},"author":8,"featured_media":0,"comment_status":"open","ping_status":"open","sticky":false,"template":"","format":"standard","meta":{"site-sidebar-layout":"default","site-content-layout":"","ast-site-content-layout":"default","site-content-style":"default","site-sidebar-style":"default","ast-global-header-display":"","ast-banner-title-visibility":"","ast-main-header-display":"","ast-hfb-above-header-display":"","ast-hfb-below-header-display":"","ast-hfb-mobile-header-display":"","site-post-title":"","ast-breadcrumbs-content":"","ast-featured-img":"","footer-sml-layout":"","ast-disable-related-posts":"","theme-transparent-header-meta":"","adv-header-id-meta":"","stick-header-meta":"","header-above-stick-meta":"","header-main-stick-meta":"","header-below-stick-meta":"","astra-migrate-meta-layouts":"default","ast-page-background-enabled":"default","ast-page-background-meta":{"desktop":{"background-color":"var(--ast-global-color-5)","background-image":"","background-repeat":"repeat","background-position":"center center","background-size":"auto","background-attachment":"scroll","background-type":"","background-media":"","overlay-type":"","overlay-color":"","overlay-opacity":"","overlay-gradient":""},"tablet":{"background-color":"","background-image":"","background-repeat":"repeat","background-position":"center center","background-size":"auto","background-attachment":"scroll","background-type":"","background-media":"","overlay-type":"","overlay-color":"","overlay-opacity":"","overlay-gradient":""},"mobile":{"background-color":"","background-image":"","background-repeat":"repeat","background-position":"center center","background-size":"auto","background-attachment":"scroll","background-type":"","background-media":"","overlay-type":"","overlay-color":"","overlay-opacity":"","overlay-gradient":""}},"ast-content-background-meta":{"desktop":{"background-color":"var(--ast-global-color-4)","background-image":"","background-repeat":"repeat","background-position":"center center","background-size":"auto","background-attachment":"scroll","background-type":"","background-media":"","overlay-type":"","overlay-color":"","overlay-opacity":"","overlay-gradient":""},"tablet":{"background-color":"var(--ast-global-color-4)","background-image":"","background-repeat":"repeat","background-position":"center center","background-size":"auto","background-attachment":"scroll","background-type":"","background-media":"","overlay-type":"","overlay-color":"","overlay-opacity":"","overlay-gradient":""},"mobile":{"background-color":"var(--ast-global-color-4)","background-image":"","background-repeat":"repeat","background-position":"center center","background-size":"auto","background-attachment":"scroll","background-type":"","background-media":"","overlay-type":"","overlay-color":"","overlay-opacity":"","overlay-gradient":""}},"footnotes":""},"categories":[4,8],"tags":[],"class_list":["post-7381","post","type-post","status-publish","format-standard","hentry","category-manifestations","category-soutiens"],"_links":{"self":[{"href":"https:\/\/www.fleurdisa.org\/blog\/wp-json\/wp\/v2\/posts\/7381","targetHints":{"allow":["GET"]}}],"collection":[{"href":"https:\/\/www.fleurdisa.org\/blog\/wp-json\/wp\/v2\/posts"}],"about":[{"href":"https:\/\/www.fleurdisa.org\/blog\/wp-json\/wp\/v2\/types\/post"}],"author":[{"embeddable":true,"href":"https:\/\/www.fleurdisa.org\/blog\/wp-json\/wp\/v2\/users\/8"}],"replies":[{"embeddable":true,"href":"https:\/\/www.fleurdisa.org\/blog\/wp-json\/wp\/v2\/comments?post=7381"}],"version-history":[{"count":0,"href":"https:\/\/www.fleurdisa.org\/blog\/wp-json\/wp\/v2\/posts\/7381\/revisions"}],"wp:attachment":[{"href":"https:\/\/www.fleurdisa.org\/blog\/wp-json\/wp\/v2\/media?parent=7381"}],"wp:term":[{"taxonomy":"category","embeddable":true,"href":"https:\/\/www.fleurdisa.org\/blog\/wp-json\/wp\/v2\/categories?post=7381"},{"taxonomy":"post_tag","embeddable":true,"href":"https:\/\/www.fleurdisa.org\/blog\/wp-json\/wp\/v2\/tags?post=7381"}],"curies":[{"name":"wp","href":"https:\/\/api.w.org\/{rel}","templated":true}]}}