{"id":7208,"date":"2023-11-22T13:43:04","date_gmt":"2023-11-22T12:43:04","guid":{"rendered":"https:\/\/www.fleurdisa.org\/blog\/?p=7208"},"modified":"2023-11-25T11:36:49","modified_gmt":"2023-11-25T10:36:49","slug":"remise-de-dons-a-montemboeuf-21-novembre-2023","status":"publish","type":"post","link":"https:\/\/www.fleurdisa.org\/blog\/remise-de-dons-a-montemboeuf-21-novembre-2023\/","title":{"rendered":"Remise de dons \u00e0 Montemboeuf 21 Novembre 2023"},"content":{"rendered":"\n<p>Carole Texier (via l&rsquo;association d&rsquo;Animation et d&rsquo;Education populaire du canton de Montemboeuf) a tenu cette ann\u00e9e \u00e0 organiser des actions au profit de Fleur d&rsquo;Isa, actions tout au long du mois d&rsquo;Octobre (vente de rubans, &#8230;), ainsi qu&rsquo;une marche le 30 Octobre. Elle n&rsquo;a malheureusement pu avoir lieu, les conditions m\u00e9t\u00e9o ne l&rsquo;ayant pas permis. Mais qu&rsquo;\u00e0 cela ne tienne, la marche a \u00e9t\u00e9 remplac\u00e9e au pied lev\u00e9, par un petit ap\u00e9ritif avec charcuterie.<\/p>\n\n\n\n<p>L&rsquo;association nous a remis 400 \u20ac , et nous lui en sommes tr\u00e8s reconnaissants.<\/p>\n\n\n\n<figure class=\"wp-block-image aligncenter size-full is-resized\"><img loading=\"lazy\" decoding=\"async\" width=\"1020\" height=\"459\" src=\"https:\/\/www.fleurdisa.org\/blog\/wp-content\/uploads\/2023\/11\/20231121_161847_resized.jpg\" alt=\"\" class=\"wp-image-7209\" style=\"width:499px;height:auto\" srcset=\"https:\/\/www.fleurdisa.org\/blog\/wp-content\/uploads\/2023\/11\/20231121_161847_resized.jpg 1020w, https:\/\/www.fleurdisa.org\/blog\/wp-content\/uploads\/2023\/11\/20231121_161847_resized-600x270.jpg 600w, https:\/\/www.fleurdisa.org\/blog\/wp-content\/uploads\/2023\/11\/20231121_161847_resized-370x167.jpg 370w, https:\/\/www.fleurdisa.org\/blog\/wp-content\/uploads\/2023\/11\/20231121_161847_resized-768x346.jpg 768w, https:\/\/www.fleurdisa.org\/blog\/wp-content\/uploads\/2023\/11\/20231121_161847_resized-200x90.jpg 200w\" sizes=\"auto, (max-width: 1020px) 100vw, 1020px\" \/><\/figure>\n","protected":false},"excerpt":{"rendered":"<p>Carole Texier (via l&rsquo;association d&rsquo;Animation et d&rsquo;Education populaire du canton de Montemboeuf) a tenu cette ann\u00e9e \u00e0 organiser des actions [&hellip;]<\/p>\n","protected":false},"author":8,"featured_media":0,"comment_status":"open","ping_status":"open","sticky":false,"template":"","format":"standard","meta":{"site-sidebar-layout":"default","site-content-layout":"","ast-site-content-layout":"default","site-content-style":"default","site-sidebar-style":"default","ast-global-header-display":"","ast-banner-title-visibility":"","ast-main-header-display":"","ast-hfb-above-header-display":"","ast-hfb-below-header-display":"","ast-hfb-mobile-header-display":"","site-post-title":"","ast-breadcrumbs-content":"","ast-featured-img":"","footer-sml-layout":"","ast-disable-related-posts":"","theme-transparent-header-meta":"","adv-header-id-meta":"","stick-header-meta":"","header-above-stick-meta":"","header-main-stick-meta":"","header-below-stick-meta":"","astra-migrate-meta-layouts":"default","ast-page-background-enabled":"default","ast-page-background-meta":{"desktop":{"background-color":"var(--ast-global-color-5)","background-image":"","background-repeat":"repeat","background-position":"center center","background-size":"auto","background-attachment":"scroll","background-type":"","background-media":"","overlay-type":"","overlay-color":"","overlay-opacity":"","overlay-gradient":""},"tablet":{"background-color":"","background-image":"","background-repeat":"repeat","background-position":"center center","background-size":"auto","background-attachment":"scroll","background-type":"","background-media":"","overlay-type":"","overlay-color":"","overlay-opacity":"","overlay-gradient":""},"mobile":{"background-color":"","background-image":"","background-repeat":"repeat","background-position":"center center","background-size":"auto","background-attachment":"scroll","background-type":"","background-media":"","overlay-type":"","overlay-color":"","overlay-opacity":"","overlay-gradient":""}},"ast-content-background-meta":{"desktop":{"background-color":"var(--ast-global-color-4)","background-image":"","background-repeat":"repeat","background-position":"center center","background-size":"auto","background-attachment":"scroll","background-type":"","background-media":"","overlay-type":"","overlay-color":"","overlay-opacity":"","overlay-gradient":""},"tablet":{"background-color":"var(--ast-global-color-4)","background-image":"","background-repeat":"repeat","background-position":"center center","background-size":"auto","background-attachment":"scroll","background-type":"","background-media":"","overlay-type":"","overlay-color":"","overlay-opacity":"","overlay-gradient":""},"mobile":{"background-color":"var(--ast-global-color-4)","background-image":"","background-repeat":"repeat","background-position":"center center","background-size":"auto","background-attachment":"scroll","background-type":"","background-media":"","overlay-type":"","overlay-color":"","overlay-opacity":"","overlay-gradient":""}},"footnotes":""},"categories":[4,8],"tags":[],"class_list":["post-7208","post","type-post","status-publish","format-standard","hentry","category-manifestations","category-soutiens"],"_links":{"self":[{"href":"https:\/\/www.fleurdisa.org\/blog\/wp-json\/wp\/v2\/posts\/7208","targetHints":{"allow":["GET"]}}],"collection":[{"href":"https:\/\/www.fleurdisa.org\/blog\/wp-json\/wp\/v2\/posts"}],"about":[{"href":"https:\/\/www.fleurdisa.org\/blog\/wp-json\/wp\/v2\/types\/post"}],"author":[{"embeddable":true,"href":"https:\/\/www.fleurdisa.org\/blog\/wp-json\/wp\/v2\/users\/8"}],"replies":[{"embeddable":true,"href":"https:\/\/www.fleurdisa.org\/blog\/wp-json\/wp\/v2\/comments?post=7208"}],"version-history":[{"count":0,"href":"https:\/\/www.fleurdisa.org\/blog\/wp-json\/wp\/v2\/posts\/7208\/revisions"}],"wp:attachment":[{"href":"https:\/\/www.fleurdisa.org\/blog\/wp-json\/wp\/v2\/media?parent=7208"}],"wp:term":[{"taxonomy":"category","embeddable":true,"href":"https:\/\/www.fleurdisa.org\/blog\/wp-json\/wp\/v2\/categories?post=7208"},{"taxonomy":"post_tag","embeddable":true,"href":"https:\/\/www.fleurdisa.org\/blog\/wp-json\/wp\/v2\/tags?post=7208"}],"curies":[{"name":"wp","href":"https:\/\/api.w.org\/{rel}","templated":true}]}}