{"id":6340,"date":"2023-05-02T21:16:53","date_gmt":"2023-05-02T19:16:53","guid":{"rendered":"https:\/\/www.fleurdisa.org\/blog\/?p=6340"},"modified":"2024-06-23T12:22:39","modified_gmt":"2024-06-23T10:22:39","slug":"musiques-baroques-a-neuvicq-le-chateau-2023","status":"publish","type":"post","link":"https:\/\/www.fleurdisa.org\/blog\/musiques-baroques-a-neuvicq-le-chateau-2023\/","title":{"rendered":"Concert de Musiques baroques \u00e0 Neuvicq 2023"},"content":{"rendered":"\n<p>Encore un concert d\u2019une qualit\u00e9 exceptionnelle donn\u00e9 par Les Resjouissances Baroques ce dimanche 30 avril apr\u00e8s-midi \u00e0 Neuvicq le Ch\u00e2teau.<\/p>\n\n\n\n<p>Concert avec au hautbois baroque Antoine, au traverso, Martine, \u00e0 la viole de gambe, Marianne et au clavecin Jean, sous la houlette d\u2019\u00c9ric.<\/p>\n\n\n\n<p>Gr\u00e2ce \u00e0 la g\u00e9n\u00e9rosit\u00e9 de l\u2019AMACS et sa dynamique pr\u00e9sidente Guilaine BAUDRIT, de Monsieur le Maire Pierre DENECHERE et au talent de nos amis musiciens, Fleur d\u2019Isa a b\u00e9n\u00e9fici\u00e9 d\u2019un soutien permettant de poursuivre son offre de soin de support aux malades du cancer en Charente.<\/p>\n\n\n\n<p>Les entr\u00e9es pour la r\u00e9ouverture de la visite du ch\u00e2teau et pour le concert ont permis de remettre 377,50 \u20ac \u00e0 Fleur d\u2019Isa. Des coquelicots ont aussi \u00e9t\u00e9 vendus.<\/p>\n\n\n\n<p>L\u2019AMACS poursuit la r\u00e9novation du ch\u00e2teau et vous pouvez d\u00e9couvrir tout l\u2019\u00e9t\u00e9 diff\u00e9rentes expositions dans l\u2019ensemble des salles remises en \u00e9tat.<\/p>\n\n\n\n<p>Merci pour ce beau et fid\u00e8le geste de soutien.<\/p>\n\n\n\n<div class=\"wp-block-columns is-layout-flex wp-container-core-columns-is-layout-28f84493 wp-block-columns-is-layout-flex\">\n<div class=\"wp-block-column is-layout-flow wp-block-column-is-layout-flow\">\n<figure class=\"wp-block-image size-full\"><img loading=\"lazy\" decoding=\"async\" width=\"480\" height=\"640\" src=\"https:\/\/www.fleurdisa.org\/blog\/wp-content\/uploads\/2023\/05\/M.-le-Maire-ouvre-le-concert-rotated.jpg\" alt=\"\" class=\"wp-image-6341\" srcset=\"https:\/\/www.fleurdisa.org\/blog\/wp-content\/uploads\/2023\/05\/M.-le-Maire-ouvre-le-concert-rotated.jpg 480w, https:\/\/www.fleurdisa.org\/blog\/wp-content\/uploads\/2023\/05\/M.-le-Maire-ouvre-le-concert-278x370.jpg 278w, https:\/\/www.fleurdisa.org\/blog\/wp-content\/uploads\/2023\/05\/M.-le-Maire-ouvre-le-concert-150x200.jpg 150w\" sizes=\"auto, (max-width: 480px) 100vw, 480px\" \/><figcaption class=\"wp-element-caption\">Monsieur le Maire ouvre le concert<\/figcaption><\/figure>\n<\/div>\n\n\n\n<div class=\"wp-block-column is-layout-flow wp-block-column-is-layout-flow\">\n<figure class=\"wp-block-image size-full\"><img loading=\"lazy\" decoding=\"async\" width=\"480\" height=\"640\" src=\"https:\/\/www.fleurdisa.org\/blog\/wp-content\/uploads\/2023\/05\/IMG_2620-rotated.jpg\" alt=\"\" class=\"wp-image-6342\" srcset=\"https:\/\/www.fleurdisa.org\/blog\/wp-content\/uploads\/2023\/05\/IMG_2620-rotated.jpg 480w, https:\/\/www.fleurdisa.org\/blog\/wp-content\/uploads\/2023\/05\/IMG_2620-278x370.jpg 278w, https:\/\/www.fleurdisa.org\/blog\/wp-content\/uploads\/2023\/05\/IMG_2620-150x200.jpg 150w\" sizes=\"auto, (max-width: 480px) 100vw, 480px\" \/><figcaption class=\"wp-element-caption\">Antoine, Martine, Mariane et Jean<\/figcaption><\/figure>\n<\/div>\n\n\n\n<div class=\"wp-block-column is-layout-flow wp-block-column-is-layout-flow\">\n<figure class=\"wp-block-image size-full\"><img loading=\"lazy\" decoding=\"async\" width=\"480\" height=\"640\" src=\"https:\/\/www.fleurdisa.org\/blog\/wp-content\/uploads\/2023\/05\/IMG_2621-rotated.jpg\" alt=\"\" class=\"wp-image-6345\" srcset=\"https:\/\/www.fleurdisa.org\/blog\/wp-content\/uploads\/2023\/05\/IMG_2621-rotated.jpg 480w, https:\/\/www.fleurdisa.org\/blog\/wp-content\/uploads\/2023\/05\/IMG_2621-278x370.jpg 278w, https:\/\/www.fleurdisa.org\/blog\/wp-content\/uploads\/2023\/05\/IMG_2621-150x200.jpg 150w\" sizes=\"auto, (max-width: 480px) 100vw, 480px\" \/><\/figure>\n<\/div>\n<\/div>\n\n\n\n<div class=\"wp-block-columns is-layout-flex wp-container-core-columns-is-layout-28f84493 wp-block-columns-is-layout-flex\">\n<div class=\"wp-block-column is-layout-flow wp-block-column-is-layout-flow\">\n<figure class=\"wp-block-image size-full\"><img loading=\"lazy\" decoding=\"async\" width=\"640\" height=\"480\" src=\"https:\/\/www.fleurdisa.org\/blog\/wp-content\/uploads\/2023\/05\/Lensemble-des-artistes-presentes-par-Eric.jpg\" alt=\"\" class=\"wp-image-6344\" srcset=\"https:\/\/www.fleurdisa.org\/blog\/wp-content\/uploads\/2023\/05\/Lensemble-des-artistes-presentes-par-Eric.jpg 640w, https:\/\/www.fleurdisa.org\/blog\/wp-content\/uploads\/2023\/05\/Lensemble-des-artistes-presentes-par-Eric-200x150.jpg 200w, https:\/\/www.fleurdisa.org\/blog\/wp-content\/uploads\/2023\/05\/Lensemble-des-artistes-presentes-par-Eric-600x450.jpg 600w, https:\/\/www.fleurdisa.org\/blog\/wp-content\/uploads\/2023\/05\/Lensemble-des-artistes-presentes-par-Eric-370x278.jpg 370w\" sizes=\"auto, (max-width: 640px) 100vw, 640px\" \/><figcaption class=\"wp-element-caption\">Pr\u00e9sentation des musiciens par Eric<\/figcaption><\/figure>\n<\/div>\n\n\n\n<div class=\"wp-block-column is-layout-flow wp-block-column-is-layout-flow\">\n<figure class=\"wp-block-image size-full\"><img loading=\"lazy\" decoding=\"async\" width=\"640\" height=\"480\" src=\"https:\/\/www.fleurdisa.org\/blog\/wp-content\/uploads\/2023\/05\/IMG_2622.jpg\" alt=\"\" class=\"wp-image-6343\" srcset=\"https:\/\/www.fleurdisa.org\/blog\/wp-content\/uploads\/2023\/05\/IMG_2622.jpg 640w, https:\/\/www.fleurdisa.org\/blog\/wp-content\/uploads\/2023\/05\/IMG_2622-200x150.jpg 200w, https:\/\/www.fleurdisa.org\/blog\/wp-content\/uploads\/2023\/05\/IMG_2622-600x450.jpg 600w, https:\/\/www.fleurdisa.org\/blog\/wp-content\/uploads\/2023\/05\/IMG_2622-370x278.jpg 370w\" sizes=\"auto, (max-width: 640px) 100vw, 640px\" \/><\/figure>\n<\/div>\n<\/div>\n\n\n\n<div class=\"wp-block-columns is-layout-flex wp-container-core-columns-is-layout-28f84493 wp-block-columns-is-layout-flex\">\n<div class=\"wp-block-column is-layout-flow wp-block-column-is-layout-flow\">\n<figure class=\"wp-block-image size-large\"><img loading=\"lazy\" decoding=\"async\" width=\"1024\" height=\"768\" src=\"https:\/\/www.fleurdisa.org\/blog\/wp-content\/uploads\/2023\/05\/Presentation-de-lassociation-sous-le-regard-de-M.-le-Maire-1024x768.jpg\" alt=\"\" class=\"wp-image-6347\" srcset=\"https:\/\/www.fleurdisa.org\/blog\/wp-content\/uploads\/2023\/05\/Presentation-de-lassociation-sous-le-regard-de-M.-le-Maire-1024x768.jpg 1024w, https:\/\/www.fleurdisa.org\/blog\/wp-content\/uploads\/2023\/05\/Presentation-de-lassociation-sous-le-regard-de-M.-le-Maire-200x150.jpg 200w, https:\/\/www.fleurdisa.org\/blog\/wp-content\/uploads\/2023\/05\/Presentation-de-lassociation-sous-le-regard-de-M.-le-Maire-600x450.jpg 600w, https:\/\/www.fleurdisa.org\/blog\/wp-content\/uploads\/2023\/05\/Presentation-de-lassociation-sous-le-regard-de-M.-le-Maire-370x278.jpg 370w, https:\/\/www.fleurdisa.org\/blog\/wp-content\/uploads\/2023\/05\/Presentation-de-lassociation-sous-le-regard-de-M.-le-Maire-768x576.jpg 768w, https:\/\/www.fleurdisa.org\/blog\/wp-content\/uploads\/2023\/05\/Presentation-de-lassociation-sous-le-regard-de-M.-le-Maire.jpg 1080w\" sizes=\"auto, (max-width: 1024px) 100vw, 1024px\" \/><figcaption class=\"wp-element-caption\">Pr\u00e9sentation de Fleur d&rsquo;Isa par Fran\u00e7oise, sous le regard de Monsieur le Maire.<\/figcaption><\/figure>\n<\/div>\n\n\n\n<div class=\"wp-block-column is-layout-flow wp-block-column-is-layout-flow\">\n<figure class=\"wp-block-image aligncenter size-large is-resized\"><img loading=\"lazy\" decoding=\"async\" src=\"https:\/\/www.fleurdisa.org\/blog\/wp-content\/uploads\/2023\/05\/20230430_191954-799x1024.jpg\" alt=\"\" class=\"wp-image-6346\" width=\"238\" height=\"305\" srcset=\"https:\/\/www.fleurdisa.org\/blog\/wp-content\/uploads\/2023\/05\/20230430_191954-799x1024.jpg 799w, https:\/\/www.fleurdisa.org\/blog\/wp-content\/uploads\/2023\/05\/20230430_191954-600x769.jpg 600w, https:\/\/www.fleurdisa.org\/blog\/wp-content\/uploads\/2023\/05\/20230430_191954-289x370.jpg 289w, https:\/\/www.fleurdisa.org\/blog\/wp-content\/uploads\/2023\/05\/20230430_191954-768x984.jpg 768w, https:\/\/www.fleurdisa.org\/blog\/wp-content\/uploads\/2023\/05\/20230430_191954-1198x1536.jpg 1198w, https:\/\/www.fleurdisa.org\/blog\/wp-content\/uploads\/2023\/05\/20230430_191954-156x200.jpg 156w, https:\/\/www.fleurdisa.org\/blog\/wp-content\/uploads\/2023\/05\/20230430_191954.jpg 1338w\" sizes=\"auto, (max-width: 238px) 100vw, 238px\" \/><figcaption class=\"wp-element-caption\">monument historique du 15\u00e8me si\u00e8cle, de style gothique flamboyant<\/figcaption><\/figure>\n<\/div>\n<\/div>\n","protected":false},"excerpt":{"rendered":"<p>Encore un concert d\u2019une qualit\u00e9 exceptionnelle donn\u00e9 par Les Resjouissances Baroques ce dimanche 30 avril apr\u00e8s-midi \u00e0 Neuvicq le Ch\u00e2teau. [&hellip;]<\/p>\n","protected":false},"author":5,"featured_media":0,"comment_status":"open","ping_status":"open","sticky":false,"template":"","format":"standard","meta":{"site-sidebar-layout":"default","site-content-layout":"","ast-site-content-layout":"default","site-content-style":"default","site-sidebar-style":"default","ast-global-header-display":"","ast-banner-title-visibility":"","ast-main-header-display":"","ast-hfb-above-header-display":"","ast-hfb-below-header-display":"","ast-hfb-mobile-header-display":"","site-post-title":"","ast-breadcrumbs-content":"","ast-featured-img":"","footer-sml-layout":"","ast-disable-related-posts":"","theme-transparent-header-meta":"","adv-header-id-meta":"","stick-header-meta":"","header-above-stick-meta":"","header-main-stick-meta":"","header-below-stick-meta":"","astra-migrate-meta-layouts":"default","ast-page-background-enabled":"default","ast-page-background-meta":{"desktop":{"background-color":"var(--ast-global-color-5)","background-image":"","background-repeat":"repeat","background-position":"center center","background-size":"auto","background-attachment":"scroll","background-type":"","background-media":"","overlay-type":"","overlay-color":"","overlay-opacity":"","overlay-gradient":""},"tablet":{"background-color":"","background-image":"","background-repeat":"repeat","background-position":"center center","background-size":"auto","background-attachment":"scroll","background-type":"","background-media":"","overlay-type":"","overlay-color":"","overlay-opacity":"","overlay-gradient":""},"mobile":{"background-color":"","background-image":"","background-repeat":"repeat","background-position":"center center","background-size":"auto","background-attachment":"scroll","background-type":"","background-media":"","overlay-type":"","overlay-color":"","overlay-opacity":"","overlay-gradient":""}},"ast-content-background-meta":{"desktop":{"background-color":"var(--ast-global-color-4)","background-image":"","background-repeat":"repeat","background-position":"center center","background-size":"auto","background-attachment":"scroll","background-type":"","background-media":"","overlay-type":"","overlay-color":"","overlay-opacity":"","overlay-gradient":""},"tablet":{"background-color":"var(--ast-global-color-4)","background-image":"","background-repeat":"repeat","background-position":"center center","background-size":"auto","background-attachment":"scroll","background-type":"","background-media":"","overlay-type":"","overlay-color":"","overlay-opacity":"","overlay-gradient":""},"mobile":{"background-color":"var(--ast-global-color-4)","background-image":"","background-repeat":"repeat","background-position":"center center","background-size":"auto","background-attachment":"scroll","background-type":"","background-media":"","overlay-type":"","overlay-color":"","overlay-opacity":"","overlay-gradient":""}},"footnotes":""},"categories":[4,8],"tags":[],"class_list":["post-6340","post","type-post","status-publish","format-standard","hentry","category-manifestations","category-soutiens"],"_links":{"self":[{"href":"https:\/\/www.fleurdisa.org\/blog\/wp-json\/wp\/v2\/posts\/6340","targetHints":{"allow":["GET"]}}],"collection":[{"href":"https:\/\/www.fleurdisa.org\/blog\/wp-json\/wp\/v2\/posts"}],"about":[{"href":"https:\/\/www.fleurdisa.org\/blog\/wp-json\/wp\/v2\/types\/post"}],"author":[{"embeddable":true,"href":"https:\/\/www.fleurdisa.org\/blog\/wp-json\/wp\/v2\/users\/5"}],"replies":[{"embeddable":true,"href":"https:\/\/www.fleurdisa.org\/blog\/wp-json\/wp\/v2\/comments?post=6340"}],"version-history":[{"count":2,"href":"https:\/\/www.fleurdisa.org\/blog\/wp-json\/wp\/v2\/posts\/6340\/revisions"}],"predecessor-version":[{"id":7854,"href":"https:\/\/www.fleurdisa.org\/blog\/wp-json\/wp\/v2\/posts\/6340\/revisions\/7854"}],"wp:attachment":[{"href":"https:\/\/www.fleurdisa.org\/blog\/wp-json\/wp\/v2\/media?parent=6340"}],"wp:term":[{"taxonomy":"category","embeddable":true,"href":"https:\/\/www.fleurdisa.org\/blog\/wp-json\/wp\/v2\/categories?post=6340"},{"taxonomy":"post_tag","embeddable":true,"href":"https:\/\/www.fleurdisa.org\/blog\/wp-json\/wp\/v2\/tags?post=6340"}],"curies":[{"name":"wp","href":"https:\/\/api.w.org\/{rel}","templated":true}]}}