{"id":6167,"date":"2023-03-20T14:00:08","date_gmt":"2023-03-20T13:00:08","guid":{"rendered":"https:\/\/www.fleurdisa.org\/blog\/?p=6167"},"modified":"2023-03-30T17:40:28","modified_gmt":"2023-03-30T15:40:28","slug":"operation-sensibilisation-a-la-prevention-au-lpa-lycee-professionnel-agricole-de-salles-de-barbezieux","status":"publish","type":"post","link":"https:\/\/www.fleurdisa.org\/blog\/operation-sensibilisation-a-la-prevention-au-lpa-lycee-professionnel-agricole-de-salles-de-barbezieux\/","title":{"rendered":"Op\u00e9ration sensibilisation \u00e0 la pr\u00e9vention au LPA (Lyc\u00e9e Professionnel Agricole) de Salles de Barbezieux"},"content":{"rendered":"\n<figure class=\"wp-block-image aligncenter size-full is-resized\"><img loading=\"lazy\" decoding=\"async\" src=\"https:\/\/www.fleurdisa.org\/blog\/wp-content\/uploads\/2023\/03\/LPA-salles-de-Barbezieux-avion.png\" alt=\"\" class=\"wp-image-6170\" width=\"521\" height=\"347\" srcset=\"https:\/\/www.fleurdisa.org\/blog\/wp-content\/uploads\/2023\/03\/LPA-salles-de-Barbezieux-avion.png 699w, https:\/\/www.fleurdisa.org\/blog\/wp-content\/uploads\/2023\/03\/LPA-salles-de-Barbezieux-avion-600x400.png 600w, https:\/\/www.fleurdisa.org\/blog\/wp-content\/uploads\/2023\/03\/LPA-salles-de-Barbezieux-avion-370x247.png 370w, https:\/\/www.fleurdisa.org\/blog\/wp-content\/uploads\/2023\/03\/LPA-salles-de-Barbezieux-avion-200x133.png 200w\" sizes=\"auto, (max-width: 521px) 100vw, 521px\" \/><\/figure>\n\n\n\n<p>Le 22 mars 2023 Fran\u00e7oise CAPDEVIELLE et Dani\u00e8le COLIN ont assur\u00e9 une pr\u00e9sentation de Fleur d\u2019Isa et une intervention sur la pr\u00e9vention et le d\u00e9pistage au Lyc\u00e9e Professionnel Agricole de Salles de Barbezieux.<\/p>\n\n\n\n<p>Cette s\u00e9ance \u00e9tait organis\u00e9e par Mme Emmanuelle CROSSON (infirmi\u00e8re). Une introduction \u00e0 notre pr\u00e9sentation a \u00e9t\u00e9 faite par M. Hugues MORVAN, le CPE de l\u2019\u00e9tablissement.<\/p>\n\n\n\n<p>Des \u00e9l\u00e8ves de terminale et de seconde, en cursus, service \u00e0 la personne ont particip\u00e9 aux \u00e9changes.<\/p>\n","protected":false},"excerpt":{"rendered":"<p>Le 22 mars 2023 Fran\u00e7oise CAPDEVIELLE et Dani\u00e8le COLIN ont assur\u00e9 une pr\u00e9sentation de Fleur d\u2019Isa et une intervention sur [&hellip;]<\/p>\n","protected":false},"author":8,"featured_media":0,"comment_status":"open","ping_status":"open","sticky":false,"template":"","format":"standard","meta":{"site-sidebar-layout":"default","site-content-layout":"","ast-site-content-layout":"default","site-content-style":"default","site-sidebar-style":"default","ast-global-header-display":"","ast-banner-title-visibility":"","ast-main-header-display":"","ast-hfb-above-header-display":"","ast-hfb-below-header-display":"","ast-hfb-mobile-header-display":"","site-post-title":"","ast-breadcrumbs-content":"","ast-featured-img":"","footer-sml-layout":"","ast-disable-related-posts":"","theme-transparent-header-meta":"","adv-header-id-meta":"","stick-header-meta":"","header-above-stick-meta":"","header-main-stick-meta":"","header-below-stick-meta":"","astra-migrate-meta-layouts":"default","ast-page-background-enabled":"default","ast-page-background-meta":{"desktop":{"background-color":"var(--ast-global-color-5)","background-image":"","background-repeat":"repeat","background-position":"center center","background-size":"auto","background-attachment":"scroll","background-type":"","background-media":"","overlay-type":"","overlay-color":"","overlay-opacity":"","overlay-gradient":""},"tablet":{"background-color":"","background-image":"","background-repeat":"repeat","background-position":"center center","background-size":"auto","background-attachment":"scroll","background-type":"","background-media":"","overlay-type":"","overlay-color":"","overlay-opacity":"","overlay-gradient":""},"mobile":{"background-color":"","background-image":"","background-repeat":"repeat","background-position":"center center","background-size":"auto","background-attachment":"scroll","background-type":"","background-media":"","overlay-type":"","overlay-color":"","overlay-opacity":"","overlay-gradient":""}},"ast-content-background-meta":{"desktop":{"background-color":"var(--ast-global-color-4)","background-image":"","background-repeat":"repeat","background-position":"center center","background-size":"auto","background-attachment":"scroll","background-type":"","background-media":"","overlay-type":"","overlay-color":"","overlay-opacity":"","overlay-gradient":""},"tablet":{"background-color":"var(--ast-global-color-4)","background-image":"","background-repeat":"repeat","background-position":"center center","background-size":"auto","background-attachment":"scroll","background-type":"","background-media":"","overlay-type":"","overlay-color":"","overlay-opacity":"","overlay-gradient":""},"mobile":{"background-color":"var(--ast-global-color-4)","background-image":"","background-repeat":"repeat","background-position":"center center","background-size":"auto","background-attachment":"scroll","background-type":"","background-media":"","overlay-type":"","overlay-color":"","overlay-opacity":"","overlay-gradient":""}},"footnotes":""},"categories":[24],"tags":[],"class_list":["post-6167","post","type-post","status-publish","format-standard","hentry","category-prevention"],"_links":{"self":[{"href":"https:\/\/www.fleurdisa.org\/blog\/wp-json\/wp\/v2\/posts\/6167","targetHints":{"allow":["GET"]}}],"collection":[{"href":"https:\/\/www.fleurdisa.org\/blog\/wp-json\/wp\/v2\/posts"}],"about":[{"href":"https:\/\/www.fleurdisa.org\/blog\/wp-json\/wp\/v2\/types\/post"}],"author":[{"embeddable":true,"href":"https:\/\/www.fleurdisa.org\/blog\/wp-json\/wp\/v2\/users\/8"}],"replies":[{"embeddable":true,"href":"https:\/\/www.fleurdisa.org\/blog\/wp-json\/wp\/v2\/comments?post=6167"}],"version-history":[{"count":0,"href":"https:\/\/www.fleurdisa.org\/blog\/wp-json\/wp\/v2\/posts\/6167\/revisions"}],"wp:attachment":[{"href":"https:\/\/www.fleurdisa.org\/blog\/wp-json\/wp\/v2\/media?parent=6167"}],"wp:term":[{"taxonomy":"category","embeddable":true,"href":"https:\/\/www.fleurdisa.org\/blog\/wp-json\/wp\/v2\/categories?post=6167"},{"taxonomy":"post_tag","embeddable":true,"href":"https:\/\/www.fleurdisa.org\/blog\/wp-json\/wp\/v2\/tags?post=6167"}],"curies":[{"name":"wp","href":"https:\/\/api.w.org\/{rel}","templated":true}]}}