{"id":6119,"date":"2023-03-29T17:37:57","date_gmt":"2023-03-29T15:37:57","guid":{"rendered":"https:\/\/www.fleurdisa.org\/blog\/?p=6119"},"modified":"2023-03-30T21:57:05","modified_gmt":"2023-03-30T19:57:05","slug":"assemblee-generale-2023","status":"publish","type":"post","link":"https:\/\/www.fleurdisa.org\/blog\/assemblee-generale-2023\/","title":{"rendered":"Assembl\u00e9e g\u00e9n\u00e9rale 2023"},"content":{"rendered":"\n<p>L\u2019association Fleur d\u2019Isa a tenu son assembl\u00e9e g\u00e9n\u00e9rale le vendredi 24 mars \u00e0 la salle des Lavoirs de l&rsquo;espace Dambier \u00e0 Champniers.<\/p>\n\n\n\n<p>La s\u00e9ance a \u00e9t\u00e9 ouverte \u00e0 20 h 45.<\/p>\n\n\n\n<h4 class=\"wp-block-heading\">Pr\u00e9sents : 52 personnes<\/h4>\n\n\n\n<p>R\u00e9partition :&nbsp;&nbsp;&nbsp; <strong>38 adh\u00e9rents pr\u00e9sents<\/strong><\/p>\n\n\n\n<p><strong>&nbsp;&nbsp;&nbsp;&nbsp;&nbsp;&nbsp;&nbsp;&nbsp;&nbsp;&nbsp;&nbsp;&nbsp;&nbsp;&nbsp;&nbsp;&nbsp;&nbsp;&nbsp;&nbsp;&nbsp;&nbsp;&nbsp;&nbsp; 23 adh\u00e9rents ayant donn\u00e9 pouvoir<\/strong><\/p>\n\n\n\n<p><strong>&nbsp;&nbsp;&nbsp;&nbsp;&nbsp;&nbsp;&nbsp;&nbsp;&nbsp;&nbsp;&nbsp;&nbsp;&nbsp;&nbsp;&nbsp;&nbsp;&nbsp;&nbsp;&nbsp;&nbsp;&nbsp;&nbsp;&nbsp; 5 adh\u00e9rents excus\u00e9s<\/strong><\/p>\n\n\n\n<p><strong>&nbsp;&nbsp;&nbsp;&nbsp;&nbsp;&nbsp;&nbsp;&nbsp;&nbsp;&nbsp;&nbsp;&nbsp;&nbsp;&nbsp;&nbsp;&nbsp;&nbsp;&nbsp;&nbsp;&nbsp;&nbsp;&nbsp;&nbsp; 14 invit\u00e9s pr\u00e9sents,<\/strong><\/p>\n\n\n\n<p><strong>16 invit\u00e9s<\/strong><strong> excus\u00e9s.<\/strong><strong><\/strong><\/p>\n\n\n\n<p>Le vice-pr\u00e9sident ouvre la s\u00e9ance, salue les personnalit\u00e9s pr\u00e9sentes et annonce le d\u00e9roulement de la soir\u00e9e compos\u00e9e d\u2019une AG statutaire.<\/p>\n\n\n\n<p class=\"has-text-align-center\"><strong><u><mark style=\"background-color:rgba(0, 0, 0, 0)\" class=\"has-inline-color has-vivid-green-cyan-color\">Approbation de ce d\u00e9roulement<\/mark><\/u><\/strong><\/p>\n\n\n\n<p>Pr\u00e9sentation de l\u2019ordre du jour de l\u2019assembl\u00e9e statutaire&nbsp;:<\/p>\n\n\n\n<ul class=\"wp-block-list\">\n<li><a href=\"#Rapport-moral\" data-type=\"internal\" data-id=\"#Rapport-moral\">Rapport moral<\/a><\/li>\n\n\n\n<li><a href=\"#Rapport-d-activite\" data-type=\"internal\" data-id=\"#Rapport-d-activite\">Rapport d\u2019activit\u00e9<\/a> <\/li>\n\n\n\n<li><a href=\"#Rapport-financier\" data-type=\"internal\" data-id=\"#Rapport-financier\">Rapport financier<\/a><\/li>\n\n\n\n<li><a href=\"#Perspectives-2023\" data-type=\"internal\" data-id=\"#Perspectives-2023\">Perspectives 2023<\/a><\/li>\n\n\n\n<li><a href=\"#Renouvellement-du-conseil-d-administration\" data-type=\"internal\" data-id=\"#Renouvellement-du-conseil-d-administration\">Renouvellement du Conseil d&rsquo;Administration<\/a><\/li>\n\n\n\n<li>Intervention de nos intervenantes (<a href=\"#Extrait-interventions\" data-type=\"internal\" data-id=\"#Extrait-interventions\">extrait<\/a>) (<a href=\"#Total-interventions\" data-type=\"internal\" data-id=\"#Total-interventions\">total<\/a>)<\/li>\n\n\n\n<li>Questions diverses<\/li>\n<\/ul>\n\n\n\n<p><strong><mark style=\"background-color:rgba(0, 0, 0, 0)\" class=\"has-inline-color has-vivid-red-color\"><u>L\u2019assembl\u00e9e g\u00e9n\u00e9rale donne un avis favorable sur l\u2019ordre du jour<\/u>.<\/mark><\/strong><\/p>\n\n\n\n<div class=\"wp-block-columns is-layout-flex wp-container-core-columns-is-layout-28f84493 wp-block-columns-is-layout-flex\">\n<div class=\"wp-block-column is-layout-flow wp-block-column-is-layout-flow\">\n<figure class=\"wp-block-image aligncenter size-large is-resized\"><img loading=\"lazy\" decoding=\"async\" src=\"https:\/\/www.fleurdisa.org\/blog\/wp-content\/uploads\/2023\/03\/IMG_7199-2-1024x665.jpg\" alt=\"\" class=\"wp-image-6133\" width=\"391\" height=\"253\" srcset=\"https:\/\/www.fleurdisa.org\/blog\/wp-content\/uploads\/2023\/03\/IMG_7199-2-1024x665.jpg 1024w, https:\/\/www.fleurdisa.org\/blog\/wp-content\/uploads\/2023\/03\/IMG_7199-2-scaled-600x390.jpg 600w, https:\/\/www.fleurdisa.org\/blog\/wp-content\/uploads\/2023\/03\/IMG_7199-2-370x240.jpg 370w, https:\/\/www.fleurdisa.org\/blog\/wp-content\/uploads\/2023\/03\/IMG_7199-2-768x499.jpg 768w, https:\/\/www.fleurdisa.org\/blog\/wp-content\/uploads\/2023\/03\/IMG_7199-2-1536x998.jpg 1536w, https:\/\/www.fleurdisa.org\/blog\/wp-content\/uploads\/2023\/03\/IMG_7199-2-2048x1330.jpg 2048w, https:\/\/www.fleurdisa.org\/blog\/wp-content\/uploads\/2023\/03\/IMG_7199-2-200x130.jpg 200w\" sizes=\"auto, (max-width: 391px) 100vw, 391px\" \/><figcaption class=\"wp-element-caption\">A la table : Fran\u00e7oise Capdevielle, Jean-Louis Andreau, Sylvie Rouqui\u00e9, Elise Cousin, Denis Kurtzemann<\/figcaption><\/figure>\n<\/div>\n\n\n\n<div class=\"wp-block-column is-layout-flow wp-block-column-is-layout-flow\">\n<figure class=\"wp-block-image size-large\"><img loading=\"lazy\" decoding=\"async\" width=\"1024\" height=\"683\" src=\"https:\/\/www.fleurdisa.org\/blog\/wp-content\/uploads\/2023\/03\/IMG_7203-1024x683.jpg\" alt=\"\" class=\"wp-image-6136\" srcset=\"https:\/\/www.fleurdisa.org\/blog\/wp-content\/uploads\/2023\/03\/IMG_7203-1024x683.jpg 1024w, https:\/\/www.fleurdisa.org\/blog\/wp-content\/uploads\/2023\/03\/IMG_7203-scaled-600x400.jpg 600w, https:\/\/www.fleurdisa.org\/blog\/wp-content\/uploads\/2023\/03\/IMG_7203-370x247.jpg 370w, https:\/\/www.fleurdisa.org\/blog\/wp-content\/uploads\/2023\/03\/IMG_7203-768x512.jpg 768w, https:\/\/www.fleurdisa.org\/blog\/wp-content\/uploads\/2023\/03\/IMG_7203-1536x1024.jpg 1536w, https:\/\/www.fleurdisa.org\/blog\/wp-content\/uploads\/2023\/03\/IMG_7203-2048x1365.jpg 2048w, https:\/\/www.fleurdisa.org\/blog\/wp-content\/uploads\/2023\/03\/IMG_7203-200x133.jpg 200w\" sizes=\"auto, (max-width: 1024px) 100vw, 1024px\" \/><\/figure>\n<\/div>\n<\/div>\n\n\n\n<p>La pr\u00e9sidente communique la liste des personnalit\u00e9s excus\u00e9es et pr\u00e9sente le<mark style=\"background-color:rgba(0, 0, 0, 0)\" class=\"has-inline-color has-vivid-green-cyan-color\"> <\/mark><mark style=\"background-color:rgba(0, 0, 0, 0)\" class=\"has-inline-color has-black-color\">rapport moral.<\/mark><\/p>\n\n\n\n<p><\/p>\n\n\n\n<p class=\"has-text-align-center\" id=\"Rapport-moral\"><strong><u><mark style=\"background-color:rgba(0, 0, 0, 0)\" class=\"has-inline-color has-vivid-green-cyan-color\">Rapport moral<\/mark><\/u><\/strong><\/p>\n\n\n\n<p>Mesdames, Messieurs, chers amis,<\/p>\n\n\n\n<p>Comme chaque ann\u00e9e je vais vous parler de Fleur d\u2019Isa, de ses actions en faveur des malades, de ses projets, des moyens mis \u00e0 sa disposition pour les r\u00e9aliser, je vais aussi t\u00e9moigner de l\u2019engagement des militants et des b\u00e9n\u00e9voles au service de la cause port\u00e9e par notre association, je vais enfin mettre en relief, au mieux, ce qu\u2019est la r\u00e9alit\u00e9 Fleur d\u2019Isa et placer son action dans le contexte g\u00e9n\u00e9ral.<\/p>\n\n\n\n<p>En 3 ans nous avons connu la pand\u00e9mie et ses cons\u00e9quences sur la sant\u00e9, puis la guerre aux portes de l\u2019Europe qui a conduit Fleur d\u2019Isa \u00e0 un geste de solidarit\u00e9 en direction des populations en souffrance, plus r\u00e9cemment la faillite de certaines banques faisant craindre un krach boursier ainsi que d\u2019autres \u00e9v\u00e9nements tous aussi anxiog\u00e8nes les uns que les autres.<\/p>\n\n\n\n<p>Le monde est en crise, la France est en crise, l\u2019h\u00f4pital est en crise, la sant\u00e9 est en crise, sans oublier \u00e9galement les d\u00e9serts m\u00e9dicaux et les fermetures de maternit\u00e9s pour ne citer que celles-ci.<\/p>\n\n\n\n<p>Un contexte lourd et compliqu\u00e9 qui \u00e9loigne les services publics des usagers, l\u2019h\u00f4pital des malades et rend l\u2019acc\u00e8s aux soins long et difficile.<\/p>\n\n\n\n<p>La sant\u00e9 est en danger et par les temps qui courent, il vaut mieux \u00eatre en pleine forme.<\/p>\n\n\n\n<p>Dans un tel contexte, l\u2019aide et le soutien \u00e0 ceux qui sont malades prend encore plus d\u2019importance et de valeur avec pour objectif de sortir de ce mauvais pas gu\u00e9ri et de retrouver les forces n\u00e9cessaires pour vivre et affronter ce monde compliqu\u00e9.<\/p>\n\n\n\n<p>Fleur d\u2019Isa se donne, chaque ann\u00e9e, de nouveaux moyens pour accro\u00eetre son action et je vais pour l\u2019illustrer, vous donner quelques chiffres&nbsp;:<\/p>\n\n\n\n<p>En 2023 le budget de notre association est sup\u00e9rieur \u00e0 63&nbsp;000 \u20ac et avoisinera sans doute, en fin d\u2019exercice les 68 \u00e0 70&nbsp;000 \u20ac, alors qu\u2019il \u00e9tait de 40&nbsp;700 \u20ac en 2018. En 2022, 12 professionnelles, dont 3 salari\u00e9es de l\u2019association, sont intervenues aupr\u00e8s des malades, pr\u00e8s de 2400 soins ont \u00e9t\u00e9 prodigu\u00e9s dans 7 disciplines diff\u00e9rentes pour 981 nouveaux patients. Sur les fonds dont dispose Fleur d\u2019Isa, 91 % ont \u00e9t\u00e9 utilis\u00e9s en faveur des malades.<\/p>\n\n\n\n<p>Fleur d\u2019Isa qui f\u00eate ses 15 ans est une association agr\u00e9\u00e9e, elle compte 203 adh\u00e9sions spontan\u00e9es en 2022, plus d\u2019une centaine de m\u00e9c\u00e8nes, elle poss\u00e8de un exercice budg\u00e9taire d\u2019avance, fonctionne avec un conseil d\u2019administration compos\u00e9 de 10 membres et aura r\u00e9alis\u00e9 ou particip\u00e9 \u00e0 65 manifestations.<\/p>\n\n\n\n<p>Jetons maintenant un regard sur 2023, sur l\u2019extension de l\u2019activit\u00e9 et sur de nouveaux projets d\u00e9j\u00e0 concr\u00e9tis\u00e9s&nbsp;:<\/p>\n\n\n\n<p>Tout d\u2019abord Fleur d\u2019Isa intervient maintenant de mani\u00e8re permanente au Centre Hospitalier d\u2019Angoul\u00eame en radioth\u00e9rapie, nouvelle activit\u00e9 qui s\u2019est mise en place dans le courant de 2022, ensuite Fleur d\u2019Isa vient d\u2019\u00e9largir ses interventions de socio-esth\u00e9tique, en Sud Charente \u00e0 l\u2019h\u00f4pital de Barbezieux et plus pr\u00e9cis\u00e9ment&nbsp;dans le cadre :<\/p>\n\n\n\n<ul class=\"wp-block-list\">\n<li>Des LISP (<em>Lits Identifi\u00e9s Soins Palliatifs<\/em>)<\/li>\n\n\n\n<li>De l\u2019EMSP (<em>Equipe Mobile Soins Palliatifs<\/em>) Sud-Charente.<\/li>\n<\/ul>\n\n\n\n<p>Ainsi Fleur d&rsquo;Isa qui intervient d\u00e9j\u00e0 en Charente en hospitalisation \u00e0 domicile avec la Mutualit\u00e9 Fran\u00e7aise Charente, compl\u00e8te son action aupr\u00e8s des malades.<\/p>\n\n\n\n<p>Cette derni\u00e8re activit\u00e9, en sud-Charente, n\u2019appara\u00eet pas au budget 2023, elle fait l\u2019objet d\u2019une demande de subvention propos\u00e9e par les \u00e9tablissements l\u2019Or\u00e9al et chiffr\u00e9e \u00e0 5&nbsp;000\u20ac. Si nous obtenons cette somme, elle sera int\u00e9gr\u00e9e au budget actuel et viendra l\u2019abonder, si nous ne l\u2019obtenons pas, Fleur d\u2019Isa se donnera les moyens de la financer en puisant, si n\u00e9cessaire, sur ses fonds propres.<\/p>\n\n\n\n<p>Je voudrais \u00e9galement pr\u00e9ciser que ces nouvelles activit\u00e9s ont \u00e9t\u00e9 mise en place \u00e0 la demande des structures et par conventions, comme les pr\u00e9c\u00e9dentes d\u2019ailleurs, cette pr\u00e9cision pour souligner l\u2019influence et le rayonnement de Fleur d\u2019Isa dont la r\u00e9putation est telle aujourd\u2019hui qu\u2019elle appara\u00eet comme la r\u00e9ponse id\u00e9ale aux pr\u00e9occupations des services hospitaliers et aux questions qu\u2019ils se posent dans la prise en charge des malades.<\/p>\n\n\n\n<p>Parler de Fleur d\u2019Isa, en souligner les qualit\u00e9s, objectivement, ne remet pas en cause la r\u00e9flexion permanente que le conseil d\u2019administration m\u00e8ne pour continuellement \u00e9voluer et toujours am\u00e9liorer les actions aupr\u00e8s des malades. C\u2019est ainsi que nous avons pris la d\u00e9cision, dans le cadre de cette Assembl\u00e9e G\u00e9n\u00e9rale, de vous pr\u00e9senter l\u2019offre de soins Fleur d\u2019Isa, de vous en montrer l\u2019importance et la coh\u00e9rence.<\/p>\n\n\n\n<p>Voil\u00e0, j\u2019arrive au terme de ce rapport moral qui est pour moi le dernier, je ne pars pas, je vais simplement m\u2019int\u00e9grer dans le groupe et continuer \u00e0 vivre au rythme de cette association que je porte profond\u00e9ment dans mon c\u0153ur.<\/p>\n\n\n\n<p>Je vous remercie de votre attention.<\/p>\n\n\n\n<p><strong><u><mark style=\"background-color:rgba(0, 0, 0, 0)\" class=\"has-inline-color has-vivid-red-color\">Le rapport moral est adopt\u00e9 \u00e0 l\u2019unanimit\u00e9.<\/mark><\/u><\/strong><\/p>\n\n\n\n<p><\/p>\n\n\n\n<p class=\"has-text-align-center\" id=\"Rapport-d-activite\"><strong><u><mark style=\"background-color:rgba(0, 0, 0, 0)\" class=\"has-inline-color has-vivid-green-cyan-color\">Rapport d\u2019activit\u00e9<\/mark><\/u><\/strong><\/p>\n\n\n\n<p class=\"has-text-align-left\"><strong><u><mark style=\"background-color:rgba(0, 0, 0, 0)\" class=\"has-inline-color has-vivid-green-cyan-color\">Nos nombreuses actions aupr\u00e8s des malades :<\/mark><\/u><\/strong><\/p>\n\n\n\n<p><strong>Interventions aupr\u00e8s des malades dans les \u00e9tablissements charentais de sant\u00e9 ayant sign\u00e9 une convention avec Fleur d\u2019Isa <\/strong>: Centre Hospitalier d\u2019Angoul\u00eame, Centre Clinical de Soyaux et Centre Hospitalier Intercommunal du Pays de Cognac et Sant\u00e9 Service Charente dans le cadre de l\u2019HAD (Hospitalisation A Domicile).<\/p>\n\n\n\n<p><strong>Les intervenantes <\/strong>: socio-esth\u00e9ticienne, r\u00e9flexologue plantaire, hypnoth\u00e9rapeute, coiffeuse-conseil, p\u00e9dicure-podologue, art-th\u00e9rapeute ont r\u00e9alis\u00e9s <mark style=\"background-color:#f78da7\" class=\"has-inline-color\"><strong>2 393<\/strong> soins<\/mark> dans les trois centres conventionn\u00e9s. Cette activit\u00e9 est en nette augmentation par rapport aux ann\u00e9es pr\u00e9c\u00e9dentes<\/p>\n\n\n\n<p><strong>Plaisirs Sucr\u00e9s <\/strong>: pour P\u00e2ques et No\u00ebl, des desserts et des chocolats ont \u00e9t\u00e9 offerts aux malades en traitement de chimioth\u00e9rapie (455 sachets de chocolats).<\/p>\n\n\n\n<p><strong>Bouquets <\/strong>: \u00e0 l\u2019occasion de la F\u00eate des M\u00e8res, des bouquets de roses ont \u00e9t\u00e9 offerts aux malades en traitement de chimioth\u00e9rapie (201 bouquets)<\/p>\n\n\n\n<p><strong>Coussins<\/strong><strong>-c\u0153urs<\/strong> : les clubs de Patchwork de Charente et le Club SOROPTIMIST d\u2019Angoul\u00eame r\u00e9alisent pour Fleur d\u2019Isa des coussins-c\u0153urs sp\u00e9cialement adapt\u00e9s pour les patientes op\u00e9r\u00e9es du sein.<\/p>\n\n\n\n<p>Ces coussins sont remis aux structures hospitali\u00e8res pour \u00eatre offerts aux patientes.<\/p>\n\n\n\n<p><strong><u><mark style=\"background-color:rgba(0, 0, 0, 0)\" class=\"has-inline-color has-vivid-green-cyan-color\">Manifestations dans le cadre d\u2019Octobre Rose et gestes solidaires:<\/mark><\/u><\/strong><\/p>\n\n\n\n<ul class=\"wp-block-list\">\n<li>Ateliers au Centre Clinical dans le cadre d\u2019Octobre Rose<\/li>\n\n\n\n<li>Journ\u00e9e bien-\u00eatre en radioth\u00e9rapie<\/li>\n\n\n\n<li>Stand pr\u00e9vention \u00e0 Cognac<\/li>\n\n\n\n<li>Stand de sensibilisation \u00e0 la clinique de Cognac<\/li>\n\n\n\n<li>Journ\u00e9e de sensibilisation \u00e0 l\u2019initiative de la Maison de Sant\u00e9 Pluridisciplinaire du Val de Touvre et la Mairie de Ruelle.<\/li>\n\n\n\n<li>Organisation des d\u00e9corations des services de chimioth\u00e9rapie et radioth\u00e9rapie<\/li>\n\n\n\n<li>Exposition de tableaux au CH de Cognac<\/li>\n<\/ul>\n\n\n\n<ul class=\"wp-block-list\">\n<li>Marche&nbsp; \u00e0 Barbezieux<\/li>\n\n\n\n<li>Marche \u00e0 Saint-Sornin et vente de cr\u00eapes par le Rotary club \u00ab&nbsp;Val de Tardoire&nbsp;\u00bb<\/li>\n\n\n\n<li>Marche \u00e0 Roullet<\/li>\n\n\n\n<li>Marche organis\u00e9e \u00e0 Reignac par Le club des a\u00een\u00e9s \u00ab&nbsp;Ensemble \u00e0 Reignac&nbsp;\u00bb,<\/li>\n\n\n\n<li>Randonn\u00e9e \u00e0 Villej\u00e9sus<\/li>\n\n\n\n<li>Randonn\u00e9e \u00e0 Champagne-Vigny organis\u00e9e par la F\u00e9d\u00e9ration de chasse de Charente<\/li>\n\n\n\n<li>Randonn\u00e9e \u00e0 Sainte-Colombe<\/li>\n\n\n\n<li>Balles Roses organis\u00e9es par le club tennis de Saint Yrieix<\/li>\n\n\n\n<li>Match de Handball organis\u00e9 par Le club de Handball f\u00e9minin d\u2019Angoul\u00eame qui a diffus\u00e9 un article sur Fleur d\u2019Isa dans le livret d\u2019accueil remis lors du match \u00e0 20 h<\/li>\n\n\n\n<li>Tombola au cours du match de Handball \u00e0 La Rochefoucauld<\/li>\n\n\n\n<li>Collecte de fonds par la Compagnie des Archers de Cognac Club de tir \u00e0 l\u2019arc<\/li>\n<\/ul>\n\n\n\n<ul class=\"wp-block-list\">\n<li>Edition 2022 des Bulles Roses<\/li>\n\n\n\n<li>Mur de photos organis\u00e9 dans la galerie marchande d\u2019AUCHAN La Couronne<\/li>\n\n\n\n<li>Salon des 3 A \u00e0 l\u2019Isle d\u2019Espagnac<\/li>\n\n\n\n<li>Repas organis\u00e9 par le Comit\u00e9 des F\u00eates de Gimeux avec versement d\u2019une participation&nbsp; &nbsp;<\/li>\n\n\n\n<li>Salon du livre \u00e0 Angoul\u00eame \u2013 Rencontre avec la chanteuse et \u00e9crivaine ROSE.<\/li>\n\n\n\n<li>Soir\u00e9e organis\u00e9e par le bar \u00e0 bi\u00e8re V &amp; B \u00e0 Champniers<\/li>\n\n\n\n<li>Vente de rubans et bracelets roses par les sections coiffure et commerce du Lyc\u00e9e Chabanne de Chasseneuil sur Bonnieure<\/li>\n<\/ul>\n\n\n\n<ul class=\"wp-block-list\">\n<li>Plusieurs pharmacies et salons de bien-\u00eatre se sont associ\u00e9s aux actions d\u2019Octobre Rose par des collectes.<\/li>\n<\/ul>\n\n\n\n<p>Ces nombreuses et diverses manifestations ont permis de r\u00e9colter 10.287,20 \u20ac au profit de FLEUR D\u2019ISA, 93 % de cette somme est utilis\u00e9e au profit des malades.<\/p>\n\n\n\n<p><strong><u><mark style=\"background-color:rgba(0, 0, 0, 0)\" class=\"has-inline-color has-vivid-green-cyan-color\">Nos op\u00e9rations de financement :<\/mark><\/u><\/strong><\/p>\n\n\n\n<ul class=\"wp-block-list\">\n<li><strong>Rand\u2019Eaux Claires<\/strong> le 08\/05\/2022 (manifestation au b\u00e9n\u00e9fice de Fleur d\u2019Isa et des VMEH)<\/li>\n\n\n\n<li><strong>Prieur\u00e9 de Rauzet<\/strong> \u00e0 Combiers (chez Kate), exposition-vente de tableaux, porcelaines peintes \u00e0 la main, patchworks, objets diversofferts par des artistes du 25 au 27\/06\/2022.<\/li>\n\n\n\n<li><strong>Marche du c\u0153ur<\/strong> \u00e0 Ch\u00e2teaubernard le 03\/09\/2022<\/li>\n\n\n\n<li><strong>Bal country<\/strong> 24\/09\/2022<\/li>\n\n\n\n<li><strong>Le March\u00e9 d\u2019Edith<\/strong>, exposition-vente porcelaines peintes \u00e0 la main, patchworks, objets divers le 4 et 5\/11\/2022<\/li>\n\n\n\n<li><strong>March\u00e9 de No\u00ebl <\/strong>\u00e0 Rougnacle 10\/12\/2022<\/li>\n<\/ul>\n\n\n\n<p><strong><u><mark style=\"background-color:rgba(0, 0, 0, 0)\" class=\"has-inline-color has-vivid-green-cyan-color\">Fleur d\u2019Isa b\u00e9n\u00e9ficie des soutiens par des dons et des manifestations :<\/mark><\/u><\/strong><\/p>\n\n\n\n<ul class=\"wp-block-list\">\n<li><strong>La Paul Poux<\/strong> (course cycliste) le 29\/04\/2022<\/li>\n\n\n\n<li><strong>Concert de musique baroque<\/strong> \u00e0 Neuvicq le Ch\u00e2teau le 01\/05\/2022<\/li>\n<\/ul>\n\n\n\n<ul class=\"wp-block-list\">\n<li>Journ\u00e9es de l\u2019amiti\u00e9 et club de patchwork<\/li>\n\n\n\n<li><strong>Lion\u2019s club<\/strong> \u00ab&nbsp;Angoul\u00eame Renaissance&nbsp;\u00bb et chorale \u00ab&nbsp;Amalgam\u2019&nbsp;\u00bb de Garat<\/li>\n\n\n\n<li>Association \u00ab&nbsp;<strong>les Cop\u2019s roses aventure<\/strong>&nbsp;\u00bb de Jarnac<\/li>\n\n\n\n<li>Bol de riz au Lyc\u00e9e professionnel agricole de Salles de Barbezieux<\/li>\n\n\n\n<li>AESIO Mutuelle<\/li>\n\n\n\n<li>Calitom<\/li>\n\n\n\n<li>Remise de coussins-c\u0153urs de Lign\u00e9, de l\u2019EHPAD des Ecureuils \u00e0 l\u2019Isle d\u2019Espagnac, de la commune de Mornac et de particuliers<\/li>\n\n\n\n<li>Dons&nbsp; club service \u00ab&nbsp;<strong>Inner Wheel&nbsp;Angoul\u00eame<\/strong>\u00bb<\/li>\n\n\n\n<li><strong>ESAT de Fontgrave<\/strong>, Angoul\u00eame (collecte de bouchons de li\u00e8ge, revendus ensuite au profit de Fleur d\u2019Isa)<\/li>\n\n\n\n<li><strong>Lion\u2019s Club<\/strong> de Rouillac<\/li>\n\n\n\n<li><strong>Association \u00ab&nbsp;Brie Modern\u2019 Jazz&nbsp;\u00bb, <\/strong>remise de fonds lors de la dissolution de l\u2019association<\/li>\n\n\n\n<li><strong>Association \u00ab&nbsp;Bien-\u00eatre et sant\u00e9&nbsp;\u00bb <\/strong>Vouthon, don au profit de Fleur d\u2019Isa<\/li>\n<\/ul>\n\n\n\n<p><strong><u><mark style=\"background-color:rgba(0, 0, 0, 0)\" class=\"has-inline-color has-vivid-green-cyan-color\">Notre implication dans la pr\u00e9vention&nbsp;:<\/mark><\/u><\/strong><\/p>\n\n\n\n<p>Participation \u00e0 diverses actions et s\u00e9ances de promotion de la pr\u00e9vention des diff\u00e9rents cancers aupr\u00e8s d\u2019\u00e9tablissements scolaires ainsi qu\u2019aupr\u00e8s des instituts d\u2019\u00e9coles d\u2019infirmi\u00e8r(e)s et d\u2019aides soignant(e)s.<\/p>\n\n\n\n<ul class=\"wp-block-list\">\n<li>Lyc\u00e9e professionnel Agricole de Salles de Barbezieux<\/li>\n\n\n\n<li>Lyc\u00e9e Elie Vinet \u00e0 Barbezieux<\/li>\n\n\n\n<li>Lyc\u00e9e professionnel Pierre Andr\u00e9 Chabanne \u00e0 Chasseneuil<\/li>\n\n\n\n<li><strong>Forum des associations<\/strong> Angoul\u00eame, Champniers et Cognac<\/li>\n\n\n\n<li><strong>Groupes de travail<\/strong> \u00e0 la Mutualit\u00e9 Fran\u00e7aise Charente, au Centre Hospitalier d\u2019Angoul\u00eame et au Centre R\u00e9gional de Coordination et de D\u00e9pistage des Cancers, CRCDC (<em>ex Orchid\u00e9e<\/em>)<\/li>\n<\/ul>\n\n\n\n<p><strong><em>Toutes les actions mises en \u0153uvre ont avant tout un caract\u00e8re de proximit\u00e9 aupr\u00e8s de tout(e)s ces patient(e)s qui se battent quotidiennement contre la maladie.<\/em><\/strong><\/p>\n\n\n\n<p><strong><em>Elles sont d\u00e9velopp\u00e9es pour les entourer, leur faire oublier quelques instants leur douleur.<\/em><\/strong><\/p>\n\n\n\n<p><strong><u><mark style=\"background-color:rgba(0, 0, 0, 0)\" class=\"has-inline-color has-vivid-red-color\">Le rapport d\u2019activit\u00e9 est adopt\u00e9 \u00e0 l\u2019unanimit\u00e9.<\/mark><\/u><\/strong><\/p>\n\n\n\n<p><\/p>\n\n\n\n<p class=\"has-text-align-center\" id=\"Rapport-financier\"><strong><u><mark style=\"background-color:rgba(0, 0, 0, 0)\" class=\"has-inline-color has-vivid-green-cyan-color\">Rapport financier<\/mark><\/u><\/strong><\/p>\n\n\n\n<p>L\u2019exercice 2022 s\u2019est sold\u00e9 par un <strong><mark style=\"background-color:rgba(0, 0, 0, 0)\" class=\"has-inline-color has-pale-pink-color\">r\u00e9sultat positif de 6 999,10 \u20ac<\/mark><\/strong><\/p>\n\n\n\n<p>avec un total des <strong>d\u00e9penses<\/strong> de <strong>54.701,95 \u20ac<\/strong><\/p>\n\n\n\n<p>et un total des <strong>recettes<\/strong> de <strong>61.701,05 \u20ac<\/strong><strong>.<\/strong><\/p>\n\n\n\n<p><strong>La situation financi\u00e8re de Fleur d\u2019Isa est bien s\u00e9curis\u00e9e&nbsp;: <\/strong>elle b\u00e9n\u00e9ficie au 31\/12\/2022 d\u2019un volant de tr\u00e9sorerie sup\u00e9rieur \u00e0 une ann\u00e9e d\u2019action&nbsp;qui lui permet d\u2019accro\u00eetre pour 2023 l\u2019ensemble de ses services.<\/p>\n\n\n\n<figure class=\"wp-block-table is-style-stripes\"><table><tbody><tr><td><strong>Report \u00e0 nouveau des exercices ant\u00e9rieurs<\/strong><\/td><td><strong>59 342,74 \u20ac<\/strong><\/td><\/tr><tr><td><strong>R\u00e9sultat de l&rsquo;exercice<\/strong><\/td><td><strong>6 999,10 \u20ac<\/strong><\/td><\/tr><tr><td><strong>Subventions re\u00e7ues pour l&rsquo;ann\u00e9e N+1 (CPAM)<\/strong><\/td><td><strong>5 000,00 \u20ac<\/strong><\/td><\/tr><tr><td>&nbsp;<\/td><td>&nbsp;<\/td><\/tr><tr><td><strong>Total Capitaux<\/strong><\/td><td><strong>71 341,84 \u20ac<\/strong><\/td><\/tr><\/tbody><\/table><\/figure>\n\n\n\n<p><mark style=\"background-color:rgba(0, 0, 0, 0)\" class=\"has-inline-color has-pale-pink-color\"><strong>Ces comptes ont \u00e9t\u00e9 v\u00e9rifi\u00e9s<\/strong> par S\u00e9bastien AUDOUIN, Catherine LHOMME et Corinne NAUDIN qui ont r\u00e9alis\u00e9 le rapport suivant\u00a0:<\/mark><\/p>\n\n\n\n<p>Conform\u00e9ment \u00e0 la mission qui nous a \u00e9t\u00e9 confi\u00e9e, nous avons proc\u00e9d\u00e9 \u00e0 la v\u00e9rification des comptes de l\u2019Association Fleur d\u2019Isa, le 16 mars 2023, en pr\u00e9sence de M<a><\/a>adame CAPDEVIELLE Fran\u00e7oise, Pr\u00e9sidente et de Monsieur Denis KURTZEMANN, Tr\u00e9sorier.<\/p>\n\n\n\n<p>&nbsp;Les documents comptables li\u00e9s \u00e0 l\u2019exercice 2022 n\u00e9cessaires \u00e0 notre examen ont \u00e9t\u00e9 mis \u00e0 notre disposition au cours de cette r\u00e9union.<\/p>\n\n\n\n<p>\u00d7 Nous constatons que les comptes sont r\u00e9guliers et sinc\u00e8res et qu\u2019ils donnent une image de la situation financi\u00e8re et du r\u00e9sultat des op\u00e9rations de l\u2019association.<\/p>\n\n\n\n<p>\u00d7 Gr\u00e2ce au maintien de ses r\u00e9serves, l\u2019association poursuit sa politique de pouvoir se projeter en totale autonomie de ressources pour faire face \u00e0 ses charges de fonctionnement d\u2019une ann\u00e9e.<\/p>\n\n\n\n<p>\u00d7 Le nombre de soins n\u2019a jamais \u00e9t\u00e9 aussi important m\u00eame avant la p\u00e9riode COVID, Les perspectives sur l\u2019ann\u00e9e en cours sont dans la m\u00eame dynamique.<\/p>\n\n\n\n<p><br>En conclusion, nous proposons :<\/p>\n\n\n\n<p>\u00d7 d\u2019approuver les comptes de l\u2019exercice 2022 tels qu\u2019ils vous sont pr\u00e9sent\u00e9s.<\/p>\n\n\n\n<p>\u00d7 de donner quitus au Tr\u00e9sorier de l\u2019association Fleur d\u2019Isa et nous vous en remercions.<\/p>\n\n\n\n<p><br>Les v\u00e9rificateurs aux comptes,<\/p>\n\n\n\n<p>Catherine LHOMME Corinne NAUDIN S\u00e9bastien AUDOUIN<\/p>\n\n\n\n<p>Le 16\/03\/2023<\/p>\n\n\n\n<p><strong><u><mark style=\"background-color:rgba(0, 0, 0, 0)\" class=\"has-inline-color has-vivid-red-color\">Le quitus est vot\u00e9 \u00e0 l\u2019unanimit\u00e9.<\/mark><\/u><\/strong><\/p>\n\n\n\n<p><\/p>\n\n\n\n<p><mark style=\"background-color:rgba(0, 0, 0, 0)\" class=\"has-inline-color has-vivid-green-cyan-color\"><strong>Pour le budget de l\u2019ann\u00e9e 2023<\/strong>,<\/mark> nous envisageons une stagnation des subventions par rapport \u00e0 2022, et nous essaierons de maintenir une stabilit\u00e9 des autres recettes qui nous permettra d\u2019augmenter notre service au profit des malades.<\/p>\n\n\n\n<figure class=\"wp-block-table is-style-stripes\"><table><tbody><tr><td>&nbsp;<\/td><td><strong>2020<\/strong><\/td><td><strong>2021<\/strong><\/td><td><strong>2022<\/strong><\/td><td><strong><mark style=\"background-color:rgba(0, 0, 0, 0)\" class=\"has-inline-color has-black-color\">Pr\u00e9vision 2023<\/mark><\/strong><\/td><\/tr><tr><td>Total recettes effectives<\/td><td>36 125<\/td><td>46 048 &nbsp;<\/td><td><strong>61 701<\/strong><\/td><td><strong><mark style=\"background-color:rgba(0, 0, 0, 0)\" class=\"has-inline-color has-vivid-red-color\">63 400<\/mark><\/strong><\/td><\/tr><tr><td>Total d\u00e9penses effectives<\/td><td>46 047<\/td><td>40 965<\/td><td><strong>54 702<\/strong><\/td><td><strong><mark style=\"background-color:rgba(0, 0, 0, 0)\" class=\"has-inline-color has-vivid-red-color\">63 400<\/mark><\/strong><\/td><\/tr><tr><td>Co\u00fbts de Fonctionnement<\/td><td>5 069<\/td><td>3 638<\/td><td>5 222<\/td><td><strong><mark style=\"background-color:rgba(0, 0, 0, 0)\" class=\"has-inline-color has-vivid-red-color\">4 500<\/mark><\/strong><\/td><\/tr><tr><td>D\u00e9penses au profit des malades<\/td><td>23 437<\/td><td>32 869<\/td><td>46 682<\/td><td><strong><mark style=\"background-color:rgba(0, 0, 0, 0)\" class=\"has-inline-color has-vivid-red-color\">53 500<\/mark><\/strong><\/td><\/tr><\/tbody><\/table><\/figure>\n\n\n\n<h4 class=\"wp-block-heading\">&nbsp;<strong><u><mark style=\"background-color:rgba(0, 0, 0, 0)\" class=\"has-inline-color has-vivid-red-color\">Approbation \u00e0 l&rsquo;unanimit\u00e9 du rapport financier et des orientations budg\u00e9taires.<\/mark><\/u><\/strong><\/h4>\n\n\n\n<p><\/p>\n\n\n\n<h4 class=\"wp-block-heading\"><strong>D\u00e9signation des v\u00e9rificateurs pour les comptes&nbsp;de 2023<\/strong> :<br>S\u00e9bastien AUDOUIN, Catherine FONTAINE et Corinne NAUDIN sont d\u00e9sign\u00e9s \u00e0 l\u2019unanimit\u00e9 dans cette fonction.<\/h4>\n\n\n\n<p class=\"has-text-align-center\" id=\"Perspectives-2023\"><strong><u><mark style=\"background-color:rgba(0, 0, 0, 0)\" class=\"has-inline-color has-vivid-green-cyan-color\">Perspectives 2023:<\/mark><\/u><\/strong><\/p>\n\n\n\n<p><strong><mark style=\"background-color:rgba(0, 0, 0, 0)\" class=\"has-inline-color has-vivid-green-cyan-color\">A &#8211; Actions&nbsp;:<\/mark><\/strong><\/p>\n\n\n\n<p><strong><u>Poursuite des actions d\u00e9j\u00e0 engag\u00e9es <\/u><\/strong><strong>:<\/strong><\/p>\n\n\n\n<p><strong>Offrir des prestations de bien-\u00eatre pour redonner go\u00fbt \u00e0 la vie, \u00e9couter, dialoguer avec les malades du cancer en finan\u00e7ant des soins<\/strong> de socio-esth\u00e9tique, de r\u00e9flexologie plantaire, de p\u00e9dicurie-podologie, des conseils capillaires, de psychoth\u00e9rapie, d\u2019hypnoth\u00e9rapie et d\u2019art-th\u00e9rapie&nbsp;&nbsp; assur\u00e9s par nos 11 intervenantes (P\u00e9tryna AUDOUIN, Marie COLLET, Olivia DE BORTOLI, Marie Line LASSAGNE, Aude CHALLIER, Charl\u00e8ne LIGOUZAT, Claudie MOREAU, S\u00e9verine SAVIN, Audrey PERILLAT, Laetitia LEULIETTE-MESNARD, Isabelle WAYERE.<\/p>\n\n\n\n<p>Tous ces soins sont destin\u00e9s aux patient(es) atteint(e)s de cancer, afin de les aider \u00e0 supporter le traitement et leur faire oublier quelques instants leur maladie.<\/p>\n\n\n\n<ul class=\"wp-block-list\">\n<li>Poursuite des op\u00e9rations <strong>\u00abPlaisirs sucr\u00e9s\u00bb<\/strong> et <strong>\u00abUn bouquet pour la f\u00eate des M\u00e8res\u00bb<\/strong> dans les trois Centres.<\/li>\n\n\n\n<li>Poursuite des op\u00e9rations <strong>Coussins-C\u0153urs.<\/strong><\/li>\n\n\n\n<li><strong>Dons<\/strong> pour la recherche contre le cancer et associations partenaires en Charente.<strong><\/strong><\/li>\n\n\n\n<li><strong>Implication dans la pr\u00e9vention&nbsp;:<\/strong>L\u2019action essentielle contre le cancer c\u2019est la pr\u00e9vention et le d\u00e9pistage, ils sont l\u00e0 pour \u00e9viter autant que faire se peut la maladie.<\/li>\n\n\n\n<li><strong>Implication dans l\u2019apr\u00e8s- cancer&nbsp;: <\/strong>Fleur d\u2019Isa favorisera et amplifiera l\u2019orientation des malades apr\u00e8s la fin des soins hospitaliers&nbsp;vers:<\/li>\n<\/ul>\n\n\n\n<p>* des actions compl\u00e9mentaires men\u00e9es par la Ligue contre le cancer,<\/p>\n\n\n\n<p>* toute direction favorable \u00e0 la sortie et la gu\u00e9rison de la maladie.<\/p>\n\n\n\n<p><strong><mark style=\"background-color:rgba(0, 0, 0, 0)\" class=\"has-inline-color has-vivid-green-cyan-color\">B &#8211; Financement&nbsp;:<\/mark><\/strong><\/p>\n\n\n\n<ul class=\"wp-block-list\">\n<li>08\/05 : Rand\u2019 Eaux-Claires \u00e0 Puymoyen (en commun avec les VMEH)<\/li>\n\n\n\n<li>24 au 26\/06 : expo vente \u00e0 Rauzet<\/li>\n\n\n\n<li>25\/09 : bal country \u00e0 Champniers, \u00e0 confirmer<\/li>\n\n\n\n<li>d\u00e9but novembre : expo vente au march\u00e9 d\u2019Edith \u00e0 Angoul\u00eame<\/li>\n\n\n\n<li>18\/11 : Soir\u00e9e festive \u00e0 Champniers, \u00e0 confirmer<\/li>\n<\/ul>\n\n\n\n<p><strong><mark style=\"background-color:rgba(0, 0, 0, 0)\" class=\"has-inline-color has-vivid-green-cyan-color\">C &#8211; Manifestations de soutien au profit de Fleur d\u2019Isa (pr\u00e9vues \u00e0 ce jour)&nbsp;:<\/mark><\/strong><\/p>\n\n\n\n<ul class=\"wp-block-list\">\n<li>le 29\/04 (journ\u00e9e) : La Paul POUX \u00e0 Anais<\/li>\n\n\n\n<li>le 30\/04 : Concert de Musiques Baroques \u00e0 Neuvicq-le-Ch\u00e2teau<\/li>\n\n\n\n<li>Juin&nbsp;: marche organis\u00e9e par le LPA de Salles de Barbezieux<\/li>\n\n\n\n<li>le 01\/10 : Marche sportive \u00e0 Confolens<\/li>\n\n\n\n<li>le 07\/10 : Bulles Roses aux quais Magelis<\/li>\n\n\n\n<li>le 14\/10 : Balles Roses \u00e0 St Yrieix organis\u00e9es le comit\u00e9 d\u00e9partemental de tennis f\u00e9minin<\/li>\n<\/ul>\n\n\n\n<p><\/p>\n\n\n\n<p class=\"has-text-align-center\" id=\"Renouvellement-du-conseil-d-administration\"><strong><u><mark style=\"background-color:rgba(0, 0, 0, 0)\" class=\"has-inline-color has-vivid-green-cyan-color\">Renouvellement du Conseil d\u2019Administration:<\/mark><\/u><\/strong><\/p>\n\n\n\n<p>Fleur d\u2019Isa est g\u00e9r\u00e9e par un Conseil d\u2019Administration compos\u00e9 de 10 membres.<\/p>\n\n\n\n<p>Il s\u2019est r\u00e9uni 9 fois en 2022,<strong><\/strong><\/p>\n\n\n\n<p><strong><mark style=\"background-color:rgba(0, 0, 0, 0)\" class=\"has-inline-color has-vivid-green-cyan-color\">Tiers sortant <\/mark>: <\/strong>Jean- Louis ANDREAU, Serge CIAVATTA, Denis KURTZEMANN<\/p>\n\n\n\n<p><strong><mark style=\"background-color:rgba(0, 0, 0, 0)\" class=\"has-inline-color has-vivid-green-cyan-color\">Candidatures <\/mark>: <\/strong>Serge CIAVATTA, Denis KURTZEMANN, Christine ROUCHIER<\/p>\n\n\n\n<p><strong><mark style=\"background-color:rgba(0, 0, 0, 0)\" class=\"has-inline-color has-vivid-red-color\">Ces candidats sont \u00e9lus \u00e0 l\u2019unanimit\u00e9 par l\u2019assembl\u00e9e g\u00e9n\u00e9rale.<\/mark><\/strong><\/p>\n\n\n\n<p><\/p>\n\n\n\n<p><mark style=\"background-color:rgba(0, 0, 0, 0)\" class=\"has-inline-color has-vivid-green-cyan-color\"><strong>Nouveau Conseil d\u2019Administration 2023\u00a0:<\/strong>\u00a0\u00a0<\/mark>\u00a0<\/p>\n\n\n\n<ul class=\"wp-block-list\">\n<li>Fran\u00e7oise CAPDEVIELLE<\/li>\n\n\n\n<li>Serge CIAVATTA<\/li>\n\n\n\n<li>Dani\u00e8le COLIN<\/li>\n\n\n\n<li>Marie COLLET<\/li>\n\n\n\n<li>Elise COUSIN<\/li>\n\n\n\n<li>Nicole IBANEZ<\/li>\n\n\n\n<li>Denis KURTZEMANN<\/li>\n\n\n\n<li>Fabien MORELET<\/li>\n\n\n\n<li>Christine ROUCHIER<\/li>\n\n\n\n<li>Sylvie ROUQUI\u00c9<\/li>\n<\/ul>\n\n\n\n<p>&nbsp;&nbsp;&nbsp;&nbsp;&nbsp;&nbsp;&nbsp;&nbsp;&nbsp;&nbsp;&nbsp;&nbsp;&nbsp;&nbsp;&nbsp;&nbsp;&nbsp;&nbsp;&nbsp;&nbsp;&nbsp;&nbsp;&nbsp;&nbsp;&nbsp;&nbsp;&nbsp;&nbsp;&nbsp;&nbsp;&nbsp;&nbsp;&nbsp;&nbsp;&nbsp;&nbsp;&nbsp;&nbsp;&nbsp;&nbsp;&nbsp;&nbsp;<\/p>\n\n\n\n<p><strong><mark style=\"background-color:rgba(0, 0, 0, 0)\" class=\"has-inline-color has-vivid-green-cyan-color\">Le nouveau bureau a \u00e9t\u00e9 \u00e9lu&nbsp;:<\/mark><\/strong><\/p>\n\n\n\n<ul class=\"wp-block-list\">\n<li>Pr\u00e9sidente : Sylvie ROUQUI\u00c9<\/li>\n\n\n\n<li>Vice-Pr\u00e9sidente : Fran\u00e7oise CAPDEVIELLE<\/li>\n\n\n\n<li>Secr\u00e9taire : Elise COUSIN<\/li>\n\n\n\n<li>Secr\u00e9taire-adjointe : Nicole IBANEZ<\/li>\n\n\n\n<li>Tr\u00e9sorier : Denis KURTZEMANN<\/li>\n\n\n\n<li>Tr\u00e9sorier-adjoint : Fabien MORELET<\/li>\n<\/ul>\n\n\n\n<div class=\"wp-block-columns is-layout-flex wp-container-core-columns-is-layout-28f84493 wp-block-columns-is-layout-flex\">\n<div class=\"wp-block-column is-layout-flow wp-block-column-is-layout-flow\">\n<figure class=\"wp-block-image aligncenter size-large is-resized\"><img loading=\"lazy\" decoding=\"async\" src=\"https:\/\/www.fleurdisa.org\/blog\/wp-content\/uploads\/2023\/03\/IMG_7198-1024x683.jpg\" alt=\"\" class=\"wp-image-6134\" width=\"413\" height=\"275\" srcset=\"https:\/\/www.fleurdisa.org\/blog\/wp-content\/uploads\/2023\/03\/IMG_7198-1024x683.jpg 1024w, https:\/\/www.fleurdisa.org\/blog\/wp-content\/uploads\/2023\/03\/IMG_7198-scaled-600x400.jpg 600w, https:\/\/www.fleurdisa.org\/blog\/wp-content\/uploads\/2023\/03\/IMG_7198-370x247.jpg 370w, https:\/\/www.fleurdisa.org\/blog\/wp-content\/uploads\/2023\/03\/IMG_7198-768x512.jpg 768w, https:\/\/www.fleurdisa.org\/blog\/wp-content\/uploads\/2023\/03\/IMG_7198-1536x1024.jpg 1536w, https:\/\/www.fleurdisa.org\/blog\/wp-content\/uploads\/2023\/03\/IMG_7198-2048x1365.jpg 2048w, https:\/\/www.fleurdisa.org\/blog\/wp-content\/uploads\/2023\/03\/IMG_7198-200x133.jpg 200w\" sizes=\"auto, (max-width: 413px) 100vw, 413px\" \/><figcaption class=\"wp-element-caption\"><sup>A la table, de gauche \u00e0 droite : Fran\u00e7oise Capdevielle, Jean-Louis Andreau, Sylvie Rouqui\u00e9, Elise Cousin, Denis Kurtzemann<\/sup><\/figcaption><\/figure>\n<\/div>\n\n\n\n<div class=\"wp-block-column is-layout-flow wp-block-column-is-layout-flow\">\n<figure class=\"wp-block-image size-large is-resized\"><img loading=\"lazy\" decoding=\"async\" src=\"https:\/\/www.fleurdisa.org\/blog\/wp-content\/uploads\/2023\/03\/20230324_221025-1024x768.jpg\" alt=\"\" class=\"wp-image-6139\" width=\"362\" height=\"271\" srcset=\"https:\/\/www.fleurdisa.org\/blog\/wp-content\/uploads\/2023\/03\/20230324_221025-1024x768.jpg 1024w, https:\/\/www.fleurdisa.org\/blog\/wp-content\/uploads\/2023\/03\/20230324_221025-200x150.jpg 200w, https:\/\/www.fleurdisa.org\/blog\/wp-content\/uploads\/2023\/03\/20230324_221025-scaled-600x450.jpg 600w, https:\/\/www.fleurdisa.org\/blog\/wp-content\/uploads\/2023\/03\/20230324_221025-370x278.jpg 370w, https:\/\/www.fleurdisa.org\/blog\/wp-content\/uploads\/2023\/03\/20230324_221025-768x576.jpg 768w, https:\/\/www.fleurdisa.org\/blog\/wp-content\/uploads\/2023\/03\/20230324_221025-1536x1152.jpg 1536w, https:\/\/www.fleurdisa.org\/blog\/wp-content\/uploads\/2023\/03\/20230324_221025-2048x1536.jpg 2048w\" sizes=\"auto, (max-width: 362px) 100vw, 362px\" \/><figcaption class=\"wp-element-caption\"><sup>De gauche \u00e0 droite : Marie Collet, Christelle Boucays, Caroline Dindinaud, P\u00e9tryna Audouin, Laetitia Leuliette-Mesnard, Jacqueline M\u00e9haud<\/sup><\/figcaption><\/figure>\n<\/div>\n<\/div>\n\n\n\n<p><mark style=\"background-color:rgba(0, 0, 0, 0)\" class=\"has-inline-color has-vivid-green-cyan-color\"><strong>Ech\u00e9ances des mandats en fonction de la date d\u2019\u00e9lection\u00a0:<\/strong><\/mark><\/p>\n\n\n\n<figure class=\"wp-block-table is-style-stripes\"><table><tbody><tr><td><strong>2024<\/strong><\/td><td>2025<\/td><td>2026<\/td><\/tr><tr><td>Fran\u00e7oise CAPDEVIELLE<\/td><td>Dani\u00e8le COLIN<\/td><td>Serge CIAVATTA<\/td><\/tr><tr><td>Fabien MORELET<\/td><td>Marie COLLET<\/td><td>Denis KURTZEMANN<\/td><\/tr><tr><td>Sylvie ROUQUI\u00c9<\/td><td>Elise COUSIN<\/td><td>Christine ROUCHIER<\/td><\/tr><tr><td>&nbsp;<\/td><td>Nicole IBANEZ<\/td><td>&nbsp;<\/td><\/tr><\/tbody><\/table><\/figure>\n\n\n\n<p><\/p>\n\n\n\n<p class=\"has-text-align-center\"><strong><u><mark style=\"background-color:rgba(0, 0, 0, 0)\" class=\"has-inline-color has-vivid-green-cyan-color\">Pr\u00e9sentation de l&rsquo;offre de soin par Marie Collet, Petryna Audouin, et Laetitia Leuliette-Mesnard. <\/mark><\/u><\/strong><\/p>\n\n\n\n<p class=\"has-text-align-center\"><strong><u><mark style=\"background-color:rgba(0, 0, 0, 0)\" class=\"has-inline-color has-vivid-green-cyan-color\">T\u00e9moignages de Caroline Dindinaud, psychologue de l\u2019HAD, Jacqueline M\u00e9haud, ex-cadre de sant\u00e9 de l\u2019h\u00f4pital de Cognac et Christelle Boucays, r\u00e9f\u00e9rente Charente du r\u00e9seau RKS (r\u00e9seau des kin\u00e9s du sein).<\/mark><\/u><\/strong><\/p>\n\n\n\n<p id=\"Extrait-interventions\"><strong><u><mark style=\"background-color:rgba(0, 0, 0, 0)\" class=\"has-inline-color has-vivid-green-cyan-color\">Extrait de la pr\u00e9sentation de Marie Collet&nbsp;:<\/mark><\/u><\/strong><\/p>\n\n\n\n<p>Nous parlons ce soir de la maladie et des effets secondaires des traitements du cancer qui ont un impact sur la qualit\u00e9 de vie des femmes et des hommes. Cela cr\u00e9e une diminution de leur estime d\u2019eux-m\u00eames, une d\u00e9valorisation de l\u2019image corporelle et par cons\u00e9quent une perte de confiance en soi.<\/p>\n\n\n\n<p>Ce sont des personnes fragilis\u00e9es qu\u2019il faut rassurer, r\u00e9conforter. Il faut am\u00e9liorer la confiance qu\u2019elles ont d\u2019elles-m\u00eames.<\/p>\n\n\n\n<p>L\u2019association Fleur d\u2019Isa a pour mission d\u2019am\u00e9liorer les conditions de vie au quotidien des malades dans leur parcours de soin. Quel que soit le cancer. C\u2019est pour cela que les professionnelles interviennent dans les structures hospitali\u00e8res et les fili\u00e8res d\u2019hospitalisation \u00e0 domicile pour la socio-esth\u00e9tique. Elles offrent des soins de support vari\u00e9s mais compl\u00e9mentaires.<\/p>\n\n\n\n<p>Qu\u2019est-ce qu\u2019un soin de support (selon l\u2019INCA)&nbsp;:<\/p>\n\n\n\n<p>\u00ab&nbsp;Ils sont d\u00e9finis comme l\u2019ensemble des soins et soutiens n\u00e9cessaires aux personnes malades tout au long de la maladie. Ils se font en association avec les traitements sp\u00e9cifiques contre le cancer lorsqu\u2019ils sont mis en place.&nbsp;\u00bb<\/p>\n\n\n\n<p>Les soins de support proposent une approche globale de la personne et visent \u00e0 assurer la meilleure qualit\u00e9 de vie possible sur un plan physique, psychologique et social.<\/p>\n\n\n\n<p>Ils prennent en compte la diversit\u00e9 des besoins des malades ainsi que ceux de leur entourage, quel que soit le lieu de soin.<\/p>\n\n\n\n<p>Ils font partis int\u00e9grants du parcours de soins et ne sont ni secondaires, ni optionnels, et ils sont enti\u00e8rement gratuits.<\/p>\n\n\n\n<p>L\u2019offre de soins (en oncologie hospitalisation et h\u00f4pital de jour) aujourd\u2019hui c\u2019est&nbsp;:<\/p>\n\n\n\n<ul class=\"wp-block-list\">\n<li>Le centre hospitalier d\u2019Angoul\u00eame<\/li>\n\n\n\n<li>Le service de radioth\u00e9rapie d\u2019Angoul\u00eame<\/li>\n\n\n\n<li>Le centre Clinical de Soyaux<\/li>\n\n\n\n<li>Le centre hospitalier de grand Cognac<\/li>\n\n\n\n<li>En HAD (hospitalisation \u00e0 domicile) avec la fili\u00e8re \u00e0 domicile mutualit\u00e9 fran\u00e7aise<\/li>\n\n\n\n<li>En EMSP (\u00e9quipe mobile de soins palliatifs) avec l\u2019\u00e9quipe d sud-Charente<\/li>\n\n\n\n<li>En SSP (soins de suite polyvalents) de l\u2019h\u00f4pital de Barbezieux pour les lits identifi\u00e9s soins palliatifs onco (LISP)<\/li>\n<\/ul>\n\n\n\n<p>Se sont 2500 soins&nbsp; en comptant les refus, car ce sont des personnes avec qui le dialogue s\u2019est instaur\u00e9 et peut \u00e0 terme apport\u00e9 un soutien) et rencontres par an.<\/p>\n\n\n\n<p>10 professionnelles certifi\u00e9es<\/p>\n\n\n\n<p>Des salles de soins dans les structures (Soyaux, CHA et Cognac)<\/p>\n\n\n\n<p class=\"has-text-align-left\"><mark style=\"background-color:rgba(0, 0, 0, 0)\" class=\"has-inline-color has-vivid-green-cyan-color\">Les t\u00e9moignages complets sont accessibles<a href=\"#Presentation-des-soins\" data-type=\"internal\" data-id=\"#Presentation-des-soins\"> ici<\/a><\/mark><\/p>\n\n\n\n<p><\/p>\n\n\n\n<p class=\"has-text-align-center\"><mark style=\"background-color:rgba(0, 0, 0, 0)\" class=\"has-inline-color has-vivid-red-color\"><strong>La s\u00e9ance est lev\u00e9e \u00e0 23 h 30.<\/strong><\/mark><\/p>\n\n\n\n<p><\/p>\n\n\n\n<p class=\"has-text-align-center\"><strong><u><mark style=\"background-color:rgba(0, 0, 0, 0)\" class=\"has-inline-color has-vivid-green-cyan-color\">Mot de la pr\u00e9sidente sortante&nbsp;:<\/mark><\/u><\/strong><\/p>\n\n\n\n<p>Je vous remercie de la confiance que vous m\u2019avez accord\u00e9e ainsi qu\u2019\u00e0 toute l\u2019\u00e9quipe pendant ces 12 ann\u00e9es et je souhaite que vous accordiez la m\u00eame confiance \u00e0 Sylvie afin de continuer \u00e0 faire vivre et \u00e9voluer Fleur d\u2019Isa pour poursuivre et d\u00e9velopper encore plus ses actions en faveur des malades du cancer en Charente.<\/p>\n\n\n\n<p>Le nouveau num\u00e9ro de t\u00e9l\u00e9phone pour joindre Fleur d&rsquo;Isa est le :<strong><mark style=\"background-color:rgba(0, 0, 0, 0)\" class=\"has-inline-color has-pale-pink-color\"> 06 35 19 07 01<\/mark><\/strong>. L\u2019adresse administrative est la suivante &nbsp;:  <mark style=\"background-color:rgba(0, 0, 0, 0)\" class=\"has-inline-color has-pale-pink-color\"><strong>Fleur d&rsquo;Isa 7 Rue du Moulin du Verger 16400 PUYMOYEN<\/strong><\/mark>. Vos messages sont \u00e0 adresser \u00e0&nbsp;: <a href=\"mailto:contact@fleurdisa.org\"><strong><mark style=\"background-color:rgba(0, 0, 0, 0)\" class=\"has-inline-color has-pale-pink-color\">contact@fleurdisa.org<\/mark><\/strong><\/a><\/p>\n\n\n\n<h4 class=\"has-text-align-center wp-block-heading\"><mark style=\"background-color:rgba(0, 0, 0, 0)\" class=\"has-inline-color has-vivid-green-cyan-color\">Pot de l\u2019amiti\u00e9<\/mark><\/h4>\n\n\n\n<p class=\"has-text-align-center\">La Pr\u00e9sidente de Fleur d&rsquo;Isa : <\/p>\n\n\n\n<p class=\"has-text-align-center\">Fran\u00e7oise Capdevielle<\/p>\n\n\n\n<hr class=\"wp-block-separator has-alpha-channel-opacity\"\/>\n\n\n\n<h3 class=\"has-text-align-center wp-block-heading\" id=\"Total-interventions\"><mark style=\"background-color:rgba(0, 0, 0, 0)\" class=\"has-inline-color has-vivid-green-cyan-color\">Pr\u00e9sentation des soins de supports de l\u2019association Fleur d\u2019Isa  <\/mark><\/h3>\n\n\n\n<h3 class=\"has-text-align-center wp-block-heading\"><mark style=\"background-color:rgba(0, 0, 0, 0)\" class=\"has-inline-color has-vivid-green-cyan-color\">T\u00e9moignages complets des intervenantes pr\u00e9sentes et absentes, de patients<\/mark><\/h3>\n\n\n\n<p><strong><mark style=\"background-color:rgba(0, 0, 0, 0)\" class=\"has-inline-color has-vivid-red-color\">Pr\u00e9sentation&nbsp;par Marie Collet :<\/mark><\/strong><br>Nous parlons ce soir de la maladie et des effets secondaires des traitements du cancer qui ont un impact sur la qualit\u00e9 de vie des femmes et des hommes. Cela cr\u00e9e une diminution de leur estime d\u2019eux-m\u00eames, une d\u00e9valorisation de l\u2019image corporelle et par cons\u00e9quent une perte de confiance en soi.<br>Ce sont des personnes fragilis\u00e9es qu\u2019il faut rassurer, r\u00e9conforter. Il faut am\u00e9liorer la confiance qu\u2019elles ont d\u2019elles-m\u00eames.<br>L\u2019association Fleur d\u2019Isa a pour mission d\u2019am\u00e9liorer les conditions de vie au quotidien des malades dans leur parcours de soin. Quelque soit le cancer. C\u2019est pour cela que les professionnelles interviennent dans les structures hospitali\u00e8res et les fili\u00e8res d\u2019hospitalisation \u00e0 domicile pour la socio-esth\u00e9tique. Elles offrent des soins de support vari\u00e9s mais compl\u00e9mentaires.<br>Qu\u2019est ce qu\u2019un soin de support (selon l\u2019INCA)&nbsp;:<br>\u00ab&nbsp;Ils sont d\u00e9finis comme l\u2019ensemble des soins et soutiens n\u00e9cessaires aux personnes malades tout au long de la maladie. Ils se font en association avec les traitements sp\u00e9cifiques contre le cancer lorsqu\u2019ils sont mis en place.&nbsp;\u00bb<br>Les soins de support proposent une approche globale de la personne et visent \u00e0 assurer la meilleure qualit\u00e9 de vie possible sur un plan physique, psychologique et social.<br>Ils prennent en compte la diversit\u00e9 des besoins des malades ainsi que ceux de leur entourage, quelque soit le lieu de soin.<br>Ils font partis int\u00e9grants du parcours de soins et ne sont ni secondaires, ni optionnels, et ils sont enti\u00e8rement gratuits.<br>L\u2019offre de soins (en oncologie hospitalisation et h\u00f4pital de jour) aujourd\u2019hui c\u2019est&nbsp;:<br>Le centre hospitalier d\u2019Angoul\u00eame<br>Le service de radioth\u00e9rapie d\u2019Angoul\u00eame<br>Le centre Clinical de Soyaux<br>Le centre hospitalier de grand Cognac<br>En HAD (hospitalisation \u00e0 domicile) avec la fili\u00e8re \u00e0 domicile mutualit\u00e9 fran\u00e7aise<br>En EMSP (\u00e9quipe mobile de soins palliatifs) avec l\u2019\u00e9quipe d sud-Charente<br>En SSP (soins de suite polyvalents) de l\u2019h\u00f4pital de Barbezieux pour les lits identifi\u00e9s soins palliatifs onco (LISP)<br>Se sont 2500 soins en comptant les refus, car ce sont des personnes avec qui le dialogue s\u2019est instaur\u00e9 et peut \u00e0 terme apport\u00e9 un soutien) et rencontres par an.<br>10 professionnelles certifi\u00e9es<br>Des salles de soins dans les structures (Soyaux, CHA et Cognac)<\/p>\n\n\n\n<p>Voici une rencontre avec quelques-unes de nos professionnelles certifi\u00e9es qui nous font l\u2019honneur de partager le c\u0153ur de leur m\u00e9tier&nbsp;:<br><br><mark style=\"background-color:rgba(0, 0, 0, 0)\" class=\"has-inline-color has-vivid-red-color\"><strong>P\u00e9tryna Audouin, onco-esth\u00e9ticienne<\/strong><\/mark> se d\u00e9finit dans l\u2019accompagnement de \u00ab&nbsp;bien-\u00eatre&nbsp;\u00bb (soins corporels, visage, maquillage, relaxation et conseils cosm\u00e9tiques). \u00ab&nbsp;Mon accompagnement en service d\u2019oncologie est dans l\u2019objectif de donner des conseils adapt\u00e9s pour pr\u00e9server, r\u00e9duire les effets secondaires selon les traitements sur leur peau, ongles, \u2026 En plus de cela, proposer un petit moment cocooning gr\u00e2ce aux soins du visage, par de la beaut\u00e9 des ongles, la reconstruction des sourcils, \u2026 C\u2019est \u00e9galement avoir des moments d\u2019\u00e9changes o\u00f9 les patients peuvent s\u2019exprimer librement et parfois mettre des mots sur ce qu\u2019ils traversent. Je suis pr\u00e9sente pour accompagner les patients \u00e0 leur demande, celle de l\u2019\u00e9quipe m\u00e9dicale ou quand je me pr\u00e9sente \u00e0 eux. Avec les intervenantes nous sommes compl\u00e9mentaires. Echanger avec un patient permet de connaitre ses besoins et l\u2019orienter vers une ou plusieurs de mes coll\u00e8gues.&nbsp;\u00bb<\/p>\n\n\n\n<p><mark style=\"background-color:rgba(0, 0, 0, 0)\" class=\"has-inline-color has-vivid-red-color\"><strong>Marie Collet, psycho-socio-esth\u00e9ticienne<\/strong><\/mark>, ajoute\u00a0: \u00ab\u00a0cette pratique s\u2019inscrit dans les projets de soin ou de vie d\u00e9finis par les \u00e9quipes pluridisciplinaires des \u00e9tablissements m\u00e9dicaux. La diminution de la qualit\u00e9 de vie li\u00e9e \u00e0 la maladie ou au traitement est la cons\u00e9quence d\u2019une d\u00e9gradation de l\u2019\u00e9tat g\u00e9n\u00e9ral et des transformations du corps, du visage, touchant les individus dans leur personnalit\u00e9. L\u2019outil esth\u00e9tique apporte un accompagnement global par un contact, un toucher, un relationnel et des conseils pour am\u00e9liorer la qualit\u00e9 de vie des malades en cours de traitement. Le Maintien de la capacit\u00e9 \u00e0 faire en d\u00e9veloppant et valorisant les comp\u00e9tences et l\u2019autonomie, en d\u00e9l\u00e9guant aux professionnels, aux r\u00e9seaux associatifs et par une pr\u00e9sence soutenante aux aidants\/accompagnants.\u00a0Je suis amen\u00e9e \u00e0 intervenir au domicile des patients dans le cadre d\u2019une hospitalisation. Prodiguer des soins adapt\u00e9s, apporter toute l\u2019attention, l\u2019\u00e9coute et la bienveillance non m\u00e9dicalis\u00e9e dont ont besoin les patients dans le respect de leur vie priv\u00e9e et de leur \u00e9tat de sant\u00e9. Je suis en lien direct avec l\u2019\u00e9quipe soignante du service et en relation \u00e9troite avec mes coll\u00e8gues. Les interventions sont adapt\u00e9es \u00e0 la probl\u00e9matique du patient et \u00e0 son \u00e9tat physique et psychique.\u00a0\u00bb<\/p>\n\n\n\n<p><mark style=\"background-color:rgba(0, 0, 0, 0)\" class=\"has-inline-color has-vivid-red-color\"><strong>Claudie Moreau, p\u00e9dicure-podologue\/reflexologue<\/strong><\/mark> explique\u00a0: \u00ab\u00a0dans les services d\u2019oncologie nous rencontrons des probl\u00e8mes de pieds directement en rapport avec les traitements impos\u00e9s par la maladie. Des soins classiques sont aussi pratiqu\u00e9s car la posture devient difficile pour le patient d\u00fb aux effets secondaires mais aussi a li\u00e9s \u00e0 l\u2019\u00e2ge. Les massages sont des moments de partage pour penser \u00e0 autre chose que la maladie ou pour juste parler. La coh\u00e9rence entre intervenantes est essentielle car nous avons toutes des moyens diff\u00e9rents, des connaissances professionnelles compl\u00e9mentaires et nous essayons de proposer pour le patient le professionnel ad\u00e9quat et disponible. Cela permet de savoir aussi ce que fait le coll\u00e8gue. C\u2019est essentiel pour moi que nous soyons une \u00e9quipe, autant d\u2019ailleurs avec nos coll\u00e8gues de l\u2019association qu\u2019avec l\u2019\u00e9quipe m\u00e9dicale. Les retours des patients sont la raison m\u00eame de mon engagement dans cette association, on se sent utile, on est moins centr\u00e9 sur soi et la pr\u00e9sence de chacune nous enrichit amicalement et tellement humainement\u00a0\u00bb.<\/p>\n\n\n\n<p><mark style=\"background-color:rgba(0, 0, 0, 0)\" class=\"has-inline-color has-vivid-red-color\"><strong>Audrey Perillat, r\u00e9flexologue<\/strong> <\/mark>explique\u00a0: un r\u00e9flexologue permet de r\u00e9tablir l&rsquo;hom\u00e9ostasie du corps (physique, psychique et \u00e9motionnel) \u00e0 travers le massage de certaines zones. L&rsquo;hom\u00e9ostasie est la capacit\u00e9 d&rsquo;autor\u00e9gulation du corps humain. Les outils utilis\u00e9s sont principalement nos mains mais aussi des outils comme un stylet.\u00a0L&rsquo;association intervenant principalement dans des services hospitaliers en oncologie et radioth\u00e9rapie, mon intervention en r\u00e9flexologie plantaire a pour objectifs de permettre une d\u00e9tente profonde du corps, d&rsquo;optimiser les traitements tout en diminuant les effets secondaires pour r\u00e9guler les douleurs neuropathiques p\u00e9riph\u00e9riques qui apparaissent. En radioth\u00e9rapie, le protocole en r\u00e9flexologie plantaire vise surtout \u00e0 d\u00e9tendre la personne. En fonction des demandes, je peux \u00e9galement sortir des protocoles sp\u00e9cialis\u00e9s dans l&rsquo;accompagnement des soins li\u00e9s au cancer pour travailler sur une douleur sciatique, un mal de dos, un probl\u00e8me de transit, etc. Mes actions consistent \u00e0 sensibiliser les patients aux activit\u00e9s de l&rsquo;association Fleur d&rsquo;Isa et de ce que nous pouvons leur apporter en termes de soins et actes de bien-\u00eatre gr\u00e2ce \u00e0 l&rsquo;\u00e9quipe pluridisciplinaire.\u00a0Je vais voir l&rsquo;\u00e9quipe soignante lorsque certaines choses me paraissent importantes \u00e0 signaler.<\/p>\n\n\n\n<p><mark style=\"background-color:rgba(0, 0, 0, 0)\" class=\"has-inline-color has-vivid-red-color\"><strong>Aude Challier, praticienne en hypnose<\/strong><\/mark> explique\u00a0: \u00ab\u00a0le m\u00e9tier de praticienne en hypnose reste avant toute chose un m\u00e9tier de la relation d\u2019aide. Gr\u00e2ce \u00e0 l\u2019hypnose, qui est un \u00e9tat naturel que nous vivons tous les jours, j\u2019accompagne chaque personne qui le d\u00e9sire \u00e0 effectuer le changement qu\u2019elle souhaite, d\u2019une mani\u00e8re plus fluide, plus rapide et singuli\u00e8re. Le changement souhait\u00e9 peut \u00eatre, par exemple, de lib\u00e9rer une ou des \u00e9motions qui sont bloquantes. Le ma\u00eetre mot de mes accompagnements en hypnose pour l\u2019association Fleur d\u2019Isa demeure l\u2019apaisement, qu\u2019il soit \u00e9motionnel ou physique. J\u2019aime transmettre des outils personnalis\u00e9s pour chaque personne, faciles \u00e0 utiliser dans n\u2019importe quel moment de vie. Les th\u00e9matiques d\u2019accompagnement : savoir g\u00e9rer ses \u00e9motions et son stress, mieux vivre les effets ind\u00e9sirables des traitements, retrouver le sommeil, mieux g\u00e9rer les sensations douloureuses, \u2026 (avec l\u2019accord du personnel soignant). Les s\u00e9ances d\u2019hypnose restent avant tout un moment d\u2019\u00e9change, d\u2019\u00e9coute et surtout un moment \u00e0 soi o\u00f9 l\u2019expression est libre. Pour moi, la prise en charge pluridisciplinaire est primordiale pour le patient et pour nous en tant que professionnelles. Nous avons toutes des \u00ab\u00a0outils\u00a0\u00bb diff\u00e9rents mais qui ont un seul et m\u00eame objectif, que chaque personne accompagn\u00e9e se sente mieux et plus apais\u00e9e, durant ce moment de vie difficile et douloureux. Nous nous compl\u00e9tons dans nos outils, quel que soit notre comp\u00e9tence. Ces outils peuvent \u00eatre propos\u00e9s en parall\u00e8le les uns des autres ou en alternance, selon les besoins de chaque personne. Au final, le patient est accompagn\u00e9 d\u2019un point de vue physique mais aussi \u00e9motionnel, en ad\u00e9quation avec ses propres besoins. La prise en charge pluridisciplinaire comprend \u00e9galement la collaboration avec le personnel soignant, que ce soit les m\u00e9decins ou les infirmi\u00e8res, sans qui nos accompagnements ne pourraient \u00eatre possibles.\u00a0\u00bb<\/p>\n\n\n\n<p><mark style=\"background-color:rgba(0, 0, 0, 0)\" class=\"has-inline-color has-vivid-red-color\"><strong>S\u00e9verine la socio coiffeuse\u00a0<\/strong><\/mark>: \u00ab Mon engagement en tant que coiffeuse conseil Fleur d\u2019Isa porte un point d\u2019honneur au soin de bien-\u00eatre et de confort, une parenth\u00e8se de l\u00e2cher prise ne serait-ce qu\u2019un instant pour oublier la tourmente de la maladie et ses d\u00e9sagr\u00e9ments. R\u00e9concilier la femme et l\u2019homme avec sa beaut\u00e9, sa f\u00e9minit\u00e9 et son estime. Un accompagnement personnalis\u00e9, massage du cuir chevelu, coupe des pointes, entretien de la proth\u00e8se capillaire, conseils, \u00e9coute et \u00e9changes\u00a0; Autant de partage et de bienveillance\u00a0; Ma place en tant qu\u2019intervenante pour l\u2019association m\u2019a \u00e9toff\u00e9e vers ce d\u00e9sir humble qu\u2019est l\u2019aide pour chaque personne. Avec beaucoup d\u2019humilit\u00e9.<\/p>\n\n\n\n<p><mark style=\"background-color:rgba(0, 0, 0, 0)\" class=\"has-inline-color has-vivid-red-color\"><strong>La psycho-sexologie\u00a0:<br>Le sexoth\u00e9rapeute<\/strong><\/mark> intervient dans le but de favoriser une meilleure sant\u00e9 sexuelle. Il exerce un m\u00e9tier d&rsquo;\u00e9coute li\u00e9 \u00e0 la psychoth\u00e9rapie. Pendant et apr\u00e8s un cancer, les malades et leurs conjoints souhaitent \u00eatre compris et aid\u00e9s sur le plan de la sexualit\u00e9. Le cancer et ses traitements entra\u00eenent tr\u00e8s souvent des dysfonctionnements qui peuvent perdurer plusieurs mois apr\u00e8s la fin des soins. Aucun malade n\u2019est pr\u00e9par\u00e9 \u00e0 cela.<\/p>\n\n\n\n<p><mark style=\"background-color:rgba(0, 0, 0, 0)\" class=\"has-inline-color has-vivid-red-color\"><strong>Olivia\u00a0art-th\u00e9rapeute<\/strong><\/mark> : \u00ab\u00a0L\u2019art-th\u00e9rapie est une m\u00e9thode douce et cr\u00e9ative qui permet de prendre contact avec sa personnalit\u00e9 et de l\u2019exprimer. Pour tous les publics, de tout \u00e2ge. Pour un \u00e9panouissement personnel ou \u00e0 la recherche de sa personnalit\u00e9 artistique. Aucune comp\u00e9tence artistique n\u2019est n\u00e9cessaire\u00a0; Ce qui compte n\u2019est pas le r\u00e9sultat, mais ce qui qui arrive pendant la cr\u00e9ation et comment cela est v\u00e9cu. Etre cr\u00e9atif la capacit\u00e9 \u00e0 surmonter les obstacles, la souplesse d\u2019esprit, la motivation, la capacit\u00e9 d\u2019associer, de relier des id\u00e9es, la capacit\u00e9 \u00e0 prendre des d\u00e9cisions, le plaisir d\u2019entrer en jeu. Pour soi. Les supports artistiques sont vari\u00e9s (appel\u00e9s m\u00e9diateurs) peuvent aussi \u00eatre des arts plastiques, la musique, l\u2019\u00e9criture, la danse, ou le th\u00e9\u00e2tre. D\u2019abord un temps de pr\u00e9paration puis vient le temps de cr\u00e9ation, enfin le temps d\u2019\u00e9change. L\u2019accompagnant n\u2019interpr\u00e8te jamais l\u2019\u0153uvre et sans jugement, il soutient avec bienveillance la personne dans sa production artistique et dans son \u00e9volution. En bref l\u2019art th\u00e9rapie est l\u2019exploitation du potentiel dans une vis\u00e9e th\u00e9rapeutique et humanitaire.<\/p>\n\n\n\n<p><mark style=\"background-color:rgba(0, 0, 0, 0)\" class=\"has-inline-color has-vivid-red-color\"><strong>Synth\u00e8se par Marie Collet<\/strong><\/mark><\/p>\n\n\n\n<p>Le t\u00e9moignage des intervenantes est essentiel pour comprendre l\u2019importance des soins.<br>Le t\u00e9moignage des \u00e9quipes m\u00e9dicales l\u2019est tout autant. Il permet une meilleure prise en charge des patients.<\/p>\n\n\n\n<p>La blouse rose est un r\u00e9confort visuel non m\u00e9dical apportant une touche de bonne humeur dans les couloirs et les chambres. Il n\u2019y a pas d\u2019acte technique comme peuvent le faire le personnel soignant. Les rapports sont diff\u00e9rents mais la communication au sein de l&rsquo;\u00e9quipe soignante est essentielle.<\/p>\n\n\n\n<p>Les intervenantes m\u00e8nent aussi des actions au sein des structures comme&nbsp;:<\/p>\n\n\n\n<ul class=\"wp-block-list\">\n<li>Octobre rose<\/li>\n\n\n\n<li>Don de coussin c\u0153ur (fabrication par des b\u00e9n\u00e9voles)<\/li>\n\n\n\n<li>Don de bonnet (fabrication par des b\u00e9n\u00e9voles)<\/li>\n\n\n\n<li>Des conseils en pr\u00e9vention et d\u00e9pistage gr\u00e2ce \u00e0 Dr Colin Dani\u00e8le b\u00e9n\u00e9vole fleur d\u2019Isa<\/li>\n\n\n\n<li>Des d\u00e9corations murales faites par les patients en art th\u00e9rapie<\/li>\n<\/ul>\n\n\n\n<p>Mais les intervenantes ont \u00e9galement un r\u00f4le de de conseil d\u2019information aupr\u00e8s des malades et des aidants. Il existe plusieurs structures d\u2019aides en soutien des malades mais il existe aussi un r\u00e9seau d\u2019aide \u00e0 la reconstruction physique suite \u00e0 une chirurgie du sein par exemple avec le r\u00e9seau RKS (r\u00e9seau kin\u00e9 du sein), en accord avec le m\u00e9decin.<\/p>\n\n\n\n<p><mark style=\"background-color:rgba(0, 0, 0, 0)\" class=\"has-inline-color has-vivid-red-color\"><strong>Conclusion<\/strong><\/mark> <mark style=\"background-color:rgba(0, 0, 0, 0)\" class=\"has-inline-color has-vivid-red-color\"><strong>par Marie Collet<\/strong><\/mark><br>Pour conclure cette pr\u00e9sentation je vous lis simplement quelques t\u00e9moignages de patients\u00a0:<\/p>\n\n\n\n<p>\u00ab&nbsp;<em>J\u2019ai pris rdv pour m\u2019offrir un peu de temps pour moi. Et puis j\u2019ai rencontr\u00e9 de belles personnes, bienveillantes, \u00e0 votre \u00e9coute. Cela m\u2019a permis de diminuer mon stress, d\u2019att\u00e9nuer mes douleurs, de me sentir belle, de parler librement, de pleurer, mais aussi de rire avec elles. Leur pr\u00e9sence a \u00e9t\u00e9 rassurante et indispensable pour moi.<\/em>&nbsp;\u00bb<br>Patiente en HDJ au CHA<\/p>\n\n\n\n<p>\u00ab&nbsp;<em>On ne me parlait pas en tant que malade, cette rencontre a \u00e9t\u00e9 une le\u00e7on pour m\u2019apprendre \u00e0 m\u2019occuper de moi. Avec les traitements, on encaisse les mauvais coups sans rien dire, et l\u00e0 on r\u00e9apprend que tout est important.<\/em>&nbsp;\u00bb<br>Patiente en EMSP<\/p>\n\n\n\n<p>\u00ab&nbsp;<em>Vous \u00eates le maillon d\u2019humanit\u00e9 entre le m\u00e9decin oncologue et l\u2019\u00e9quipe soignante<\/em>.&nbsp;\u00bb<br>Un patient HDJ de Cognac<br><\/p>\n","protected":false},"excerpt":{"rendered":"<p>L\u2019association Fleur d\u2019Isa a tenu son assembl\u00e9e g\u00e9n\u00e9rale le vendredi 24 mars \u00e0 la salle des Lavoirs de l&rsquo;espace Dambier [&hellip;]<\/p>\n","protected":false},"author":8,"featured_media":0,"comment_status":"open","ping_status":"open","sticky":false,"template":"","format":"standard","meta":{"site-sidebar-layout":"default","site-content-layout":"","ast-site-content-layout":"default","site-content-style":"default","site-sidebar-style":"default","ast-global-header-display":"","ast-banner-title-visibility":"","ast-main-header-display":"","ast-hfb-above-header-display":"","ast-hfb-below-header-display":"","ast-hfb-mobile-header-display":"","site-post-title":"","ast-breadcrumbs-content":"","ast-featured-img":"","footer-sml-layout":"","ast-disable-related-posts":"","theme-transparent-header-meta":"","adv-header-id-meta":"","stick-header-meta":"","header-above-stick-meta":"","header-main-stick-meta":"","header-below-stick-meta":"","astra-migrate-meta-layouts":"default","ast-page-background-enabled":"default","ast-page-background-meta":{"desktop":{"background-color":"var(--ast-global-color-5)","background-image":"","background-repeat":"repeat","background-position":"center center","background-size":"auto","background-attachment":"scroll","background-type":"","background-media":"","overlay-type":"","overlay-color":"","overlay-opacity":"","overlay-gradient":""},"tablet":{"background-color":"","background-image":"","background-repeat":"repeat","background-position":"center center","background-size":"auto","background-attachment":"scroll","background-type":"","background-media":"","overlay-type":"","overlay-color":"","overlay-opacity":"","overlay-gradient":""},"mobile":{"background-color":"","background-image":"","background-repeat":"repeat","background-position":"center center","background-size":"auto","background-attachment":"scroll","background-type":"","background-media":"","overlay-type":"","overlay-color":"","overlay-opacity":"","overlay-gradient":""}},"ast-content-background-meta":{"desktop":{"background-color":"var(--ast-global-color-4)","background-image":"","background-repeat":"repeat","background-position":"center center","background-size":"auto","background-attachment":"scroll","background-type":"","background-media":"","overlay-type":"","overlay-color":"","overlay-opacity":"","overlay-gradient":""},"tablet":{"background-color":"var(--ast-global-color-4)","background-image":"","background-repeat":"repeat","background-position":"center center","background-size":"auto","background-attachment":"scroll","background-type":"","background-media":"","overlay-type":"","overlay-color":"","overlay-opacity":"","overlay-gradient":""},"mobile":{"background-color":"var(--ast-global-color-4)","background-image":"","background-repeat":"repeat","background-position":"center center","background-size":"auto","background-attachment":"scroll","background-type":"","background-media":"","overlay-type":"","overlay-color":"","overlay-opacity":"","overlay-gradient":""}},"footnotes":""},"categories":[3],"tags":[],"class_list":["post-6119","post","type-post","status-publish","format-standard","hentry","category-generalites"],"_links":{"self":[{"href":"https:\/\/www.fleurdisa.org\/blog\/wp-json\/wp\/v2\/posts\/6119","targetHints":{"allow":["GET"]}}],"collection":[{"href":"https:\/\/www.fleurdisa.org\/blog\/wp-json\/wp\/v2\/posts"}],"about":[{"href":"https:\/\/www.fleurdisa.org\/blog\/wp-json\/wp\/v2\/types\/post"}],"author":[{"embeddable":true,"href":"https:\/\/www.fleurdisa.org\/blog\/wp-json\/wp\/v2\/users\/8"}],"replies":[{"embeddable":true,"href":"https:\/\/www.fleurdisa.org\/blog\/wp-json\/wp\/v2\/comments?post=6119"}],"version-history":[{"count":0,"href":"https:\/\/www.fleurdisa.org\/blog\/wp-json\/wp\/v2\/posts\/6119\/revisions"}],"wp:attachment":[{"href":"https:\/\/www.fleurdisa.org\/blog\/wp-json\/wp\/v2\/media?parent=6119"}],"wp:term":[{"taxonomy":"category","embeddable":true,"href":"https:\/\/www.fleurdisa.org\/blog\/wp-json\/wp\/v2\/categories?post=6119"},{"taxonomy":"post_tag","embeddable":true,"href":"https:\/\/www.fleurdisa.org\/blog\/wp-json\/wp\/v2\/tags?post=6119"}],"curies":[{"name":"wp","href":"https:\/\/api.w.org\/{rel}","templated":true}]}}