{"id":6084,"date":"2023-02-03T11:13:59","date_gmt":"2023-02-03T10:13:59","guid":{"rendered":"https:\/\/www.fleurdisa.org\/blog\/?p=6084"},"modified":"2023-02-03T11:13:59","modified_gmt":"2023-02-03T10:13:59","slug":"balles-roses-2022-remise-de-cheques","status":"publish","type":"post","link":"https:\/\/www.fleurdisa.org\/blog\/balles-roses-2022-remise-de-cheques\/","title":{"rendered":"Balles Roses 2022 &#8211; remise de ch\u00e8ques"},"content":{"rendered":"\n<p>Le Comit\u00e9 d\u00e9partemental de tennis de la Charente a remis le jeudi 2 f\u00e9vrier les ch\u00e8ques suite \u00e0 la 5\u00e8me \u00e9dition des \u00ab\u00a0Balles Roses\u00a0\u00bb qui s&rsquo;\u00e9tait d\u00e9roul\u00e9e le samedi 15 octobre \u00e0 Saint-Yrieix.<br>Bernadette TOUSSAINT-FEIX, pr\u00e9sidente de la commission f\u00e9minine, \u00e9tait ravie de remettre \u00e0 Fleur d&rsquo;Isa et \u00e0 La Ligue contre le cancer, un ch\u00e8que de 346,50 \u20ac chacune.<br>Cette manifestation sera reconduite en 2023.<br>Un grand merci pour ce soutien p\u00e9renne.<\/p>\n\n\n\n<figure class=\"wp-block-image aligncenter size-large is-resized\"><img loading=\"lazy\" decoding=\"async\" src=\"https:\/\/www.fleurdisa.org\/blog\/wp-content\/uploads\/2023\/02\/Fleur-dIsa-1024x683.jpg\" alt=\"\" class=\"wp-image-6085\" width=\"512\" height=\"342\" srcset=\"https:\/\/www.fleurdisa.org\/blog\/wp-content\/uploads\/2023\/02\/Fleur-dIsa-1024x683.jpg 1024w, https:\/\/www.fleurdisa.org\/blog\/wp-content\/uploads\/2023\/02\/Fleur-dIsa-scaled-600x400.jpg 600w, https:\/\/www.fleurdisa.org\/blog\/wp-content\/uploads\/2023\/02\/Fleur-dIsa-370x247.jpg 370w, https:\/\/www.fleurdisa.org\/blog\/wp-content\/uploads\/2023\/02\/Fleur-dIsa-768x512.jpg 768w, https:\/\/www.fleurdisa.org\/blog\/wp-content\/uploads\/2023\/02\/Fleur-dIsa-1536x1024.jpg 1536w, https:\/\/www.fleurdisa.org\/blog\/wp-content\/uploads\/2023\/02\/Fleur-dIsa-2048x1365.jpg 2048w, https:\/\/www.fleurdisa.org\/blog\/wp-content\/uploads\/2023\/02\/Fleur-dIsa-200x133.jpg 200w\" sizes=\"auto, (max-width: 512px) 100vw, 512px\" \/><figcaption class=\"wp-element-caption\">Photo CL<\/figcaption><\/figure>\n","protected":false},"excerpt":{"rendered":"<p>Le Comit\u00e9 d\u00e9partemental de tennis de la Charente a remis le jeudi 2 f\u00e9vrier les ch\u00e8ques suite \u00e0 la 5\u00e8me [&hellip;]<\/p>\n","protected":false},"author":5,"featured_media":0,"comment_status":"open","ping_status":"open","sticky":false,"template":"","format":"standard","meta":{"site-sidebar-layout":"default","site-content-layout":"","ast-site-content-layout":"default","site-content-style":"default","site-sidebar-style":"default","ast-global-header-display":"","ast-banner-title-visibility":"","ast-main-header-display":"","ast-hfb-above-header-display":"","ast-hfb-below-header-display":"","ast-hfb-mobile-header-display":"","site-post-title":"","ast-breadcrumbs-content":"","ast-featured-img":"","footer-sml-layout":"","ast-disable-related-posts":"","theme-transparent-header-meta":"","adv-header-id-meta":"","stick-header-meta":"","header-above-stick-meta":"","header-main-stick-meta":"","header-below-stick-meta":"","astra-migrate-meta-layouts":"default","ast-page-background-enabled":"default","ast-page-background-meta":{"desktop":{"background-color":"var(--ast-global-color-5)","background-image":"","background-repeat":"repeat","background-position":"center center","background-size":"auto","background-attachment":"scroll","background-type":"","background-media":"","overlay-type":"","overlay-color":"","overlay-opacity":"","overlay-gradient":""},"tablet":{"background-color":"","background-image":"","background-repeat":"repeat","background-position":"center center","background-size":"auto","background-attachment":"scroll","background-type":"","background-media":"","overlay-type":"","overlay-color":"","overlay-opacity":"","overlay-gradient":""},"mobile":{"background-color":"","background-image":"","background-repeat":"repeat","background-position":"center center","background-size":"auto","background-attachment":"scroll","background-type":"","background-media":"","overlay-type":"","overlay-color":"","overlay-opacity":"","overlay-gradient":""}},"ast-content-background-meta":{"desktop":{"background-color":"var(--ast-global-color-4)","background-image":"","background-repeat":"repeat","background-position":"center center","background-size":"auto","background-attachment":"scroll","background-type":"","background-media":"","overlay-type":"","overlay-color":"","overlay-opacity":"","overlay-gradient":""},"tablet":{"background-color":"var(--ast-global-color-4)","background-image":"","background-repeat":"repeat","background-position":"center center","background-size":"auto","background-attachment":"scroll","background-type":"","background-media":"","overlay-type":"","overlay-color":"","overlay-opacity":"","overlay-gradient":""},"mobile":{"background-color":"var(--ast-global-color-4)","background-image":"","background-repeat":"repeat","background-position":"center center","background-size":"auto","background-attachment":"scroll","background-type":"","background-media":"","overlay-type":"","overlay-color":"","overlay-opacity":"","overlay-gradient":""}},"footnotes":""},"categories":[4,8],"tags":[],"class_list":["post-6084","post","type-post","status-publish","format-standard","hentry","category-manifestations","category-soutiens"],"_links":{"self":[{"href":"https:\/\/www.fleurdisa.org\/blog\/wp-json\/wp\/v2\/posts\/6084","targetHints":{"allow":["GET"]}}],"collection":[{"href":"https:\/\/www.fleurdisa.org\/blog\/wp-json\/wp\/v2\/posts"}],"about":[{"href":"https:\/\/www.fleurdisa.org\/blog\/wp-json\/wp\/v2\/types\/post"}],"author":[{"embeddable":true,"href":"https:\/\/www.fleurdisa.org\/blog\/wp-json\/wp\/v2\/users\/5"}],"replies":[{"embeddable":true,"href":"https:\/\/www.fleurdisa.org\/blog\/wp-json\/wp\/v2\/comments?post=6084"}],"version-history":[{"count":0,"href":"https:\/\/www.fleurdisa.org\/blog\/wp-json\/wp\/v2\/posts\/6084\/revisions"}],"wp:attachment":[{"href":"https:\/\/www.fleurdisa.org\/blog\/wp-json\/wp\/v2\/media?parent=6084"}],"wp:term":[{"taxonomy":"category","embeddable":true,"href":"https:\/\/www.fleurdisa.org\/blog\/wp-json\/wp\/v2\/categories?post=6084"},{"taxonomy":"post_tag","embeddable":true,"href":"https:\/\/www.fleurdisa.org\/blog\/wp-json\/wp\/v2\/tags?post=6084"}],"curies":[{"name":"wp","href":"https:\/\/api.w.org\/{rel}","templated":true}]}}