{"id":6064,"date":"2023-01-25T11:43:25","date_gmt":"2023-01-25T10:43:25","guid":{"rendered":"https:\/\/www.fleurdisa.org\/blog\/?p=6064"},"modified":"2023-03-30T22:02:23","modified_gmt":"2023-03-30T20:02:23","slug":"lycee-pierre-andre-chabanne-prevention","status":"publish","type":"post","link":"https:\/\/www.fleurdisa.org\/blog\/lycee-pierre-andre-chabanne-prevention\/","title":{"rendered":"Lyc\u00e9e Pierre Andr\u00e9 Chabanne &#8211; Pr\u00e9vention"},"content":{"rendered":"\n<figure class=\"wp-block-image aligncenter size-full is-resized\"><img loading=\"lazy\" decoding=\"async\" src=\"https:\/\/www.fleurdisa.org\/blog\/wp-content\/uploads\/2023\/01\/20230123_174704.jpg\" alt=\"\" class=\"wp-image-6065\" width=\"555\" height=\"416\" srcset=\"https:\/\/www.fleurdisa.org\/blog\/wp-content\/uploads\/2023\/01\/20230123_174704.jpg 1024w, https:\/\/www.fleurdisa.org\/blog\/wp-content\/uploads\/2023\/01\/20230123_174704-200x150.jpg 200w, https:\/\/www.fleurdisa.org\/blog\/wp-content\/uploads\/2023\/01\/20230123_174704-600x450.jpg 600w, https:\/\/www.fleurdisa.org\/blog\/wp-content\/uploads\/2023\/01\/20230123_174704-370x278.jpg 370w, https:\/\/www.fleurdisa.org\/blog\/wp-content\/uploads\/2023\/01\/20230123_174704-768x576.jpg 768w\" sizes=\"auto, (max-width: 555px) 100vw, 555px\" \/><\/figure>\n\n\n\n<p><\/p>\n\n\n\n<p>Dani\u00e8le Colin et Sylvie Rouqui\u00e9 ont rencontr\u00e9, le 23 Janvier 2023, 10 \u00e9l\u00e8ves de 1ere en Esth\u00e9tique du lyc\u00e9e Pierre-Andr\u00e9 Chabanne \u00e0 Chasseneuil-sur-Bonnieure, encadr\u00e9es par M\u00e9lanie Caute. <\/p>\n\n\n\n<p>L&rsquo;association a \u00e9t\u00e9 pr\u00e9sent\u00e9e et une intervention dans le cadre de la pr\u00e9vention contre le cancer a \u00e9t\u00e9 effectu\u00e9e.<\/p>\n\n\n\n<p>Les \u00e9l\u00e8ves nous ont pr\u00e9sent\u00e9 leurs projets pour aider l&rsquo;association (vente de coquelicots, cagnotte, distribution de box aux malades, &#8230;).<\/p>\n\n\n\n<p>Les \u00e9changes bien pr\u00e9par\u00e9s par les \u00e9l\u00e8ves furent int\u00e9ressants et productifs .<\/p>\n","protected":false},"excerpt":{"rendered":"<p>Dani\u00e8le Colin et Sylvie Rouqui\u00e9 ont rencontr\u00e9, le 23 Janvier 2023, 10 \u00e9l\u00e8ves de 1ere en Esth\u00e9tique du lyc\u00e9e Pierre-Andr\u00e9 [&hellip;]<\/p>\n","protected":false},"author":8,"featured_media":0,"comment_status":"open","ping_status":"open","sticky":false,"template":"","format":"standard","meta":{"site-sidebar-layout":"default","site-content-layout":"","ast-site-content-layout":"default","site-content-style":"default","site-sidebar-style":"default","ast-global-header-display":"","ast-banner-title-visibility":"","ast-main-header-display":"","ast-hfb-above-header-display":"","ast-hfb-below-header-display":"","ast-hfb-mobile-header-display":"","site-post-title":"","ast-breadcrumbs-content":"","ast-featured-img":"","footer-sml-layout":"","ast-disable-related-posts":"","theme-transparent-header-meta":"","adv-header-id-meta":"","stick-header-meta":"","header-above-stick-meta":"","header-main-stick-meta":"","header-below-stick-meta":"","astra-migrate-meta-layouts":"default","ast-page-background-enabled":"default","ast-page-background-meta":{"desktop":{"background-color":"var(--ast-global-color-5)","background-image":"","background-repeat":"repeat","background-position":"center center","background-size":"auto","background-attachment":"scroll","background-type":"","background-media":"","overlay-type":"","overlay-color":"","overlay-opacity":"","overlay-gradient":""},"tablet":{"background-color":"","background-image":"","background-repeat":"repeat","background-position":"center center","background-size":"auto","background-attachment":"scroll","background-type":"","background-media":"","overlay-type":"","overlay-color":"","overlay-opacity":"","overlay-gradient":""},"mobile":{"background-color":"","background-image":"","background-repeat":"repeat","background-position":"center center","background-size":"auto","background-attachment":"scroll","background-type":"","background-media":"","overlay-type":"","overlay-color":"","overlay-opacity":"","overlay-gradient":""}},"ast-content-background-meta":{"desktop":{"background-color":"var(--ast-global-color-4)","background-image":"","background-repeat":"repeat","background-position":"center center","background-size":"auto","background-attachment":"scroll","background-type":"","background-media":"","overlay-type":"","overlay-color":"","overlay-opacity":"","overlay-gradient":""},"tablet":{"background-color":"var(--ast-global-color-4)","background-image":"","background-repeat":"repeat","background-position":"center center","background-size":"auto","background-attachment":"scroll","background-type":"","background-media":"","overlay-type":"","overlay-color":"","overlay-opacity":"","overlay-gradient":""},"mobile":{"background-color":"var(--ast-global-color-4)","background-image":"","background-repeat":"repeat","background-position":"center center","background-size":"auto","background-attachment":"scroll","background-type":"","background-media":"","overlay-type":"","overlay-color":"","overlay-opacity":"","overlay-gradient":""}},"footnotes":""},"categories":[24],"tags":[],"class_list":["post-6064","post","type-post","status-publish","format-standard","hentry","category-prevention"],"_links":{"self":[{"href":"https:\/\/www.fleurdisa.org\/blog\/wp-json\/wp\/v2\/posts\/6064","targetHints":{"allow":["GET"]}}],"collection":[{"href":"https:\/\/www.fleurdisa.org\/blog\/wp-json\/wp\/v2\/posts"}],"about":[{"href":"https:\/\/www.fleurdisa.org\/blog\/wp-json\/wp\/v2\/types\/post"}],"author":[{"embeddable":true,"href":"https:\/\/www.fleurdisa.org\/blog\/wp-json\/wp\/v2\/users\/8"}],"replies":[{"embeddable":true,"href":"https:\/\/www.fleurdisa.org\/blog\/wp-json\/wp\/v2\/comments?post=6064"}],"version-history":[{"count":0,"href":"https:\/\/www.fleurdisa.org\/blog\/wp-json\/wp\/v2\/posts\/6064\/revisions"}],"wp:attachment":[{"href":"https:\/\/www.fleurdisa.org\/blog\/wp-json\/wp\/v2\/media?parent=6064"}],"wp:term":[{"taxonomy":"category","embeddable":true,"href":"https:\/\/www.fleurdisa.org\/blog\/wp-json\/wp\/v2\/categories?post=6064"},{"taxonomy":"post_tag","embeddable":true,"href":"https:\/\/www.fleurdisa.org\/blog\/wp-json\/wp\/v2\/tags?post=6064"}],"curies":[{"name":"wp","href":"https:\/\/api.w.org\/{rel}","templated":true}]}}