{"id":5991,"date":"2022-12-08T14:48:54","date_gmt":"2022-12-08T13:48:54","guid":{"rendered":"https:\/\/www.fleurdisa.org\/blog\/?p=5991"},"modified":"2023-03-29T16:33:49","modified_gmt":"2023-03-29T14:33:49","slug":"remise-de-cheque-a-la-mairie-de-saint-angeau","status":"publish","type":"post","link":"https:\/\/www.fleurdisa.org\/blog\/remise-de-cheque-a-la-mairie-de-saint-angeau\/","title":{"rendered":"Remise de ch\u00e8que \u00e0 la Mairie de Saint-Angeau"},"content":{"rendered":"\n<p>La remise des fonds collect\u00e9s lors de la marche \u00e0 Sainte-Colombe, le 23 octobre a eu lieu le 7 d\u00e9cembre. Les fonds collect\u00e9s ont \u00e9t\u00e9 partag\u00e9s entre les associations \u00ab\u00a0Jeune et Rose\u00a0\u00bb, \u00ab\u00a0Fleur d&rsquo;Isa\u00a0\u00bb et une partie \u00e0 \u00ab\u00a0La Ligue contre le cancer\u00a0\u00bb.<br>Les 2 premi\u00e8res associations \u00e9taient pr\u00e9sentes pour le moment de convivialit\u00e9 organis\u00e9 en pr\u00e9sence de Madame la Maire, ses adjointes, des diff\u00e9rentes associations participantes \u00e0 cette journ\u00e9e et des instituts qui ont collect\u00e9s des dons.<br>Rendez-vous est pris pour l&rsquo;an prochain <\/p>\n\n\n\n<figure class=\"wp-block-image aligncenter size-large is-resized\"><img loading=\"lazy\" decoding=\"async\" src=\"https:\/\/www.fleurdisa.org\/blog\/wp-content\/uploads\/2022\/12\/Saint-Angeau-1024x473.jpg\" alt=\"\" class=\"wp-image-5992\" width=\"512\" height=\"237\" srcset=\"https:\/\/www.fleurdisa.org\/blog\/wp-content\/uploads\/2022\/12\/Saint-Angeau-1024x473.jpg 1024w, https:\/\/www.fleurdisa.org\/blog\/wp-content\/uploads\/2022\/12\/Saint-Angeau-600x277.jpg 600w, https:\/\/www.fleurdisa.org\/blog\/wp-content\/uploads\/2022\/12\/Saint-Angeau-370x171.jpg 370w, https:\/\/www.fleurdisa.org\/blog\/wp-content\/uploads\/2022\/12\/Saint-Angeau-768x355.jpg 768w, https:\/\/www.fleurdisa.org\/blog\/wp-content\/uploads\/2022\/12\/Saint-Angeau-200x92.jpg 200w, https:\/\/www.fleurdisa.org\/blog\/wp-content\/uploads\/2022\/12\/Saint-Angeau.jpg 1280w\" sizes=\"auto, (max-width: 512px) 100vw, 512px\" \/><\/figure>\n","protected":false},"excerpt":{"rendered":"<p>La remise des fonds collect\u00e9s lors de la marche \u00e0 Sainte-Colombe, le 23 octobre a eu lieu le 7 d\u00e9cembre. [&hellip;]<\/p>\n","protected":false},"author":5,"featured_media":0,"comment_status":"open","ping_status":"open","sticky":false,"template":"","format":"standard","meta":{"site-sidebar-layout":"default","site-content-layout":"","ast-site-content-layout":"default","site-content-style":"default","site-sidebar-style":"default","ast-global-header-display":"","ast-banner-title-visibility":"","ast-main-header-display":"","ast-hfb-above-header-display":"","ast-hfb-below-header-display":"","ast-hfb-mobile-header-display":"","site-post-title":"","ast-breadcrumbs-content":"","ast-featured-img":"","footer-sml-layout":"","ast-disable-related-posts":"","theme-transparent-header-meta":"","adv-header-id-meta":"","stick-header-meta":"","header-above-stick-meta":"","header-main-stick-meta":"","header-below-stick-meta":"","astra-migrate-meta-layouts":"default","ast-page-background-enabled":"default","ast-page-background-meta":{"desktop":{"background-color":"var(--ast-global-color-5)","background-image":"","background-repeat":"repeat","background-position":"center center","background-size":"auto","background-attachment":"scroll","background-type":"","background-media":"","overlay-type":"","overlay-color":"","overlay-opacity":"","overlay-gradient":""},"tablet":{"background-color":"","background-image":"","background-repeat":"repeat","background-position":"center center","background-size":"auto","background-attachment":"scroll","background-type":"","background-media":"","overlay-type":"","overlay-color":"","overlay-opacity":"","overlay-gradient":""},"mobile":{"background-color":"","background-image":"","background-repeat":"repeat","background-position":"center center","background-size":"auto","background-attachment":"scroll","background-type":"","background-media":"","overlay-type":"","overlay-color":"","overlay-opacity":"","overlay-gradient":""}},"ast-content-background-meta":{"desktop":{"background-color":"var(--ast-global-color-4)","background-image":"","background-repeat":"repeat","background-position":"center center","background-size":"auto","background-attachment":"scroll","background-type":"","background-media":"","overlay-type":"","overlay-color":"","overlay-opacity":"","overlay-gradient":""},"tablet":{"background-color":"var(--ast-global-color-4)","background-image":"","background-repeat":"repeat","background-position":"center center","background-size":"auto","background-attachment":"scroll","background-type":"","background-media":"","overlay-type":"","overlay-color":"","overlay-opacity":"","overlay-gradient":""},"mobile":{"background-color":"var(--ast-global-color-4)","background-image":"","background-repeat":"repeat","background-position":"center center","background-size":"auto","background-attachment":"scroll","background-type":"","background-media":"","overlay-type":"","overlay-color":"","overlay-opacity":"","overlay-gradient":""}},"footnotes":""},"categories":[4,8],"tags":[],"class_list":["post-5991","post","type-post","status-publish","format-standard","hentry","category-manifestations","category-soutiens"],"_links":{"self":[{"href":"https:\/\/www.fleurdisa.org\/blog\/wp-json\/wp\/v2\/posts\/5991","targetHints":{"allow":["GET"]}}],"collection":[{"href":"https:\/\/www.fleurdisa.org\/blog\/wp-json\/wp\/v2\/posts"}],"about":[{"href":"https:\/\/www.fleurdisa.org\/blog\/wp-json\/wp\/v2\/types\/post"}],"author":[{"embeddable":true,"href":"https:\/\/www.fleurdisa.org\/blog\/wp-json\/wp\/v2\/users\/5"}],"replies":[{"embeddable":true,"href":"https:\/\/www.fleurdisa.org\/blog\/wp-json\/wp\/v2\/comments?post=5991"}],"version-history":[{"count":0,"href":"https:\/\/www.fleurdisa.org\/blog\/wp-json\/wp\/v2\/posts\/5991\/revisions"}],"wp:attachment":[{"href":"https:\/\/www.fleurdisa.org\/blog\/wp-json\/wp\/v2\/media?parent=5991"}],"wp:term":[{"taxonomy":"category","embeddable":true,"href":"https:\/\/www.fleurdisa.org\/blog\/wp-json\/wp\/v2\/categories?post=5991"},{"taxonomy":"post_tag","embeddable":true,"href":"https:\/\/www.fleurdisa.org\/blog\/wp-json\/wp\/v2\/tags?post=5991"}],"curies":[{"name":"wp","href":"https:\/\/api.w.org\/{rel}","templated":true}]}}