{"id":5928,"date":"2022-11-07T10:23:11","date_gmt":"2022-11-07T09:23:11","guid":{"rendered":"https:\/\/www.fleurdisa.org\/blog\/?p=5928"},"modified":"2022-11-07T10:23:11","modified_gmt":"2022-11-07T09:23:11","slug":"expo-vente-au-marche-dedith-2","status":"publish","type":"post","link":"https:\/\/www.fleurdisa.org\/blog\/expo-vente-au-marche-dedith-2\/","title":{"rendered":"Expo-vente au March\u00e9 d&rsquo;Edith"},"content":{"rendered":"\n<p>Fleur d&rsquo;Isa \u00e9tait pr\u00e9sente au March\u00e9 d\u2019\u00c9dith les 4 et 5 novembre.<br>De nombreux visiteurs, parmi lesquels des fid\u00e8les soutiens, sont venus contribuer \u00e0 la r\u00e9ussite de cette manifestation.<br>L&rsquo;occasion de pr\u00e9parer les cadeaux de No\u00ebl.<br>La porcelaine peinte \u00e0 la main par Simone, des articles en patchwork et couture, des bijoux, des d\u00e9co de No\u00ebl, &#8230;.. ont eu beaucoup de succ\u00e8s.<br>Toutes ces \u0153uvres, r\u00e9alis\u00e9es \u00e0 la main par des b\u00e9n\u00e9voles sont vendues pour financer des soins de support aux malades du cancer en traitement de chimioth\u00e9rapie en Charente.<\/p>\n\n\n\n<p>Un grand MERCI \u00e0 \u00c9dith et sa sympathique \u00e9quipe pour ce soutien p\u00e9renne.<\/p>\n\n\n\n<figure class=\"wp-block-gallery has-nested-images columns-default is-cropped wp-block-gallery-1 is-layout-flex wp-block-gallery-is-layout-flex\">\n<figure class=\"wp-block-image size-large\"><img loading=\"lazy\" decoding=\"async\" width=\"1024\" height=\"768\" data-id=\"5931\" src=\"https:\/\/www.fleurdisa.org\/blog\/wp-content\/uploads\/2022\/11\/20221105_092101-1024x768.png\" alt=\"\" class=\"wp-image-5931\" srcset=\"https:\/\/www.fleurdisa.org\/blog\/wp-content\/uploads\/2022\/11\/20221105_092101-1024x768.png 1024w, https:\/\/www.fleurdisa.org\/blog\/wp-content\/uploads\/2022\/11\/20221105_092101-200x150.png 200w, https:\/\/www.fleurdisa.org\/blog\/wp-content\/uploads\/2022\/11\/20221105_092101-600x450.png 600w, https:\/\/www.fleurdisa.org\/blog\/wp-content\/uploads\/2022\/11\/20221105_092101-370x278.png 370w, https:\/\/www.fleurdisa.org\/blog\/wp-content\/uploads\/2022\/11\/20221105_092101-768x576.png 768w, https:\/\/www.fleurdisa.org\/blog\/wp-content\/uploads\/2022\/11\/20221105_092101.png 1280w\" sizes=\"auto, (max-width: 1024px) 100vw, 1024px\" \/><\/figure>\n\n\n\n<figure class=\"wp-block-image size-large\"><img loading=\"lazy\" decoding=\"async\" width=\"1024\" height=\"768\" data-id=\"5930\" src=\"https:\/\/www.fleurdisa.org\/blog\/wp-content\/uploads\/2022\/11\/20221105_092145-1024x768.png\" alt=\"\" class=\"wp-image-5930\" srcset=\"https:\/\/www.fleurdisa.org\/blog\/wp-content\/uploads\/2022\/11\/20221105_092145-1024x768.png 1024w, https:\/\/www.fleurdisa.org\/blog\/wp-content\/uploads\/2022\/11\/20221105_092145-200x150.png 200w, https:\/\/www.fleurdisa.org\/blog\/wp-content\/uploads\/2022\/11\/20221105_092145-600x450.png 600w, https:\/\/www.fleurdisa.org\/blog\/wp-content\/uploads\/2022\/11\/20221105_092145-370x278.png 370w, https:\/\/www.fleurdisa.org\/blog\/wp-content\/uploads\/2022\/11\/20221105_092145-768x576.png 768w, https:\/\/www.fleurdisa.org\/blog\/wp-content\/uploads\/2022\/11\/20221105_092145.png 1280w\" sizes=\"auto, (max-width: 1024px) 100vw, 1024px\" \/><\/figure>\n\n\n\n<figure class=\"wp-block-image size-large\"><img loading=\"lazy\" decoding=\"async\" width=\"1024\" height=\"768\" data-id=\"5929\" src=\"https:\/\/www.fleurdisa.org\/blog\/wp-content\/uploads\/2022\/11\/IMG_1098-1024x768.jpg\" alt=\"\" class=\"wp-image-5929\" srcset=\"https:\/\/www.fleurdisa.org\/blog\/wp-content\/uploads\/2022\/11\/IMG_1098-1024x768.jpg 1024w, https:\/\/www.fleurdisa.org\/blog\/wp-content\/uploads\/2022\/11\/IMG_1098-200x150.jpg 200w, https:\/\/www.fleurdisa.org\/blog\/wp-content\/uploads\/2022\/11\/IMG_1098-rotated-600x450.jpg 600w, https:\/\/www.fleurdisa.org\/blog\/wp-content\/uploads\/2022\/11\/IMG_1098-370x278.jpg 370w, https:\/\/www.fleurdisa.org\/blog\/wp-content\/uploads\/2022\/11\/IMG_1098-768x576.jpg 768w, https:\/\/www.fleurdisa.org\/blog\/wp-content\/uploads\/2022\/11\/IMG_1098-1536x1152.jpg 1536w, https:\/\/www.fleurdisa.org\/blog\/wp-content\/uploads\/2022\/11\/IMG_1098-rotated.jpg 2016w\" sizes=\"auto, (max-width: 1024px) 100vw, 1024px\" \/><\/figure>\n<\/figure>\n","protected":false},"excerpt":{"rendered":"<p>Fleur d&rsquo;Isa \u00e9tait pr\u00e9sente au March\u00e9 d\u2019\u00c9dith les 4 et 5 novembre.De nombreux visiteurs, parmi lesquels des fid\u00e8les soutiens, sont [&hellip;]<\/p>\n","protected":false},"author":5,"featured_media":0,"comment_status":"open","ping_status":"open","sticky":false,"template":"","format":"standard","meta":{"site-sidebar-layout":"default","site-content-layout":"","ast-site-content-layout":"default","site-content-style":"default","site-sidebar-style":"default","ast-global-header-display":"","ast-banner-title-visibility":"","ast-main-header-display":"","ast-hfb-above-header-display":"","ast-hfb-below-header-display":"","ast-hfb-mobile-header-display":"","site-post-title":"","ast-breadcrumbs-content":"","ast-featured-img":"","footer-sml-layout":"","ast-disable-related-posts":"","theme-transparent-header-meta":"","adv-header-id-meta":"","stick-header-meta":"","header-above-stick-meta":"","header-main-stick-meta":"","header-below-stick-meta":"","astra-migrate-meta-layouts":"default","ast-page-background-enabled":"default","ast-page-background-meta":{"desktop":{"background-color":"var(--ast-global-color-5)","background-image":"","background-repeat":"repeat","background-position":"center center","background-size":"auto","background-attachment":"scroll","background-type":"","background-media":"","overlay-type":"","overlay-color":"","overlay-opacity":"","overlay-gradient":""},"tablet":{"background-color":"","background-image":"","background-repeat":"repeat","background-position":"center center","background-size":"auto","background-attachment":"scroll","background-type":"","background-media":"","overlay-type":"","overlay-color":"","overlay-opacity":"","overlay-gradient":""},"mobile":{"background-color":"","background-image":"","background-repeat":"repeat","background-position":"center center","background-size":"auto","background-attachment":"scroll","background-type":"","background-media":"","overlay-type":"","overlay-color":"","overlay-opacity":"","overlay-gradient":""}},"ast-content-background-meta":{"desktop":{"background-color":"var(--ast-global-color-4)","background-image":"","background-repeat":"repeat","background-position":"center center","background-size":"auto","background-attachment":"scroll","background-type":"","background-media":"","overlay-type":"","overlay-color":"","overlay-opacity":"","overlay-gradient":""},"tablet":{"background-color":"var(--ast-global-color-4)","background-image":"","background-repeat":"repeat","background-position":"center center","background-size":"auto","background-attachment":"scroll","background-type":"","background-media":"","overlay-type":"","overlay-color":"","overlay-opacity":"","overlay-gradient":""},"mobile":{"background-color":"var(--ast-global-color-4)","background-image":"","background-repeat":"repeat","background-position":"center center","background-size":"auto","background-attachment":"scroll","background-type":"","background-media":"","overlay-type":"","overlay-color":"","overlay-opacity":"","overlay-gradient":""}},"footnotes":""},"categories":[4,8],"tags":[],"class_list":["post-5928","post","type-post","status-publish","format-standard","hentry","category-manifestations","category-soutiens"],"_links":{"self":[{"href":"https:\/\/www.fleurdisa.org\/blog\/wp-json\/wp\/v2\/posts\/5928","targetHints":{"allow":["GET"]}}],"collection":[{"href":"https:\/\/www.fleurdisa.org\/blog\/wp-json\/wp\/v2\/posts"}],"about":[{"href":"https:\/\/www.fleurdisa.org\/blog\/wp-json\/wp\/v2\/types\/post"}],"author":[{"embeddable":true,"href":"https:\/\/www.fleurdisa.org\/blog\/wp-json\/wp\/v2\/users\/5"}],"replies":[{"embeddable":true,"href":"https:\/\/www.fleurdisa.org\/blog\/wp-json\/wp\/v2\/comments?post=5928"}],"version-history":[{"count":0,"href":"https:\/\/www.fleurdisa.org\/blog\/wp-json\/wp\/v2\/posts\/5928\/revisions"}],"wp:attachment":[{"href":"https:\/\/www.fleurdisa.org\/blog\/wp-json\/wp\/v2\/media?parent=5928"}],"wp:term":[{"taxonomy":"category","embeddable":true,"href":"https:\/\/www.fleurdisa.org\/blog\/wp-json\/wp\/v2\/categories?post=5928"},{"taxonomy":"post_tag","embeddable":true,"href":"https:\/\/www.fleurdisa.org\/blog\/wp-json\/wp\/v2\/tags?post=5928"}],"curies":[{"name":"wp","href":"https:\/\/api.w.org\/{rel}","templated":true}]}}