{"id":4614,"date":"2021-07-02T19:35:00","date_gmt":"2021-07-02T18:35:00","guid":{"rendered":"http:\/\/www.fleurdisa.org\/blog\/?p=4614"},"modified":"2021-07-08T14:30:43","modified_gmt":"2021-07-08T12:30:43","slug":"don-du-rotaract-dangouleme","status":"publish","type":"post","link":"https:\/\/www.fleurdisa.org\/blog\/don-du-rotaract-dangouleme\/","title":{"rendered":"Don du ROTARACT d\u2019Angoul\u00eame"},"content":{"rendered":"\n<p>Soir\u00e9e charg\u00e9e en \u00e9motion vendredi 2 juillet lors de la remise du ch\u00e8que du ROTARACT d\u2019Angoul\u00eame \u00e0 Fleur d&rsquo;Isa.<\/p>\n\n\n\n<p>Gauthier PRADIER, pr\u00e9sident de mi 2020 \u00e0 mi 2021 a tenu \u00e0 mener des actions au profit de Fleur d&rsquo;Isa. <\/p>\n\n\n\n<div class=\"wp-block-image is-style-default\"><figure class=\"aligncenter size-medium\"><img loading=\"lazy\" decoding=\"async\" width=\"278\" height=\"370\" src=\"http:\/\/www.fleurdisa.org\/blog\/wp-content\/uploads\/2021\/07\/IMG_7256-2-278x370.jpg\" alt=\"\" class=\"wp-image-4637\" srcset=\"https:\/\/www.fleurdisa.org\/blog\/wp-content\/uploads\/2021\/07\/IMG_7256-2-278x370.jpg 278w, https:\/\/www.fleurdisa.org\/blog\/wp-content\/uploads\/2021\/07\/IMG_7256-2-scaled-600x800.jpg 600w, https:\/\/www.fleurdisa.org\/blog\/wp-content\/uploads\/2021\/07\/IMG_7256-2-768x1024.jpg 768w, https:\/\/www.fleurdisa.org\/blog\/wp-content\/uploads\/2021\/07\/IMG_7256-2-1152x1536.jpg 1152w, https:\/\/www.fleurdisa.org\/blog\/wp-content\/uploads\/2021\/07\/IMG_7256-2-1536x2048.jpg 1536w, https:\/\/www.fleurdisa.org\/blog\/wp-content\/uploads\/2021\/07\/IMG_7256-2-scaled.jpg 1920w\" sizes=\"auto, (max-width: 278px) 100vw, 278px\" \/><\/figure><\/div>\n\n\n\n<p>Convaincu de l&rsquo;importance des soins offerts par notre association, ayant bien connu Isabelle et tr\u00e8s bon ami de son plus jeune fils, Jules, Gauthier a eu beaucoup de mal \u00e0 masquer ses \u00e9motions lors de la remise du ch\u00e8que de 2 000\u20ac. Cette \u00e9motion \u00e9tait largement partag\u00e9e par Fran\u00e7oise CAPDEVIELLE, pr\u00e9sidente de Fleur d&rsquo;Isa qui a tenu \u00e0 remercier ce club service de jeunes pour leur engagement solidaire.<\/p>\n\n\n\n<figure class=\"wp-block-gallery aligncenter columns-2 is-cropped wp-block-gallery-1 is-layout-flex wp-block-gallery-is-layout-flex\"><ul class=\"blocks-gallery-grid\"><li class=\"blocks-gallery-item\"><figure><img loading=\"lazy\" decoding=\"async\" width=\"1920\" height=\"2560\" src=\"http:\/\/www.fleurdisa.org\/blog\/wp-content\/uploads\/2021\/07\/IMG_7267-1-scaled.jpg\" alt=\"\" data-id=\"4623\" data-full-url=\"http:\/\/www.fleurdisa.org\/blog\/wp-content\/uploads\/2021\/07\/IMG_7267-1-scaled.jpg\" data-link=\"http:\/\/www.fleurdisa.org\/blog\/?attachment_id=4623\" class=\"wp-image-4623\" srcset=\"https:\/\/www.fleurdisa.org\/blog\/wp-content\/uploads\/2021\/07\/IMG_7267-1-scaled.jpg 1920w, https:\/\/www.fleurdisa.org\/blog\/wp-content\/uploads\/2021\/07\/IMG_7267-1-scaled-600x800.jpg 600w, https:\/\/www.fleurdisa.org\/blog\/wp-content\/uploads\/2021\/07\/IMG_7267-1-278x370.jpg 278w, https:\/\/www.fleurdisa.org\/blog\/wp-content\/uploads\/2021\/07\/IMG_7267-1-768x1024.jpg 768w, https:\/\/www.fleurdisa.org\/blog\/wp-content\/uploads\/2021\/07\/IMG_7267-1-1152x1536.jpg 1152w, https:\/\/www.fleurdisa.org\/blog\/wp-content\/uploads\/2021\/07\/IMG_7267-1-1536x2048.jpg 1536w\" sizes=\"auto, (max-width: 1920px) 100vw, 1920px\" \/><\/figure><\/li><li class=\"blocks-gallery-item\"><figure><img loading=\"lazy\" decoding=\"async\" width=\"1920\" height=\"2560\" src=\"http:\/\/www.fleurdisa.org\/blog\/wp-content\/uploads\/2021\/07\/IMG_7269-1-scaled.jpg\" alt=\"\" data-id=\"4624\" data-full-url=\"http:\/\/www.fleurdisa.org\/blog\/wp-content\/uploads\/2021\/07\/IMG_7269-1-scaled.jpg\" data-link=\"http:\/\/www.fleurdisa.org\/blog\/?attachment_id=4624\" class=\"wp-image-4624\" srcset=\"https:\/\/www.fleurdisa.org\/blog\/wp-content\/uploads\/2021\/07\/IMG_7269-1-scaled.jpg 1920w, https:\/\/www.fleurdisa.org\/blog\/wp-content\/uploads\/2021\/07\/IMG_7269-1-scaled-600x800.jpg 600w, https:\/\/www.fleurdisa.org\/blog\/wp-content\/uploads\/2021\/07\/IMG_7269-1-278x370.jpg 278w, https:\/\/www.fleurdisa.org\/blog\/wp-content\/uploads\/2021\/07\/IMG_7269-1-768x1024.jpg 768w, https:\/\/www.fleurdisa.org\/blog\/wp-content\/uploads\/2021\/07\/IMG_7269-1-1152x1536.jpg 1152w, https:\/\/www.fleurdisa.org\/blog\/wp-content\/uploads\/2021\/07\/IMG_7269-1-1536x2048.jpg 1536w\" sizes=\"auto, (max-width: 1920px) 100vw, 1920px\" \/><\/figure><\/li><\/ul><\/figure>\n\n\n\n<p>Cette soir\u00e9e \u00e9tait aussi celle de la passation de pouvoir de pr\u00e9sidence de Gauthier \u00e0 Cindy MONTALESCOT.<\/p>\n\n\n\n<div class=\"wp-block-image\"><figure class=\"aligncenter size-medium\"><img loading=\"lazy\" decoding=\"async\" width=\"278\" height=\"370\" src=\"http:\/\/www.fleurdisa.org\/blog\/wp-content\/uploads\/2021\/07\/IMG_7258-3-278x370.jpg\" alt=\"\" class=\"wp-image-4640\" srcset=\"https:\/\/www.fleurdisa.org\/blog\/wp-content\/uploads\/2021\/07\/IMG_7258-3-278x370.jpg 278w, https:\/\/www.fleurdisa.org\/blog\/wp-content\/uploads\/2021\/07\/IMG_7258-3-scaled-600x800.jpg 600w, https:\/\/www.fleurdisa.org\/blog\/wp-content\/uploads\/2021\/07\/IMG_7258-3-768x1024.jpg 768w, https:\/\/www.fleurdisa.org\/blog\/wp-content\/uploads\/2021\/07\/IMG_7258-3-1152x1536.jpg 1152w, https:\/\/www.fleurdisa.org\/blog\/wp-content\/uploads\/2021\/07\/IMG_7258-3-1536x2048.jpg 1536w, https:\/\/www.fleurdisa.org\/blog\/wp-content\/uploads\/2021\/07\/IMG_7258-3-scaled.jpg 1920w\" sizes=\"auto, (max-width: 278px) 100vw, 278px\" \/><\/figure><\/div>\n\n\n\n<div class=\"wp-block-image\"><figure class=\"aligncenter size-medium\"><img loading=\"lazy\" decoding=\"async\" width=\"370\" height=\"278\" src=\"http:\/\/www.fleurdisa.org\/blog\/wp-content\/uploads\/2021\/07\/IMG_7263-5-370x278.jpg\" alt=\"\" class=\"wp-image-4646\" srcset=\"https:\/\/www.fleurdisa.org\/blog\/wp-content\/uploads\/2021\/07\/IMG_7263-5-370x278.jpg 370w, https:\/\/www.fleurdisa.org\/blog\/wp-content\/uploads\/2021\/07\/IMG_7263-5-scaled-200x150.jpg 200w, https:\/\/www.fleurdisa.org\/blog\/wp-content\/uploads\/2021\/07\/IMG_7263-5-scaled-600x450.jpg 600w, https:\/\/www.fleurdisa.org\/blog\/wp-content\/uploads\/2021\/07\/IMG_7263-5-1024x768.jpg 1024w, https:\/\/www.fleurdisa.org\/blog\/wp-content\/uploads\/2021\/07\/IMG_7263-5-768x576.jpg 768w, https:\/\/www.fleurdisa.org\/blog\/wp-content\/uploads\/2021\/07\/IMG_7263-5-1536x1152.jpg 1536w, https:\/\/www.fleurdisa.org\/blog\/wp-content\/uploads\/2021\/07\/IMG_7263-5-2048x1536.jpg 2048w\" sizes=\"auto, (max-width: 370px) 100vw, 370px\" \/><\/figure><\/div>\n\n\n\n<p>Encore un grand merci \u00e0 tous ces jeunes.<\/p>\n","protected":false},"excerpt":{"rendered":"<p>Soir\u00e9e charg\u00e9e en \u00e9motion vendredi 2 juillet lors de la remise du ch\u00e8que du ROTARACT d\u2019Angoul\u00eame \u00e0 Fleur d&rsquo;Isa. Gauthier [&hellip;]<\/p>\n","protected":false},"author":5,"featured_media":0,"comment_status":"open","ping_status":"open","sticky":false,"template":"","format":"standard","meta":{"site-sidebar-layout":"default","site-content-layout":"","ast-site-content-layout":"default","site-content-style":"default","site-sidebar-style":"default","ast-global-header-display":"","ast-banner-title-visibility":"","ast-main-header-display":"","ast-hfb-above-header-display":"","ast-hfb-below-header-display":"","ast-hfb-mobile-header-display":"","site-post-title":"","ast-breadcrumbs-content":"","ast-featured-img":"","footer-sml-layout":"","ast-disable-related-posts":"","theme-transparent-header-meta":"","adv-header-id-meta":"","stick-header-meta":"","header-above-stick-meta":"","header-main-stick-meta":"","header-below-stick-meta":"","astra-migrate-meta-layouts":"default","ast-page-background-enabled":"default","ast-page-background-meta":{"desktop":{"background-color":"var(--ast-global-color-5)","background-image":"","background-repeat":"repeat","background-position":"center center","background-size":"auto","background-attachment":"scroll","background-type":"","background-media":"","overlay-type":"","overlay-color":"","overlay-opacity":"","overlay-gradient":""},"tablet":{"background-color":"","background-image":"","background-repeat":"repeat","background-position":"center center","background-size":"auto","background-attachment":"scroll","background-type":"","background-media":"","overlay-type":"","overlay-color":"","overlay-opacity":"","overlay-gradient":""},"mobile":{"background-color":"","background-image":"","background-repeat":"repeat","background-position":"center center","background-size":"auto","background-attachment":"scroll","background-type":"","background-media":"","overlay-type":"","overlay-color":"","overlay-opacity":"","overlay-gradient":""}},"ast-content-background-meta":{"desktop":{"background-color":"var(--ast-global-color-4)","background-image":"","background-repeat":"repeat","background-position":"center center","background-size":"auto","background-attachment":"scroll","background-type":"","background-media":"","overlay-type":"","overlay-color":"","overlay-opacity":"","overlay-gradient":""},"tablet":{"background-color":"var(--ast-global-color-4)","background-image":"","background-repeat":"repeat","background-position":"center center","background-size":"auto","background-attachment":"scroll","background-type":"","background-media":"","overlay-type":"","overlay-color":"","overlay-opacity":"","overlay-gradient":""},"mobile":{"background-color":"var(--ast-global-color-4)","background-image":"","background-repeat":"repeat","background-position":"center center","background-size":"auto","background-attachment":"scroll","background-type":"","background-media":"","overlay-type":"","overlay-color":"","overlay-opacity":"","overlay-gradient":""}},"footnotes":""},"categories":[8],"tags":[],"class_list":["post-4614","post","type-post","status-publish","format-standard","hentry","category-soutiens"],"_links":{"self":[{"href":"https:\/\/www.fleurdisa.org\/blog\/wp-json\/wp\/v2\/posts\/4614","targetHints":{"allow":["GET"]}}],"collection":[{"href":"https:\/\/www.fleurdisa.org\/blog\/wp-json\/wp\/v2\/posts"}],"about":[{"href":"https:\/\/www.fleurdisa.org\/blog\/wp-json\/wp\/v2\/types\/post"}],"author":[{"embeddable":true,"href":"https:\/\/www.fleurdisa.org\/blog\/wp-json\/wp\/v2\/users\/5"}],"replies":[{"embeddable":true,"href":"https:\/\/www.fleurdisa.org\/blog\/wp-json\/wp\/v2\/comments?post=4614"}],"version-history":[{"count":0,"href":"https:\/\/www.fleurdisa.org\/blog\/wp-json\/wp\/v2\/posts\/4614\/revisions"}],"wp:attachment":[{"href":"https:\/\/www.fleurdisa.org\/blog\/wp-json\/wp\/v2\/media?parent=4614"}],"wp:term":[{"taxonomy":"category","embeddable":true,"href":"https:\/\/www.fleurdisa.org\/blog\/wp-json\/wp\/v2\/categories?post=4614"},{"taxonomy":"post_tag","embeddable":true,"href":"https:\/\/www.fleurdisa.org\/blog\/wp-json\/wp\/v2\/tags?post=4614"}],"curies":[{"name":"wp","href":"https:\/\/api.w.org\/{rel}","templated":true}]}}