{"id":4430,"date":"2021-04-08T18:44:46","date_gmt":"2021-04-08T16:44:46","guid":{"rendered":"http:\/\/www.fleurdisa.org\/blog\/?p=4430"},"modified":"2023-03-29T16:32:31","modified_gmt":"2023-03-29T14:32:31","slug":"assemblee-generale-3","status":"publish","type":"post","link":"https:\/\/www.fleurdisa.org\/blog\/assemblee-generale-3\/","title":{"rendered":"Assembl\u00e9e G\u00e9n\u00e9rale 2021"},"content":{"rendered":"\n<h1 class=\"has-text-color wp-block-heading\" style=\"color:#1a890d\"><\/h1>\n\n\n\n<p>Compte tenu de la crise sanitaire, l\u2019association Fleur d\u2019Isa n\u2019a pas pu tenir son assembl\u00e9e g\u00e9n\u00e9rale en pr\u00e9sentiel.<br>Les diff\u00e9rents rapports ont \u00e9t\u00e9 adress\u00e9s aux adh\u00e9rents pour vote par correspondance (mails ou courriers). Les coupons r\u00e9ponse sont parvenus au 30 mars 2021, dernier d\u00e9lai fix\u00e9 aux adh\u00e9rents.<br>Coupons r\u00e9ponse re\u00e7us&nbsp;: 72<br><br><strong>Rapport Moral<\/strong><br><br><strong>Une dr\u00f4le d\u2019ann\u00e9e vient de se terminer et pour beaucoup sans regret avec le secret espoir que celle qui vient de d\u00e9buter sera diff\u00e9rente et qu\u2019elle permettra de reprendre une vie normale.<br>2021 vient de commencer comme s\u2019est termin\u00e9e 2020 entre couvre-feu, confinement et espoir dans la vaccination. Cette derni\u00e8re tant attendue ou rejet\u00e9e, c\u2019est selon, est en plein balbutiement et d\u2019une mise en \u0153uvre&nbsp; d\u00e9licate auquel s\u2019ajoute le manque de doses de vaccin pour faire face \u00e0 la demande.<br>La population ne sait plus quel comportement adopter, ce qu\u2019elle sait c\u2019est qu\u2019elle va devoir s\u2019armer de patience et de compr\u00e9hension pour accepter ce qui para\u00eet incompr\u00e9hensible.<br>C\u2019est dans ce contexte que Fleur d\u2019Isa a tent\u00e9 de mener ses actions aupr\u00e8s des malades du cancer au cours de l\u2019ann\u00e9e \u00e9coul\u00e9e. Il a fallu prendre en compte, et c\u2019est justifi\u00e9, les d\u00e9cisions des structures hospitali\u00e8res de fermer leur acc\u00e8s aux personnes venant de l\u2019ext\u00e9rieur. Dans le m\u00eame temps nous ne pouvions faire prendre aucun risque \u00e0 nos intervenantes.<br>Les malades ont \u00e9t\u00e9 priv\u00e9s des soins de Fleur d\u2019Isa et victimes collat\u00e9rales du COVID 19.<br>Une baisse tr\u00e8s nette de notre activit\u00e9 est constat\u00e9e, que ce soit au niveau des soins ou de nos op\u00e9rations pour les financer.<br>Mais si le COVID 19 a perturb\u00e9 fortement le d\u00e9roulement de nos actions, il n\u2019a pas g\u00ean\u00e9 l\u2019exceptionnel&nbsp; \u00e9lan de g\u00e9n\u00e9rosit\u00e9 en faveur de Fleur d\u2019Isa et de la cause qu\u2019elle soutient.<br>C\u2019est gr\u00e2ce \u00e0 cette g\u00e9n\u00e9rosit\u00e9 que l\u2019action de Fleur d\u2019Isa a pu se d\u00e9rouler dans les moments possibles et ainsi maintenir la r\u00e9mun\u00e9ration de ses professionnelles.<br>MERCI \u00e0 tous les donateurs, \u00e0 vous qui sans rel\u00e2che apportez votre soutien, mais le mot merci est-il suffisamment fort pour exprimer ce que ressentent les administrateurs de notre association&nbsp;? Nous l\u2019esp\u00e9rons.<br>Nous n\u2019oublions pas celles et ceux qui ont \u00e9t\u00e9 emp\u00each\u00e9s, qui toujours sont \u00e0 nos c\u00f4t\u00e9s et qui ont eu \u00e0 souffrir de report et d\u2019annulation de leur activit\u00e9. Nous esp\u00e9rons que la fin de l\u2019entracte est proche et que nous retrouverons tr\u00e8s vite, pour reprendre, l\u00e0 o\u00f9 nous l\u2019avons laiss\u00e9, le cours des choses.<br>Pour l\u2019instant Fleur d\u2019Isa poursuit&nbsp; son activit\u00e9 aupr\u00e8s des malades du cancer en respectant les r\u00e8gles \u00e9dict\u00e9es par les instances dirigeantes avec la volont\u00e9 d\u2019apporter les soins attendus.<br>Consid\u00e9rant que si la pand\u00e9mie est une pr\u00e9occupation premi\u00e8re elle ne peut exclure les autres maladies et leurs cons\u00e9quences.<\/strong><\/p>\n\n\n\n<p><strong><u>Le rapport moral est adopt\u00e9 \u00e0 l\u2019unanimit\u00e9.<\/u><\/strong><\/p>\n\n\n\n<p><strong><u>Rapport d\u2019activit\u00e9<\/u><\/strong><\/p>\n\n\n\n<p>Cette ann\u00e9e, ce rapport d\u2019activit\u00e9 fait \u00e9tat de 2 situations inhabituelles&nbsp;:<\/p>\n\n\n\n<p>La 1<sup>\u00e8re<\/sup>&nbsp;: une baisse tr\u00e8s importante du nombre de soins offerts aux malades du fait de l\u2019impossibilit\u00e9 d\u2019acc\u00e9der aux structures hospitali\u00e8res pendant les 2 p\u00e9riodes de confinement<\/p>\n\n\n\n<p>La 2<sup>\u00e8me<\/sup>&nbsp;: le faible nombre d\u2019activit\u00e9s directement organis\u00e9es par Fleur d\u2019Isa li\u00e9 aux contraintes sanitaires<\/p>\n\n\n\n<p>Heureusement une forte mobilisation, par de nombreuses op\u00e9rations de soutien a permis \u00e0 l\u2019association de continuer \u00e0 collecter des fonds afin d\u2019assurer les r\u00e9mun\u00e9rations de ses professionnelles tout au long de l\u2019ann\u00e9e.<\/p>\n\n\n\n<p><strong><u>Nos actions aupr\u00e8s des malades :<\/u><\/strong><\/p>\n\n\n\n<p>* <strong><u>Interventions aupr\u00e8s des malades<\/u> dans les \u00e9tablissements charentais de sant\u00e9 ayant sign\u00e9 une convention avec Fleur d\u2019Isa <\/strong>: Centre Hospitalier d\u2019Angoul\u00eame, Centre Clinical de Soyaux et Centre Hospitalier Intercommunal du Pays de Cognac et Sant\u00e9 Service Charente dans le cadre de l\u2019HAD (Hospitalisation A Domicile).<br><br>* <strong>Les intervenantes <\/strong>: esth\u00e9ticiennes, reflexologue plantaire, hypnoth\u00e9rapeute, coiffeuse-conseil, p\u00e9dicure-podologue ont r\u00e9alis\u00e9s \u00e0 ce jour 973 soins dans les trois centres conventionn\u00e9s et en HAD. Cette activit\u00e9 est largement en diminution. Celle-ci s\u2019explique par l\u2019impossibilit\u00e9 d\u2019exercer les soins pendant les p\u00e9riodes de confinement.<br><br>* <strong>Coussins-c\u0153urs<\/strong> : les clubs de Patchwork de Charente et le Club SOROPTIMIST d\u2019Angoul\u00eame r\u00e9alisent pour Fleur d\u2019Isa des coussins-c\u0153urs sp\u00e9cialement adapt\u00e9s pour les patientes op\u00e9r\u00e9es du sein. Ces coussins sont remis aux structures hospitali\u00e8res pour \u00eatre offerts aux patientes.<br><br>* <strong>Plaisirs Sucr\u00e9s <\/strong>: pour les f\u00eates de fin d\u2019ann\u00e9e, des chocolats ont \u00e9t\u00e9 offerts aux malades en traitement de chimioth\u00e9rapie (243 sachets de chocolats).<\/p>\n\n\n\n<p><strong><u>Nos op\u00e9rations de financement :<\/u><\/strong><\/p>\n\n\n\n<ul class=\"wp-block-list\"><li><strong>Exposition-vente <\/strong>de tableaux, porcelaines peintes \u00e0 la main, patchworks, objets divers offerts par des artistes <strong>les 22 et 23\/02\/2020 dans le cadre des journ\u00e9es des Moulins au Moulin de la Pierre \u00e0 MOULINS SUR TARDOIRE (VILHONNEUR)<\/strong><\/li><\/ul>\n\n\n\n<p>Les expositions-ventes traditionnellement organis\u00e9es au Prieur\u00e9 de Rauzet \u00e0 Combiers, au March\u00e9 d\u2019\u00c9dith, et dans d\u2019autres lieux n\u2019ont pu se tenir.<\/p>\n\n\n\n<p><strong><u>Des gestes solidaires&nbsp;:<\/u><\/strong><\/p>\n\n\n\n<p><strong>Op\u00e9ration Bol de Riz au lyc\u00e9e professionnel agricole de Barbezieux le 28\/01\/2020<\/strong><br><br><strong>Salon du livre \u00e0 Chalais organis\u00e9 par l\u2019association ANIM\u2019S le 08\/03\/2020<\/strong><br><br><strong>Soutien de la Pharmacie de Saint-Angeau <\/strong>qui a organis\u00e9 une collecte pour Fleur d\u2019Isa et remis un ch\u00e8que le 16\/03\/2020<br><br><strong>Soutien du groupe Makers COVID en avril, qui a offert 8 visi\u00e8res de protection pour les professionnelles de Fleur d\u2019Isa<\/strong><br><br>Le <strong>Lions Club de Rouillac<\/strong> a remis 1 ch\u00e8que \u00e0 Fleur d&rsquo;Isa le 23 juin<br><br><strong>Soutien du ROTARACT d\u2019Angoul\u00eame<\/strong> qui a organis\u00e9 des actions au profit de Fleur d\u2019Isa et remis un ch\u00e8que en ao\u00fbt 2020<br><br>Une <strong>Marche du C\u0153ur<\/strong> a \u00e9t\u00e9 organis\u00e9e \u00e0 Cognac <strong>par le CBA (Cognac Basket Avenir),<\/strong> le 5 septembre, toujours au profit de Fleur d\u2019Isa<br><br>Le <strong>Lions Club Angoul\u00eame Valois<\/strong> a remis un ch\u00e8que \u00e0 Fleur d\u2019Isa le 23\/09\/2020<br><br><strong>Soutien du Comit\u00e9 D\u00e9partemental de Tennis F\u00e9minin de la Charente&nbsp;<\/strong>qui a organis\u00e9 diff\u00e9rentes manifestations le 10 octobre. Les fonds collect\u00e9s sont partag\u00e9s entre Fleur d\u2019Isa et la Ligue contre le cancer<br><br><strong>Soutien de l&rsquo;Agence d&rsquo;Angoul\u00eame du Cr\u00e9dit Courtier de France : <\/strong>Mme Marina LAGUERRE, Directrice d\u2019Agence au Cr\u00e9dit Courtier de France \u00e0 Angoul\u00eame a organis\u00e9 une soir\u00e9e \u00ab&nbsp;D\u00e9gustation Priv\u00e9e&nbsp;\u00bb dans le cadre d\u2019Octobre Rose, au profit de Fleur d\u2019Isa le 15\/10\/2020<br><br>S<strong>outien du Club Ladies Circle 94 d\u2019Angoul\u00eame<\/strong> qui a men\u00e9 depuis 1 an \u00bd des actions au profit de Fleur d\u2019Isa et remis un ch\u00e8que le 17\/10\/2020<br><br><strong>Soutien de la<\/strong> <strong>Pharmacie de Ruelle<\/strong> qui a organis\u00e9 une collecte au profit de Fleur d\u2019Isa, dans le cadre d\u2019Octobre Rose<br><br><strong>Soutien de la Pharmacie de Pisany au Gond-Pontouvre <\/strong>qui a organis\u00e9 une collecte au profit de Fleur d\u2019Isa, dans le cadre d\u2019Octobre Rose<br><br><strong>Soutien de la<\/strong> <strong>Pharmacie de Linars<\/strong> qui a organis\u00e9 une collecte au profit de Fleur d\u2019Isa, dans le cadre d\u2019Octobre Rose<br><br><strong>Soutien de CRYO16 Sport et Sant\u00e9<\/strong> qui a revers\u00e9 une participation de 1 \u20ac \u00e0 l\u2019association pour les s\u00e9ances pratiqu\u00e9es pendant le mois d\u2019Octobre<br><br>Encore un beau geste de soutien et de solidarit\u00e9 de la part de M. et Mme OLLIVRY, opticiens au 42&nbsp; rue Aristide Briand \u00e0 Ch\u00e2teauneuf-sur-Charente <strong>(CIL Optique)<\/strong> qui ont mis en vente des coquelicots et d\u00e9cor\u00e9 leur vitrine aux couleurs de Fleur d\u2019Isa<br><br><strong>Soutien de la soci\u00e9t\u00e9 AMIL EVENT<\/strong>, qui a lanc\u00e9 le 8\/11\/2020, gr\u00e2ce au concours de la Municipalit\u00e9 d\u2019Angoul\u00eame, en lieu et place de la manifestation des Bulles Roses, une vid\u00e9o diffus\u00e9e sur la cha\u00eene Bulle de Sport, mettant en avant les associations impliqu\u00e9es dans la pr\u00e9vention du cancer du sein et invitant \u00e0 faire des dons pour Fleur d\u2019Isa<br><br>Soutien de <strong>CALITOM<\/strong>, qui par le biais d\u2019une convention pass\u00e9e avec Fleur d\u2019Isa, collecte les bouchons de li\u00e8ge qui sont ensuite remis \u00e0 AMORIM pour \u00eatre vendus au profit de notre association<br><br>D\u2019autres manifestations de soutien \u00e9taient pr\u00e9vues et ont d\u00fb \u00eatre annul\u00e9es du fait de la crise sanitaire&nbsp;: Journ\u00e9es portes ouvertes chez DALBE \u00e0 Ch\u00e2teaubernard, Rand\u2019Eaux Claires, La Paul POUX, les Traces de Champniers, les Bulles Roses, \u2026.<\/p>\n\n\n\n<p><strong><u>Participations \u00e0 la vie associative et dans diff\u00e9rentes instances :<\/u><\/strong><\/p>\n\n\n\n<p>Fleur d\u2019Isa a particip\u00e9 \u00e0 <strong>Octobre Rose<\/strong>&nbsp;:<\/p>\n\n\n\n<p>Le 24\/10 \u00e0 Cognac dans le cadre de l\u2019apr\u00e8s-midi organis\u00e9 par la Municipalit\u00e9<\/p>\n\n\n\n<p>Fleur d\u2019Isa a particip\u00e9 aux <strong>groupes de travail au Centre Hospitalier d\u2019Angoul\u00eame, <\/strong>dans le cadre de la constitution du plan de sant\u00e9 publique du GHT de la Charente<\/p>\n\n\n\n<p><strong><em>Toutes les actions mises en \u0153uvre ont avant tout un caract\u00e8re de proximit\u00e9 aupr\u00e8s de tout(e)s ces patient(e)s qui se battent quotidiennement contre la maladie.<\/em><\/strong><\/p>\n\n\n\n<p><strong><em>Elles sont d\u00e9velopp\u00e9es pour les entourer, leur faire oublier quelques instants leur douleur.<\/em><\/strong><\/p>\n\n\n\n<p><strong><u>Le rapport d\u2019activit\u00e9 est adopt\u00e9 \u00e0 l\u2019unanimit\u00e9.<\/u><\/strong><\/p>\n\n\n\n<p><strong><u>Rapport financier<\/u><\/strong><\/p>\n\n\n\n<p><strong>L\u2019exercice 2020 s\u2019est sold\u00e9 par un exc\u00e9dent de 8 062.45 euros, <\/strong>avec un total des d\u00e9penses de<br><strong>26 718.35 euros<\/strong>, et un total des recettes de <strong>34 780.80<\/strong> <strong>eu<\/strong><strong>ros<\/strong>.<\/p>\n\n\n\n<p><strong>La situation financi\u00e8re de Fleur d\u2019Isa est bien s\u00e9curis\u00e9e&nbsp;: <\/strong>elle b\u00e9n\u00e9ficie au 31\/12\/2020 d\u2019un volant de tr\u00e9sorerie sup\u00e9rieur \u00e0 une ann\u00e9e d\u2019action&nbsp;qui lui permet de poursuivre pour 2021 l\u2019ensemble de ses services et de les accro\u00eetre selon l\u2019\u00e9volution de la situation sanitaire.<\/p>\n\n\n\n<p><strong>Ces comptes ont \u00e9t\u00e9 v\u00e9rifi\u00e9s<\/strong> par Catherine FONTAINE et Corinne NAUDIN qui ont donn\u00e9 quitus aux Tr\u00e9soriers<br><\/p>\n\n\n\n<p><strong><u>Le quitus est vot\u00e9 \u00e0 l\u2019unanimit\u00e9.<\/u><\/strong><\/p>\n\n\n\n<p>Nous avons d\u00e9cid\u00e9 de vous proposer un budget 2021 pour un fonctionnement normal de Fleur d\u2019Isa et ne tenant pas compte des al\u00e9as li\u00e9s \u00e0 la situation sanitaire. Si des difficult\u00e9s apparaissent, nous l\u2019adapterons comme nous l\u2019avons fait en 2020. Nous tiendrons nos engagements \u00e0 l\u2019\u00e9gard des malades du cancer et des structures hospitali\u00e8res quelles que soient les ressources que nous pourrons obtenir en puisant dans nos r\u00e9serves. Elles ont l\u00e0 pour \u00e7a.<\/p>\n\n\n\n<p>Budget pr\u00e9visionnel 40 680 \u20ac.<br><br><strong>Approbation \u00e0 l\u2019unanimit\u00e9 du rapport financier et des orientations budg\u00e9taires<\/strong><\/p>\n\n\n\n<p><strong>D\u00e9signation des v\u00e9rificateurs pour les comptes&nbsp;de 2021<\/strong> :<br>Catherine FONTAINE et Corinne NAUDIN sont d\u00e9sign\u00e9es \u00e0 l\u2019unanimit\u00e9 dans cette fonction.<\/p>\n\n\n\n<p><strong><u>Perspectives 2021 :<\/u><\/strong><\/p>\n\n\n\n<p><strong>Actions&nbsp;:<\/strong><\/p>\n\n\n\n<ul class=\"wp-block-list\"><li><strong>L\u00e9g\u00e8re augmentation de l\u2019offre des prestations de bien-\u00eatre pour redonner go\u00fbt \u00e0 la vie, \u00e9couter, dialoguer avec les malades du cancer en finan\u00e7ant des soins d\u2019esth\u00e9tique, d\u2019hypnoth\u00e9rapie, de r\u00e9flexologie plantaire, de p\u00e9dicurie-podologie, des conseils capillaires et de psychoth\u00e9rapie<\/strong><\/li><\/ul>\n\n\n\n<p>Tous ces soins sont destin\u00e9s aux patient(es) atteint(e)s de cancer, afin de les aider \u00e0 supporter le traitement et leur faire oublier quelques instants leur maladie.<\/p>\n\n\n\n<ul class=\"wp-block-list\"><li>Poursuite des op\u00e9rations \u00abPlaisirs sucr\u00e9s\u00bb et \u00abUn bouquet pour la f\u00eate des M\u00e8res\u00bb dans les trois Centres.<\/li><li>Poursuite des op\u00e9rations Coussins-C\u0153urs.<\/li><li>Dons pour la recherche contre le cancer et associations partenaires en Charente.<\/li><li>Relai d\u2019informations et participation au groupe de travail du Centre R\u00e9gional de Coordination et de D\u00e9pistage des Cancers en Nouvelle Aquitaine (ex&nbsp;Association ORCHID\u00c9E<em>)<\/em>, afin d\u2019apporter notre concours aux d\u00e9marches de pr\u00e9vention et de d\u00e9pistage du cancer de fa\u00e7on \u00e0 agir aussi avant la maladie.<\/li><\/ul>\n\n\n\n<p><strong>Financement&nbsp;et <\/strong><strong>Manifestations de soutien au profit de Fleur d\u2019Isa&nbsp;:<\/strong><\/p>\n\n\n\n<ul class=\"wp-block-list\"><li>Compte tenu de la situation sanitaire actuelle, aucune activit\u00e9 n\u2019est envisageable \u00e0 ce jour.<\/li><\/ul>\n\n\n\n<p><strong><u>Renouvellement du Conseil d\u2019Administration<\/u><\/strong><strong><u>:<\/u><\/strong><\/p>\n\n\n\n<p><strong>Tiers sortant :<\/strong><br>Fran\u00e7oise CAPDEVIELLE<br>Fabien MORELET<br>Jean-Loup VILLESSOT<br><strong>Candidatures :<\/strong><br>Fran\u00e7oise CAPDEVIELLE<br>Nicole IBANEZ<br>Fabien MORELET<br>Sylvie ROUQUIE<\/p>\n\n\n\n<p><strong>Ces candidats sont \u00e9lus \u00e0 l\u2019unanimit\u00e9 par l\u2019assembl\u00e9e g\u00e9n\u00e9rale.<\/strong><\/p>\n\n\n\n<p><strong>Nouveau Conseil d\u2019Administration 2021&nbsp;:<\/strong><\/p>\n\n\n\n<p>Mesdames&nbsp;:&nbsp;<br>Fran\u00e7oise CAPDEVIELLE<br>Dani\u00e8le COLIN<br>\u00c9lise COUSIN<br>Nicole IBANEZ<br>Sylvie ROUQUI\u00c9<br>Messieurs&nbsp;:<br>Jean-Louis ANDREAU<br>Serge CIAVATTA<br>Denis KURTZEMANN<br>Fabien MORELET<\/p>\n\n\n\n<p><strong>Le nouveau bureau sera \u00e9lu lors du CA qui sera programm\u00e9 lors de la sortie du confinement.<\/strong><\/p>\n","protected":false},"excerpt":{"rendered":"<p>Compte tenu de la crise sanitaire, l\u2019association Fleur d\u2019Isa n\u2019a pas pu tenir son assembl\u00e9e g\u00e9n\u00e9rale en pr\u00e9sentiel.Les diff\u00e9rents rapports [&hellip;]<\/p>\n","protected":false},"author":5,"featured_media":0,"comment_status":"open","ping_status":"open","sticky":false,"template":"","format":"standard","meta":{"site-sidebar-layout":"default","site-content-layout":"","ast-site-content-layout":"default","site-content-style":"default","site-sidebar-style":"default","ast-global-header-display":"","ast-banner-title-visibility":"","ast-main-header-display":"","ast-hfb-above-header-display":"","ast-hfb-below-header-display":"","ast-hfb-mobile-header-display":"","site-post-title":"","ast-breadcrumbs-content":"","ast-featured-img":"","footer-sml-layout":"","ast-disable-related-posts":"","theme-transparent-header-meta":"","adv-header-id-meta":"","stick-header-meta":"","header-above-stick-meta":"","header-main-stick-meta":"","header-below-stick-meta":"","astra-migrate-meta-layouts":"default","ast-page-background-enabled":"default","ast-page-background-meta":{"desktop":{"background-color":"var(--ast-global-color-5)","background-image":"","background-repeat":"repeat","background-position":"center center","background-size":"auto","background-attachment":"scroll","background-type":"","background-media":"","overlay-type":"","overlay-color":"","overlay-opacity":"","overlay-gradient":""},"tablet":{"background-color":"","background-image":"","background-repeat":"repeat","background-position":"center center","background-size":"auto","background-attachment":"scroll","background-type":"","background-media":"","overlay-type":"","overlay-color":"","overlay-opacity":"","overlay-gradient":""},"mobile":{"background-color":"","background-image":"","background-repeat":"repeat","background-position":"center center","background-size":"auto","background-attachment":"scroll","background-type":"","background-media":"","overlay-type":"","overlay-color":"","overlay-opacity":"","overlay-gradient":""}},"ast-content-background-meta":{"desktop":{"background-color":"var(--ast-global-color-4)","background-image":"","background-repeat":"repeat","background-position":"center center","background-size":"auto","background-attachment":"scroll","background-type":"","background-media":"","overlay-type":"","overlay-color":"","overlay-opacity":"","overlay-gradient":""},"tablet":{"background-color":"var(--ast-global-color-4)","background-image":"","background-repeat":"repeat","background-position":"center center","background-size":"auto","background-attachment":"scroll","background-type":"","background-media":"","overlay-type":"","overlay-color":"","overlay-opacity":"","overlay-gradient":""},"mobile":{"background-color":"var(--ast-global-color-4)","background-image":"","background-repeat":"repeat","background-position":"center center","background-size":"auto","background-attachment":"scroll","background-type":"","background-media":"","overlay-type":"","overlay-color":"","overlay-opacity":"","overlay-gradient":""}},"footnotes":""},"categories":[3],"tags":[],"class_list":["post-4430","post","type-post","status-publish","format-standard","hentry","category-generalites"],"_links":{"self":[{"href":"https:\/\/www.fleurdisa.org\/blog\/wp-json\/wp\/v2\/posts\/4430","targetHints":{"allow":["GET"]}}],"collection":[{"href":"https:\/\/www.fleurdisa.org\/blog\/wp-json\/wp\/v2\/posts"}],"about":[{"href":"https:\/\/www.fleurdisa.org\/blog\/wp-json\/wp\/v2\/types\/post"}],"author":[{"embeddable":true,"href":"https:\/\/www.fleurdisa.org\/blog\/wp-json\/wp\/v2\/users\/5"}],"replies":[{"embeddable":true,"href":"https:\/\/www.fleurdisa.org\/blog\/wp-json\/wp\/v2\/comments?post=4430"}],"version-history":[{"count":0,"href":"https:\/\/www.fleurdisa.org\/blog\/wp-json\/wp\/v2\/posts\/4430\/revisions"}],"wp:attachment":[{"href":"https:\/\/www.fleurdisa.org\/blog\/wp-json\/wp\/v2\/media?parent=4430"}],"wp:term":[{"taxonomy":"category","embeddable":true,"href":"https:\/\/www.fleurdisa.org\/blog\/wp-json\/wp\/v2\/categories?post=4430"},{"taxonomy":"post_tag","embeddable":true,"href":"https:\/\/www.fleurdisa.org\/blog\/wp-json\/wp\/v2\/tags?post=4430"}],"curies":[{"name":"wp","href":"https:\/\/api.w.org\/{rel}","templated":true}]}}