{"id":4144,"date":"2020-03-13T10:00:43","date_gmt":"2020-03-13T09:00:43","guid":{"rendered":"http:\/\/www.fleurdisa.org\/blog\/?p=4144"},"modified":"2020-03-13T15:01:50","modified_gmt":"2020-03-13T14:01:50","slug":"lassociation-anims-de-chalais-soutient-fleur-disa","status":"publish","type":"post","link":"https:\/\/www.fleurdisa.org\/blog\/lassociation-anims-de-chalais-soutient-fleur-disa\/","title":{"rendered":"L&rsquo;association ANIM&rsquo;S de Chalais soutient Fleur d&rsquo;Isa"},"content":{"rendered":"<p>Le salon du livre \u00e0 Chalais, organis\u00e9 par l&rsquo;association ANIM&rsquo;S s&rsquo;est tenu le dimanche 8 mars, en pr\u00e9sence d&rsquo;Yves LECOQ.<\/p>\n<p>De nombreux artistes r\u00e9gionaux \u00e9taient pr\u00e9sents<\/p>\n<p>Le fruit de la vente des livres d&rsquo;occasion, assur\u00e9e par les b\u00e9n\u00e9voles d&rsquo;ANIM&rsquo;S a \u00e9t\u00e9 revers\u00e9 cette ann\u00e9e \u00e0 Fleur d&rsquo;Isa et le ch\u00e8que remis par la Pr\u00e9sidente Marie-Claire VRILLAUD en compagnie d&rsquo;Yves LECOQ.<\/p>\n<p style=\"text-align: left;\">Moment d&rsquo;\u00e9motion pour la Pr\u00e9sidente de Fleur d&rsquo;Isa car Isabelle qui a donn\u00e9 son nom \u00e0 l&rsquo;association a grandi et v\u00e9cu pendant plus de 25 ans \u00e0 Chalais.<\/p>\n<p style=\"text-align: left;\"><a href=\"http:\/\/www.fleurdisa.org\/blog\/wp-content\/uploads\/2020\/03\/salon-du-Livre.jpg\"><img loading=\"lazy\" decoding=\"async\" class=\"size-medium wp-image-4145 aligncenter\" alt=\"salon du Livre\" src=\"http:\/\/www.fleurdisa.org\/blog\/wp-content\/uploads\/2020\/03\/salon-du-Livre-300x187.jpg\" width=\"300\" height=\"187\" srcset=\"https:\/\/www.fleurdisa.org\/blog\/wp-content\/uploads\/2020\/03\/salon-du-Livre-300x187.jpg 300w, https:\/\/www.fleurdisa.org\/blog\/wp-content\/uploads\/2020\/03\/salon-du-Livre-600x375.jpg 600w, https:\/\/www.fleurdisa.org\/blog\/wp-content\/uploads\/2020\/03\/salon-du-Livre.jpg 1000w\" sizes=\"auto, (max-width: 300px) 100vw, 300px\" \/><\/a><\/p>\n<p style=\"text-align: center;\">photo CL<\/p>\n<p>&nbsp;<\/p>\n","protected":false},"excerpt":{"rendered":"<p>Le salon du livre \u00e0 Chalais, organis\u00e9 par l&rsquo;association ANIM&rsquo;S s&rsquo;est tenu le dimanche 8 mars, en pr\u00e9sence d&rsquo;Yves LECOQ. [&hellip;]<\/p>\n","protected":false},"author":5,"featured_media":0,"comment_status":"open","ping_status":"open","sticky":false,"template":"","format":"standard","meta":{"site-sidebar-layout":"default","site-content-layout":"","ast-site-content-layout":"default","site-content-style":"default","site-sidebar-style":"default","ast-global-header-display":"","ast-banner-title-visibility":"","ast-main-header-display":"","ast-hfb-above-header-display":"","ast-hfb-below-header-display":"","ast-hfb-mobile-header-display":"","site-post-title":"","ast-breadcrumbs-content":"","ast-featured-img":"","footer-sml-layout":"","ast-disable-related-posts":"","theme-transparent-header-meta":"","adv-header-id-meta":"","stick-header-meta":"","header-above-stick-meta":"","header-main-stick-meta":"","header-below-stick-meta":"","astra-migrate-meta-layouts":"default","ast-page-background-enabled":"default","ast-page-background-meta":{"desktop":{"background-color":"var(--ast-global-color-5)","background-image":"","background-repeat":"repeat","background-position":"center center","background-size":"auto","background-attachment":"scroll","background-type":"","background-media":"","overlay-type":"","overlay-color":"","overlay-opacity":"","overlay-gradient":""},"tablet":{"background-color":"","background-image":"","background-repeat":"repeat","background-position":"center center","background-size":"auto","background-attachment":"scroll","background-type":"","background-media":"","overlay-type":"","overlay-color":"","overlay-opacity":"","overlay-gradient":""},"mobile":{"background-color":"","background-image":"","background-repeat":"repeat","background-position":"center center","background-size":"auto","background-attachment":"scroll","background-type":"","background-media":"","overlay-type":"","overlay-color":"","overlay-opacity":"","overlay-gradient":""}},"ast-content-background-meta":{"desktop":{"background-color":"var(--ast-global-color-4)","background-image":"","background-repeat":"repeat","background-position":"center center","background-size":"auto","background-attachment":"scroll","background-type":"","background-media":"","overlay-type":"","overlay-color":"","overlay-opacity":"","overlay-gradient":""},"tablet":{"background-color":"var(--ast-global-color-4)","background-image":"","background-repeat":"repeat","background-position":"center center","background-size":"auto","background-attachment":"scroll","background-type":"","background-media":"","overlay-type":"","overlay-color":"","overlay-opacity":"","overlay-gradient":""},"mobile":{"background-color":"var(--ast-global-color-4)","background-image":"","background-repeat":"repeat","background-position":"center center","background-size":"auto","background-attachment":"scroll","background-type":"","background-media":"","overlay-type":"","overlay-color":"","overlay-opacity":"","overlay-gradient":""}},"footnotes":""},"categories":[4,8],"tags":[],"class_list":["post-4144","post","type-post","status-publish","format-standard","hentry","category-manifestations","category-soutiens"],"_links":{"self":[{"href":"https:\/\/www.fleurdisa.org\/blog\/wp-json\/wp\/v2\/posts\/4144","targetHints":{"allow":["GET"]}}],"collection":[{"href":"https:\/\/www.fleurdisa.org\/blog\/wp-json\/wp\/v2\/posts"}],"about":[{"href":"https:\/\/www.fleurdisa.org\/blog\/wp-json\/wp\/v2\/types\/post"}],"author":[{"embeddable":true,"href":"https:\/\/www.fleurdisa.org\/blog\/wp-json\/wp\/v2\/users\/5"}],"replies":[{"embeddable":true,"href":"https:\/\/www.fleurdisa.org\/blog\/wp-json\/wp\/v2\/comments?post=4144"}],"version-history":[{"count":0,"href":"https:\/\/www.fleurdisa.org\/blog\/wp-json\/wp\/v2\/posts\/4144\/revisions"}],"wp:attachment":[{"href":"https:\/\/www.fleurdisa.org\/blog\/wp-json\/wp\/v2\/media?parent=4144"}],"wp:term":[{"taxonomy":"category","embeddable":true,"href":"https:\/\/www.fleurdisa.org\/blog\/wp-json\/wp\/v2\/categories?post=4144"},{"taxonomy":"post_tag","embeddable":true,"href":"https:\/\/www.fleurdisa.org\/blog\/wp-json\/wp\/v2\/tags?post=4144"}],"curies":[{"name":"wp","href":"https:\/\/api.w.org\/{rel}","templated":true}]}}