{"id":4106,"date":"2020-03-07T10:35:47","date_gmt":"2020-03-07T09:35:47","guid":{"rendered":"http:\/\/www.fleurdisa.org\/blog\/?p=4106"},"modified":"2023-03-29T16:32:42","modified_gmt":"2023-03-29T14:32:42","slug":"assemblee-generale-2","status":"publish","type":"post","link":"https:\/\/www.fleurdisa.org\/blog\/assemblee-generale-2\/","title":{"rendered":"Assembl\u00e9e g\u00e9n\u00e9rale 2020"},"content":{"rendered":"<p align=\"center\"><b>RAPPORT MORAL<\/b><\/p>\n<p>Nous voil\u00e0 pour la 12<sup>\u00e8me<\/sup> fois r\u00e9unis et cette assembl\u00e9e g\u00e9n\u00e9rale se tient dans un moment pr\u00e9occupant en termes de sant\u00e9.<\/p>\n<p><a href=\"http:\/\/www.fleurdisa.org\/blog\/wp-content\/uploads\/2020\/03\/AG.jpg\"><img loading=\"lazy\" decoding=\"async\" class=\"alignnone size-full wp-image-4118\" alt=\"AG\" src=\"http:\/\/www.fleurdisa.org\/blog\/wp-content\/uploads\/2020\/03\/AG.jpg\" width=\"220\" height=\"136\" \/><\/a> <a href=\"http:\/\/www.fleurdisa.org\/blog\/wp-content\/uploads\/2020\/03\/AG2.jpg\"><img loading=\"lazy\" decoding=\"async\" class=\"alignnone size-medium wp-image-4119\" alt=\"AG2\" src=\"http:\/\/www.fleurdisa.org\/blog\/wp-content\/uploads\/2020\/03\/AG2.jpg\" width=\"220\" height=\"136\" \/><\/a><\/p>\n<address><em>Le bureau de l&rsquo;AG, de gauche \u00e0 droite: Fabien Morelet: tr\u00e9sorier adjoint &#8211; Fran\u00e7oise Capdevielle: Pr\u00e9sidente &#8211; Jean-Louis Andreau: Vice- Pr\u00e9sident &#8211; Elise Cousin secr\u00e9taire.<\/em><\/address>\n<p>Le Covid 19 est \u00e0 nos portes et les moyens de pr\u00e9vention pour y faire face inop\u00e9rants jusqu\u2019\u00e0 maintenant.<\/p>\n<p>Le monde tremble parce qu\u2019il n\u2019a pas de r\u00e9ponse \u00e0 proposer, parce que son \u00e9conomie vacille, m\u00eame les bourses sont victimes du virus, parce que nos entreprises sont au ralenti et qu&rsquo;elles ne re\u00e7oivent plus les pi\u00e8ces d\u00e9tach\u00e9es fabriqu\u00e9es en Chine. M\u00eame les m\u00e9dicaments sont essentiellement fabriqu\u00e9s au pays du Soleil Levant.<\/p>\n<p>Il met en lumi\u00e8re ce moment de la vie de l\u2019humanit\u00e9 o\u00f9 l\u2019homme se sent d\u00e9pass\u00e9 par son environnement, lui qui sans cesse croit le dominer, un moment o\u00f9 le 21<sup>\u00e8me<\/sup> si\u00e8cle ressemble au moyen \u00e2ge, tout aussi d\u00e9muni, un moment o\u00f9 l\u2019humilit\u00e9, o\u00f9 la vie, o\u00f9 l\u2019\u00eatre humain devraient prendre le pas sur toute autre puissance, qu\u2019elle soit financi\u00e8re et ou politique.<\/p>\n<p>Le risque d\u2019une \u00e9pid\u00e9mie de grande ampleur met aussi en relief la crise hospitali\u00e8re que traverse notre pays, la gestion de la maladie au quotidien sera d\u2019autant plus efficace que sera apais\u00e9 le climat actuel. Les discours officiels et rassurants, de ce point de vue, ne sont pas suffisants.<\/p>\n<p>La sant\u00e9 publique car elle conditionne la sant\u00e9 de chacun est un bien pr\u00e9cieux, fragile, difficile \u00e0 conserver et ne doit souffrir d\u2019aucune n\u00e9gligence, l\u2019esp\u00e9rance et la qualit\u00e9 de vie grandissante qui en d\u00e9coulent et dont nous b\u00e9n\u00e9ficions est \u00e0 ce prix.<\/p>\n<p><span style=\"color: #008080;\"><b>Vous l\u2019avez observ\u00e9, pour Fleur d\u2019Isa, la sant\u00e9, c\u2019est sa raison d\u2019\u00eatre et d\u2019agir, <\/b><\/span><\/p>\n<p>&#8211;\u00a0\u00a0\u00a0\u00a0\u00a0\u00a0\u00a0\u00a0\u00a0 son action quotidienne a pour objectif d\u2019aider les malades \u00e0 retrouver la sant\u00e9 en leur apportant aide et soutien,<\/p>\n<p>&#8211;\u00a0\u00a0\u00a0\u00a0\u00a0\u00a0\u00a0\u00a0\u00a0 son engagement dans le d\u00e9pistage du cancer est d\u2019\u00e9viter la longue maladie et toutes les difficult\u00e9s qui y sont li\u00e9es,<\/p>\n<p>&#8211;\u00a0\u00a0\u00a0\u00a0\u00a0\u00a0\u00a0\u00a0\u00a0 sa participation au financement de la recherche est de donner des moyens aux scientifiques dans la lutte contre ce fl\u00e9au et de favoriser sa gu\u00e9rison.<\/p>\n<p>Fleur d\u2019Isa, dont l\u2019action se situe pendant la maladie, t\u00e9moin de la souffrance, m\u00eale sa voix \u00e0 toutes les autres pour alerter et sensibiliser, pour participer \u00e0 la d\u00e9fense de ce bien pr\u00e9cieux qu\u2019est la sant\u00e9.<\/p>\n<p>Le Covid 19 sera vaincu, c\u2019est une question de temps, mais il aura \u00e9t\u00e9 le r\u00e9v\u00e9lateur de la vuln\u00e9rabilit\u00e9 du monde, de son insuffisance et de son manque d\u2019anticipation, avant d\u2019aller conqu\u00e9rir la lune pour y vivre plus tard, il y a encore tant de choses \u00e0 d\u00e9couvrir sur terre au b\u00e9n\u00e9fice de l\u2019humanit\u00e9.<\/p>\n<p><strong><span style=\"color: #008080;\">Les rapports d\u2019activit\u00e9 et financier sont aussi pr\u00e9sent\u00e9s et les 3 sont approuv\u00e9s \u00e0 l\u2019unanimit\u00e9 des adh\u00e9rents pr\u00e9sents.<\/span><\/strong><\/p>\n<p><strong>Le quitus est donn\u00e9 au Tr\u00e9sorier<\/strong><\/p>\n<p><b>La situation financi\u00e8re de Fleur d\u2019Isa est s\u00e9curis\u00e9e<\/b> : elle b\u00e9n\u00e9ficie au 31\/12\/2019 d\u2019un volant de tr\u00e9sorerie sup\u00e9rieur \u00e0 une ann\u00e9e d\u2019action qui lui permet de poursuivre pour 2020 l\u2019ensemble de ses services et de les accro\u00eetre si besoin.<\/p>\n<p><span style=\"text-decoration: underline;\"><strong>Approbation \u00e0 l\u2019unanimit\u00e9 du rapport financier et des orientations budg\u00e9taires<\/strong><\/span><\/p>\n<p style=\"text-align: center;\"><span style=\"text-decoration: underline;\"><span style=\"color: #008080;\"><strong>Perspectives 2020<\/strong><\/span><\/span><\/p>\n<p style=\"text-align: left;\"><strong><span style=\"text-decoration: underline;\"><span style=\"color: #ff0000; text-decoration: underline;\">Actions<\/span><\/span><\/strong><\/p>\n<p><span style=\"color: #008000;\"><strong><span style=\"text-decoration: underline;\">Poursuite des actions d\u00e9j\u00e0 engag\u00e9es :<\/span><\/strong><\/span><\/p>\n<p><strong>\u00a0Offrir des prestations de bien-\u00eatre pour redonner go\u00fbt \u00e0 la vie, \u00e9couter, dialoguer avec les malades du cancer en finan\u00e7ant des soins d\u2019esth\u00e9tique, d\u2019hypnoth\u00e9rapie, de r\u00e9flexologie plantaire, de p\u00e9dicurie-podologie, des conseils capillaires, de psychoth\u00e9rapie assur\u00e9s par nos 9 intervenantes.<\/strong><\/p>\n<p><span style=\"text-decoration: underline; color: #008000;\">Poursuite des op\u00e9rations <\/span><br \/>\n\u00ab\u00a0Plaisirs sucr\u00e9s\u00a0\u00bb \u00e0 P\u00e2ques et \u00e0 No\u00ebl et<br \/>\n\u00abUn bouquet pour la f\u00eate des M\u00e8res\u00bb<\/p>\n<p><span style=\"text-decoration: underline; color: #008000;\">Poursuite des op\u00e9rations<\/span>\u00a0 \u00abCoussins-c\u0153urs\u00a0\u00bb<\/p>\n<p>Dons \u00e0 la recherche contre le cancer et aux associations partenaires en Charente. La priorit\u00e9 \u00e9tant donn\u00e9e aux actions de proximit\u00e9<\/p>\n<p><span style=\"color: #008000;\">Relais d\u2019informations<\/span> de l\u2019ex Association ORCHIDEE devenue d\u00e9l\u00e9gation de la r\u00e9gion Nouvelle Aquitaine, afin d\u2019apporter notre concours aux d\u00e9marches de pr\u00e9vention et de d\u00e9pistage du cancer de fa\u00e7on \u00e0 agir aussi avant la maladie<\/p>\n<p><span style=\"text-decoration: underline; color: #008000;\">Op\u00e9rations de financement\u00a0:<\/span><\/p>\n<p>*22 et 23\/02 : expo vente \u00e0 Vilhonneur<br \/>\n* 08\/05 : Rand\u2019eaux-Claires \u00e0 Puymoyen (en commun avec les VMEH)<br \/>\n* 09 et 10\/05 : expo vente \u00e0 La Couronne<br \/>\n* fin juin : expo vente \u00e0 Rauzet<br \/>\n* 05\/09 : bal country<br \/>\n* d\u00e9but novembre : expo vente au march\u00e9 d\u2019Edith \u00e0 Angoul\u00eame<\/p>\n<p><span style=\"text-decoration: underline; color: #008000;\">Op\u00e9rations de soutien<\/span><\/p>\n<p>* Le 21 mars\u00a0 : Remise de ch\u00e8que par le club des \u00ab\u00a0Ladies Circle\u00a0\u00bb suite \u00e0 diff\u00e9rentes actions men\u00e9es au profit de Fleur d\u2019Isa<br \/>\n* les 3 et 4 avril : Participation aux Journ\u00e9es portes ouvertes chez DALBE \u00e0 Chateaubernard<\/p>\n<p>* le 25 avril (journ\u00e9e) : La Paul POUX \u00e0 Anais<br \/>\n* le 5 juillet : repas \u00e0 Bonneuil<br \/>\n* le 10 octobre : Balles roses \u00e0 St Yrieix<\/p>\n<p><span style=\"text-decoration: underline;\"><strong>Conseil d&rsquo;administration<\/strong><\/span><\/p>\n<p>Mesdames Fran\u00e7oise CAPDEVIELLE, Dani\u00e8le COLIN, Elise COUSIN<\/p>\n<p>Messieurs\u00a0 Jean-Louis ANDREAU, Serge CIAVATTA, Fabien MORELET, Jean-Loup VILLESSOT, Denis KURTZEMANN<\/p>\n<p><strong><span style=\"color: #ff0000;\">Pr\u00e9sentation de la Fili\u00e8re Domicile de la Mutualit\u00e9 Fran\u00e7aise Charente<\/span><\/strong><\/p>\n<p><strong>Intervention assur\u00e9e par <\/strong><br \/>\n<strong>Madame Dominique VELTEN, directrice<\/strong><\/p>\n<p><a href=\"http:\/\/www.fleurdisa.org\/blog\/wp-content\/uploads\/2020\/03\/IMG_0155.jpg\"><img loading=\"lazy\" decoding=\"async\" class=\"alignnone size-full wp-image-4133\" alt=\"IMG_0155\" src=\"http:\/\/www.fleurdisa.org\/blog\/wp-content\/uploads\/2020\/03\/IMG_0155.jpg\" width=\"220\" height=\"141\" \/><\/a> <a href=\"http:\/\/www.fleurdisa.org\/blog\/wp-content\/uploads\/2020\/03\/IMG_0156.jpg\"><img loading=\"lazy\" decoding=\"async\" class=\"alignnone size-medium wp-image-4134\" alt=\"IMG_0156\" src=\"http:\/\/www.fleurdisa.org\/blog\/wp-content\/uploads\/2020\/03\/IMG_0156.jpg\" width=\"220\" height=\"142\" \/><\/a><\/p>\n<address>Le pot de l&rsquo;amiti\u00e9 apr\u00e8s l&rsquo;assembl\u00e9e g\u00e9n\u00e9rale<\/address>\n","protected":false},"excerpt":{"rendered":"<p>RAPPORT MORAL Nous voil\u00e0 pour la 12\u00e8me fois r\u00e9unis et cette assembl\u00e9e g\u00e9n\u00e9rale se tient dans un moment pr\u00e9occupant en [&hellip;]<\/p>\n","protected":false},"author":5,"featured_media":0,"comment_status":"open","ping_status":"open","sticky":false,"template":"","format":"standard","meta":{"site-sidebar-layout":"default","site-content-layout":"","ast-site-content-layout":"default","site-content-style":"default","site-sidebar-style":"default","ast-global-header-display":"","ast-banner-title-visibility":"","ast-main-header-display":"","ast-hfb-above-header-display":"","ast-hfb-below-header-display":"","ast-hfb-mobile-header-display":"","site-post-title":"","ast-breadcrumbs-content":"","ast-featured-img":"","footer-sml-layout":"","ast-disable-related-posts":"","theme-transparent-header-meta":"","adv-header-id-meta":"","stick-header-meta":"","header-above-stick-meta":"","header-main-stick-meta":"","header-below-stick-meta":"","astra-migrate-meta-layouts":"default","ast-page-background-enabled":"default","ast-page-background-meta":{"desktop":{"background-color":"var(--ast-global-color-5)","background-image":"","background-repeat":"repeat","background-position":"center center","background-size":"auto","background-attachment":"scroll","background-type":"","background-media":"","overlay-type":"","overlay-color":"","overlay-opacity":"","overlay-gradient":""},"tablet":{"background-color":"","background-image":"","background-repeat":"repeat","background-position":"center center","background-size":"auto","background-attachment":"scroll","background-type":"","background-media":"","overlay-type":"","overlay-color":"","overlay-opacity":"","overlay-gradient":""},"mobile":{"background-color":"","background-image":"","background-repeat":"repeat","background-position":"center center","background-size":"auto","background-attachment":"scroll","background-type":"","background-media":"","overlay-type":"","overlay-color":"","overlay-opacity":"","overlay-gradient":""}},"ast-content-background-meta":{"desktop":{"background-color":"var(--ast-global-color-4)","background-image":"","background-repeat":"repeat","background-position":"center center","background-size":"auto","background-attachment":"scroll","background-type":"","background-media":"","overlay-type":"","overlay-color":"","overlay-opacity":"","overlay-gradient":""},"tablet":{"background-color":"var(--ast-global-color-4)","background-image":"","background-repeat":"repeat","background-position":"center center","background-size":"auto","background-attachment":"scroll","background-type":"","background-media":"","overlay-type":"","overlay-color":"","overlay-opacity":"","overlay-gradient":""},"mobile":{"background-color":"var(--ast-global-color-4)","background-image":"","background-repeat":"repeat","background-position":"center center","background-size":"auto","background-attachment":"scroll","background-type":"","background-media":"","overlay-type":"","overlay-color":"","overlay-opacity":"","overlay-gradient":""}},"footnotes":""},"categories":[3],"tags":[],"class_list":["post-4106","post","type-post","status-publish","format-standard","hentry","category-generalites"],"_links":{"self":[{"href":"https:\/\/www.fleurdisa.org\/blog\/wp-json\/wp\/v2\/posts\/4106","targetHints":{"allow":["GET"]}}],"collection":[{"href":"https:\/\/www.fleurdisa.org\/blog\/wp-json\/wp\/v2\/posts"}],"about":[{"href":"https:\/\/www.fleurdisa.org\/blog\/wp-json\/wp\/v2\/types\/post"}],"author":[{"embeddable":true,"href":"https:\/\/www.fleurdisa.org\/blog\/wp-json\/wp\/v2\/users\/5"}],"replies":[{"embeddable":true,"href":"https:\/\/www.fleurdisa.org\/blog\/wp-json\/wp\/v2\/comments?post=4106"}],"version-history":[{"count":0,"href":"https:\/\/www.fleurdisa.org\/blog\/wp-json\/wp\/v2\/posts\/4106\/revisions"}],"wp:attachment":[{"href":"https:\/\/www.fleurdisa.org\/blog\/wp-json\/wp\/v2\/media?parent=4106"}],"wp:term":[{"taxonomy":"category","embeddable":true,"href":"https:\/\/www.fleurdisa.org\/blog\/wp-json\/wp\/v2\/categories?post=4106"},{"taxonomy":"post_tag","embeddable":true,"href":"https:\/\/www.fleurdisa.org\/blog\/wp-json\/wp\/v2\/tags?post=4106"}],"curies":[{"name":"wp","href":"https:\/\/api.w.org\/{rel}","templated":true}]}}