{"id":4055,"date":"2020-02-26T05:14:30","date_gmt":"2020-02-26T04:14:30","guid":{"rendered":"http:\/\/www.fleurdisa.org\/blog\/?p=4055"},"modified":"2020-03-07T11:32:48","modified_gmt":"2020-03-07T10:32:48","slug":"exposition-vente-au-moulin-de-la-pierre-a-moulins-sur-tardoire-vilhonneur","status":"publish","type":"post","link":"https:\/\/www.fleurdisa.org\/blog\/exposition-vente-au-moulin-de-la-pierre-a-moulins-sur-tardoire-vilhonneur\/","title":{"rendered":"Exposition-vente au Moulin de la Pierre \u00e0 MOULINS-SUR-TARDOIRE (VILHONNEUR)"},"content":{"rendered":"<p>Encore une initiative g\u00e9n\u00e9reuse au profit de Fleur d&rsquo;Isa et une excellente occasion de d\u00e9couvrir le Moulin de la Pierre.<\/p>\n<p><a href=\"http:\/\/www.fleurdisa.org\/blog\/wp-content\/uploads\/2020\/02\/IMG_5153-web.jpg\"><img loading=\"lazy\" decoding=\"async\" class=\"alignnone  wp-image-4068\" alt=\"IMG_5153 web\" src=\"http:\/\/www.fleurdisa.org\/blog\/wp-content\/uploads\/2020\/02\/IMG_5153-web.jpg\" width=\"198\" height=\"149\" srcset=\"https:\/\/www.fleurdisa.org\/blog\/wp-content\/uploads\/2020\/02\/IMG_5153-web.jpg 220w, https:\/\/www.fleurdisa.org\/blog\/wp-content\/uploads\/2020\/02\/IMG_5153-web-200x150.jpg 200w\" sizes=\"auto, (max-width: 198px) 100vw, 198px\" \/>\u00a0 <\/a><a href=\"http:\/\/www.fleurdisa.org\/blog\/wp-content\/uploads\/2020\/02\/IMG_5150-web.jpg\"><img loading=\"lazy\" decoding=\"async\" class=\"alignnone  wp-image-4067\" alt=\"IMG_5150 web\" src=\"http:\/\/www.fleurdisa.org\/blog\/wp-content\/uploads\/2020\/02\/IMG_5150-web.jpg\" width=\"203\" height=\"152\" srcset=\"https:\/\/www.fleurdisa.org\/blog\/wp-content\/uploads\/2020\/02\/IMG_5150-web.jpg 250w, https:\/\/www.fleurdisa.org\/blog\/wp-content\/uploads\/2020\/02\/IMG_5150-web-200x150.jpg 200w\" sizes=\"auto, (max-width: 203px) 100vw, 203px\" \/><\/a><\/p>\n<p><a href=\"http:\/\/www.fleurdisa.org\/blog\/wp-content\/uploads\/2020\/02\/IMG_5165-web.jpg\"><img loading=\"lazy\" decoding=\"async\" class=\"alignnone  wp-image-4074\" alt=\"IMG_5165 web\" src=\"http:\/\/www.fleurdisa.org\/blog\/wp-content\/uploads\/2020\/02\/IMG_5165-web.jpg\" width=\"198\" height=\"149\" srcset=\"https:\/\/www.fleurdisa.org\/blog\/wp-content\/uploads\/2020\/02\/IMG_5165-web.jpg 220w, https:\/\/www.fleurdisa.org\/blog\/wp-content\/uploads\/2020\/02\/IMG_5165-web-200x150.jpg 200w\" sizes=\"auto, (max-width: 198px) 100vw, 198px\" \/>\u00a0 <\/a><a href=\"http:\/\/www.fleurdisa.org\/blog\/wp-content\/uploads\/2020\/02\/IMG_5159-web.jpg\"><img loading=\"lazy\" decoding=\"async\" class=\"alignnone  wp-image-4071\" alt=\"IMG_5159 web\" src=\"http:\/\/www.fleurdisa.org\/blog\/wp-content\/uploads\/2020\/02\/IMG_5159-web.jpg\" width=\"198\" height=\"149\" srcset=\"https:\/\/www.fleurdisa.org\/blog\/wp-content\/uploads\/2020\/02\/IMG_5159-web.jpg 220w, https:\/\/www.fleurdisa.org\/blog\/wp-content\/uploads\/2020\/02\/IMG_5159-web-200x150.jpg 200w\" sizes=\"auto, (max-width: 198px) 100vw, 198px\" \/><\/a><\/p>\n<p style=\"text-align: center;\"><a href=\"http:\/\/www.fleurdisa.org\/blog\/wp-content\/uploads\/2020\/02\/IMG_5157-mod-web.jpg\"><img loading=\"lazy\" decoding=\"async\" class=\"size-medium wp-image-4070 aligncenter\" alt=\"IMG_5157 mod web\" src=\"http:\/\/www.fleurdisa.org\/blog\/wp-content\/uploads\/2020\/02\/IMG_5157-mod-web.jpg\" width=\"220\" height=\"288\" \/><\/a><\/p>\n<p>C&rsquo;\u00e9tait le week-end des 22 et 23 f\u00e9vrier dans le cadre des \u00ab\u00a0Journ\u00e9es des Moulins\u00a0\u00bb.<br \/>\nCe moulin, g\u00e9r\u00e9 par l&rsquo;association \u00ab\u00a0Pierre et Savoir-Faire\u00a0\u00bb a ouvert ses portes a un public tr\u00e8s nombreux et les adh\u00e9rents \u00e9taient tous tr\u00e8s affair\u00e9s mais disponibles pour r\u00e9pondre aux questions des visiteurs tr\u00e8s int\u00e9ress\u00e9s.<\/p>\n<p style=\"text-align: center;\"><a href=\"http:\/\/www.fleurdisa.org\/blog\/wp-content\/uploads\/2020\/02\/IMG_5167-web.jpg\"><img loading=\"lazy\" decoding=\"async\" class=\"size-medium wp-image-4075 aligncenter\" alt=\"IMG_5167 web\" src=\"http:\/\/www.fleurdisa.org\/blog\/wp-content\/uploads\/2020\/02\/IMG_5167-web.jpg\" width=\"220\" height=\"293\" \/><\/a><\/p>\n<p><a href=\"http:\/\/www.fleurdisa.org\/blog\/wp-content\/uploads\/2020\/02\/IMG_5154-mod-web.jpg\"><img loading=\"lazy\" decoding=\"async\" class=\"alignleft\" alt=\"IMG_5164 web\" src=\"http:\/\/www.fleurdisa.org\/blog\/wp-content\/uploads\/2020\/02\/IMG_5164-web.jpg\" width=\"198\" height=\"264\" \/>\u00a0 <img loading=\"lazy\" decoding=\"async\" class=\"wp-image-4069 alignright\" alt=\"IMG_5154 mod web\" src=\"http:\/\/www.fleurdisa.org\/blog\/wp-content\/uploads\/2020\/02\/IMG_5154-mod-web-194x300.jpg\" width=\"175\" height=\"270\" srcset=\"https:\/\/www.fleurdisa.org\/blog\/wp-content\/uploads\/2020\/02\/IMG_5154-mod-web-194x300.jpg 194w, https:\/\/www.fleurdisa.org\/blog\/wp-content\/uploads\/2020\/02\/IMG_5154-mod-web.jpg 220w\" sizes=\"auto, (max-width: 175px) 100vw, 175px\" \/><\/a><\/p>\n<p>&nbsp;<\/p>\n<p>&nbsp;<\/p>\n<p style=\"text-align: center;\"><a href=\"http:\/\/www.fleurdisa.org\/blog\/wp-content\/uploads\/2020\/02\/IMG_5161-web.jpg\">\u00a0 <\/a><\/p>\n<p>&nbsp;<\/p>\n<p>&nbsp;<\/p>\n<p>&nbsp;<\/p>\n<p>&nbsp;<\/p>\n<p>&nbsp;<\/p>\n<p>Une exposition de grande qualit\u00e9 m\u00ealant sculptures r\u00e9alis\u00e9es par les adh\u00e9rents de l&rsquo;association et \u0153uvres mises en vente par Fleur d&rsquo;Isa.<\/p>\n<p><a href=\"http:\/\/www.fleurdisa.org\/blog\/wp-content\/uploads\/2020\/02\/IMG_5140-web.jpg\"><img loading=\"lazy\" decoding=\"async\" alt=\"IMG_5140 web\" src=\"http:\/\/www.fleurdisa.org\/blog\/wp-content\/uploads\/2020\/02\/IMG_5140-web.jpg\" width=\"220\" height=\"165\" \/><\/a> <a href=\"http:\/\/www.fleurdisa.org\/blog\/wp-content\/uploads\/2020\/02\/IMG_5141-web.jpg\"><img loading=\"lazy\" decoding=\"async\" alt=\"IMG_5141 web\" src=\"http:\/\/www.fleurdisa.org\/blog\/wp-content\/uploads\/2020\/02\/IMG_5141-web.jpg\" width=\"220\" height=\"165\" \/><\/a><\/p>\n<p><a href=\"http:\/\/www.fleurdisa.org\/blog\/wp-content\/uploads\/2020\/02\/IMG_5144web.jpg\"><img loading=\"lazy\" decoding=\"async\" alt=\"IMG_5144web\" src=\"http:\/\/www.fleurdisa.org\/blog\/wp-content\/uploads\/2020\/02\/IMG_5144web.jpg\" width=\"220\" height=\"165\" \/><\/a> <a href=\"http:\/\/www.fleurdisa.org\/blog\/wp-content\/uploads\/2020\/02\/IMG_5145web.jpg\"><img loading=\"lazy\" decoding=\"async\" alt=\"IMG_5145web\" src=\"http:\/\/www.fleurdisa.org\/blog\/wp-content\/uploads\/2020\/02\/IMG_5145web.jpg\" width=\"220\" height=\"165\" \/><\/a> <a href=\"http:\/\/www.fleurdisa.org\/blog\/wp-content\/uploads\/2020\/02\/IMG_5146-mod-web.jpg\"><img loading=\"lazy\" decoding=\"async\" alt=\"IMG_5146 mod web\" src=\"http:\/\/www.fleurdisa.org\/blog\/wp-content\/uploads\/2020\/02\/IMG_5146-mod-web.jpg\" width=\"220\" height=\"153\" \/><\/a> <a href=\"http:\/\/www.fleurdisa.org\/blog\/wp-content\/uploads\/2020\/02\/IMG_5147web.jpg\"><img loading=\"lazy\" decoding=\"async\" alt=\"IMG_5147web\" src=\"http:\/\/www.fleurdisa.org\/blog\/wp-content\/uploads\/2020\/02\/IMG_5147web.jpg\" width=\"220\" height=\"165\" \/><\/a><\/p>\n<p>2 journ\u00e9es riches en rencontres et en \u00e9changes, gr\u00e2ce \u00e0 M. Gilles ZEFNER, pr\u00e9sident, son fid\u00e8le Claude et toute l&rsquo;\u00e9quipe des b\u00e9n\u00e9voles dont l&rsquo;accueil fut vraiment chaleureux.<\/p>\n<p style=\"text-align: center;\"><a href=\"http:\/\/www.fleurdisa.org\/blog\/wp-content\/uploads\/2020\/02\/IMG_5148-web.jpg\"><img loading=\"lazy\" decoding=\"async\" class=\"aligncenter\" alt=\"IMG_5148 web\" src=\"http:\/\/www.fleurdisa.org\/blog\/wp-content\/uploads\/2020\/02\/IMG_5148-web.jpg\" width=\"220\" height=\"253\" \/><\/a><\/p>\n<p style=\"text-align: center;\"><a href=\"http:\/\/www.fleurdisa.org\/blog\/wp-content\/uploads\/2020\/02\/IMG_5149-mod-web.jpg\"><img loading=\"lazy\" decoding=\"async\" class=\"aligncenter\" alt=\"IMG_5149 mod web\" src=\"http:\/\/www.fleurdisa.org\/blog\/wp-content\/uploads\/2020\/02\/IMG_5149-mod-web.jpg\" width=\"220\" height=\"137\" \/><\/a><\/p>\n<p>Et ce fut aussi l&rsquo;occasion pour Mano GIOSA, infatigable sculpteur et soutien de Fleur d&rsquo;Isa d&rsquo;offrir \u00e0 l&rsquo;association cette \u00ab\u00a0panth\u00e8re aux dents de cristal\u00a0\u00bb qui sera vendue pour financer des soins pour les malades du cancer en Charente.<\/p>\n<p>&nbsp;<\/p>\n<p>&nbsp;<\/p>\n","protected":false},"excerpt":{"rendered":"<p>Encore une initiative g\u00e9n\u00e9reuse au profit de Fleur d&rsquo;Isa et une excellente occasion de d\u00e9couvrir le Moulin de la Pierre. [&hellip;]<\/p>\n","protected":false},"author":5,"featured_media":0,"comment_status":"open","ping_status":"open","sticky":false,"template":"","format":"standard","meta":{"site-sidebar-layout":"default","site-content-layout":"","ast-site-content-layout":"default","site-content-style":"default","site-sidebar-style":"default","ast-global-header-display":"","ast-banner-title-visibility":"","ast-main-header-display":"","ast-hfb-above-header-display":"","ast-hfb-below-header-display":"","ast-hfb-mobile-header-display":"","site-post-title":"","ast-breadcrumbs-content":"","ast-featured-img":"","footer-sml-layout":"","ast-disable-related-posts":"","theme-transparent-header-meta":"","adv-header-id-meta":"","stick-header-meta":"","header-above-stick-meta":"","header-main-stick-meta":"","header-below-stick-meta":"","astra-migrate-meta-layouts":"default","ast-page-background-enabled":"default","ast-page-background-meta":{"desktop":{"background-color":"var(--ast-global-color-5)","background-image":"","background-repeat":"repeat","background-position":"center center","background-size":"auto","background-attachment":"scroll","background-type":"","background-media":"","overlay-type":"","overlay-color":"","overlay-opacity":"","overlay-gradient":""},"tablet":{"background-color":"","background-image":"","background-repeat":"repeat","background-position":"center center","background-size":"auto","background-attachment":"scroll","background-type":"","background-media":"","overlay-type":"","overlay-color":"","overlay-opacity":"","overlay-gradient":""},"mobile":{"background-color":"","background-image":"","background-repeat":"repeat","background-position":"center center","background-size":"auto","background-attachment":"scroll","background-type":"","background-media":"","overlay-type":"","overlay-color":"","overlay-opacity":"","overlay-gradient":""}},"ast-content-background-meta":{"desktop":{"background-color":"var(--ast-global-color-4)","background-image":"","background-repeat":"repeat","background-position":"center center","background-size":"auto","background-attachment":"scroll","background-type":"","background-media":"","overlay-type":"","overlay-color":"","overlay-opacity":"","overlay-gradient":""},"tablet":{"background-color":"var(--ast-global-color-4)","background-image":"","background-repeat":"repeat","background-position":"center center","background-size":"auto","background-attachment":"scroll","background-type":"","background-media":"","overlay-type":"","overlay-color":"","overlay-opacity":"","overlay-gradient":""},"mobile":{"background-color":"var(--ast-global-color-4)","background-image":"","background-repeat":"repeat","background-position":"center center","background-size":"auto","background-attachment":"scroll","background-type":"","background-media":"","overlay-type":"","overlay-color":"","overlay-opacity":"","overlay-gradient":""}},"footnotes":""},"categories":[4,8],"tags":[],"class_list":["post-4055","post","type-post","status-publish","format-standard","hentry","category-manifestations","category-soutiens"],"_links":{"self":[{"href":"https:\/\/www.fleurdisa.org\/blog\/wp-json\/wp\/v2\/posts\/4055","targetHints":{"allow":["GET"]}}],"collection":[{"href":"https:\/\/www.fleurdisa.org\/blog\/wp-json\/wp\/v2\/posts"}],"about":[{"href":"https:\/\/www.fleurdisa.org\/blog\/wp-json\/wp\/v2\/types\/post"}],"author":[{"embeddable":true,"href":"https:\/\/www.fleurdisa.org\/blog\/wp-json\/wp\/v2\/users\/5"}],"replies":[{"embeddable":true,"href":"https:\/\/www.fleurdisa.org\/blog\/wp-json\/wp\/v2\/comments?post=4055"}],"version-history":[{"count":0,"href":"https:\/\/www.fleurdisa.org\/blog\/wp-json\/wp\/v2\/posts\/4055\/revisions"}],"wp:attachment":[{"href":"https:\/\/www.fleurdisa.org\/blog\/wp-json\/wp\/v2\/media?parent=4055"}],"wp:term":[{"taxonomy":"category","embeddable":true,"href":"https:\/\/www.fleurdisa.org\/blog\/wp-json\/wp\/v2\/categories?post=4055"},{"taxonomy":"post_tag","embeddable":true,"href":"https:\/\/www.fleurdisa.org\/blog\/wp-json\/wp\/v2\/tags?post=4055"}],"curies":[{"name":"wp","href":"https:\/\/api.w.org\/{rel}","templated":true}]}}