{"id":2982,"date":"2018-03-12T19:39:13","date_gmt":"2018-03-12T18:39:13","guid":{"rendered":"http:\/\/www.fleurdisa.org\/blog\/?p=2982"},"modified":"2021-07-06T18:06:20","modified_gmt":"2021-07-06T16:06:20","slug":"10eme-assemblee-generale","status":"publish","type":"post","link":"https:\/\/www.fleurdisa.org\/blog\/10eme-assemblee-generale\/","title":{"rendered":"10\u00e8me assembl\u00e9e g\u00e9n\u00e9rale"},"content":{"rendered":"<p>Fleur d&rsquo;Isa a tenu sa 10\u00e8me assembl\u00e9e g\u00e9n\u00e9rale le vendredi 9 mars 2018 \u00e0 Champniers<\/p>\n<p><a href=\"http:\/\/www.fleurdisa.org\/blog\/wp-content\/uploads\/2018\/03\/P1030808redweb.jpg\"><img loading=\"lazy\" decoding=\"async\" class=\"alignnone size-medium wp-image-2991\" alt=\"P1030808redweb\" src=\"http:\/\/www.fleurdisa.org\/blog\/wp-content\/uploads\/2018\/03\/P1030808redweb-300x120.jpg\" width=\"451\" height=\"180\" srcset=\"https:\/\/www.fleurdisa.org\/blog\/wp-content\/uploads\/2018\/03\/P1030808redweb-300x120.jpg 300w, https:\/\/www.fleurdisa.org\/blog\/wp-content\/uploads\/2018\/03\/P1030808redweb.jpg 500w\" sizes=\"auto, (max-width: 451px) 100vw, 451px\" \/><\/a><\/p>\n<p>devant une cinquantaine de personnes,<\/p>\n<p style=\"text-align: center;\"><a href=\"http:\/\/www.fleurdisa.org\/blog\/wp-content\/uploads\/2018\/03\/P1030810web.jpg\"><img loading=\"lazy\" decoding=\"async\" class=\"size-full wp-image-2983 aligncenter\" alt=\"P1030810web\" src=\"http:\/\/www.fleurdisa.org\/blog\/wp-content\/uploads\/2018\/03\/P1030810web.jpg\" width=\"250\" height=\"188\" srcset=\"https:\/\/www.fleurdisa.org\/blog\/wp-content\/uploads\/2018\/03\/P1030810web.jpg 250w, https:\/\/www.fleurdisa.org\/blog\/wp-content\/uploads\/2018\/03\/P1030810web-200x150.jpg 200w\" sizes=\"auto, (max-width: 250px) 100vw, 250px\" \/><\/a><\/p>\n<p>Ci-dessous des extraits de la soir\u00e9e :<\/p>\n<p><span style=\"color: #008000;\"><b><span style=\"text-decoration: underline;\">Rapport moral<\/span><\/b><\/span><\/p>\n<p>Cette ann\u00e9e, Fleur d\u2019Isa a 10 ans, un long chemin qui a vu une petite association devenir grande.<\/p>\n<p>Cet \u00e9v\u00e8nement va servir de fil conducteur \u00e0 ce rapport moral.<\/p>\n<p>En dix ann\u00e9es Fleur d\u2019Isa est devenue une association reconnue et appr\u00e9ci\u00e9e, aussi bien des malades que du corps m\u00e9dical et des soignants.<\/p>\n<p>Elle est parfaitement int\u00e9gr\u00e9e dans les trois \u00e9tablissements hospitaliers de la Charente o\u00f9 elle intervient avec ses neuf professionnelles.<\/p>\n<p>Son action compl\u00e8te les soins m\u00e9dicaux et favorise la r\u00e9mission, voire la gu\u00e9rison de la maladie.<\/p>\n<p>C\u2019est pr\u00e8s de 10 000 soins qui ont \u00e9t\u00e9 dispens\u00e9s en dix ann\u00e9es, c\u2019est un chiffre important qui tend \u00e0 d\u00e9montrer l\u2019importance du r\u00f4le de Fleur d\u2019Isa, c\u2019est autant de gestes de soutien, nos intervenantes \u00e9tant \u00e0 l\u2019\u00e9coute des malades, c\u2019est aussi la remise de bouquets de fleurs pour la f\u00eate des M\u00e8res, de chocolats pour P\u00e2ques et No\u00ebl, c\u2019est encore la d\u00e9coration des salles hospitali\u00e8res au Centre Hospitalier d\u2019Angoul\u00eame, Centre Hospitalier Intercommunal du Pays de Cognac et du Centre Clinical de Soyaux ainsi qu\u2019au centre de radiologie de Soyaux.<\/p>\n<p>Nous sommes dans la suite de ce que le Pr\u00e9sident fondateur Eric GADON souhaitait lorsqu\u2019il exprimait les raisons de la cr\u00e9ation de Fleur d&rsquo;Isa&nbsp;: <i>\u00ab&nbsp;Je pense, \u00e9crivait-il, \u00e0 toutes ces femmes dans ces salles de chimio tristes et non accueillantes, \u00e0 ces chambres non d\u00e9cor\u00e9es, ces longs couloirs, ces salles d\u2019attente o\u00f9 l\u2019on passe souvent plus de deux \u00e0 trois heures \u00e0 attendre notre rendez-vous, au prix des perruques capillaires, des proth\u00e8ses mammaires, de la lingerie sp\u00e9cialis\u00e9e. Je pense aussi \u00e0 la recherche sur le cancer du sein, et du cancer en g\u00e9n\u00e9ral.&nbsp;\u00bb<\/i><\/p>\n<p>Fleur d\u2019Isa est devenue aussi une association organis\u00e9e et professionnelle, 9 intervenantes sp\u00e9cialistes dont les actions sont planifi\u00e9es et coordonn\u00e9es, parmi elles, deux sont salari\u00e9es sur des contrats \u00e0 dur\u00e9e ind\u00e9termin\u00e9e, les autres li\u00e9es \u00e0 Fleur d\u2019Isa par conventions de service r\u00e9mun\u00e9r\u00e9. Des r\u00e9unions les rassemblant sont organis\u00e9es pour traiter de tous les sujets li\u00e9s \u00e0 leur activit\u00e9 aupr\u00e8s des malades et des difficult\u00e9s qu\u2019elles peuvent rencontrer. Elles sont aussi nos ambassadrices ce qui sous-entend un profil bien pr\u00e9cis, bien dans l\u2019esprit de l\u2019association, car il y a un esprit Fleur d\u2019Isa celui de l\u2019aide et du soutien.<\/p>\n<p>Pour disposer des fonds n\u00e9cessaires au financement des soins, Fleur d\u2019Isa organise ses propres actions&nbsp;:<\/p>\n<p>&#8211;&nbsp;&nbsp;&nbsp;&nbsp;&nbsp;&nbsp;&nbsp;&nbsp;&nbsp; Entre 4 et 5 expositions de tableaux donn\u00e9s par des peintres amateurs et professionnels, de porcelaine peinte r\u00e9alis\u00e9e par notre artiste Simone BENOIT, de patchworks&nbsp; effectu\u00e9s par les clubs charentais, d\u2019objets d\u2019art en particulier de superbes lampes en pierre sculpt\u00e9e par Mano GIOSA, etc.<\/p>\n<p>Au fil du temps, nous avons abandonn\u00e9 le loto dont le rapport \u00ab&nbsp;travail\/r\u00e9sultat&nbsp;\u00bb devenait peau de chagrin, ainsi que la \u00ab&nbsp;Balade des coquelicots&nbsp;\u00bb trop lourde \u00e0 organiser.<\/p>\n<p>D\u2019autres sources bas\u00e9es sur l\u2019aide, le soutien, la solidarit\u00e9 et la confiance sont venues compenser et compl\u00e9ter nos actions.<\/p>\n<p>Douze partenaires, que vous d\u00e9couvrirez dans le rapport d\u2019activit\u00e9, se sont manifest\u00e9s aupr\u00e8s de Fleur d\u2019Isa au cours de l\u2019ann\u00e9e 2017.<\/p>\n<p>Quelques subventions survivent encore, celles de la ville d\u2019Angoul\u00eame et de la CPAM de la Charente, la plus importante, puis les adh\u00e9sions des 170 adh\u00e9rents.<\/p>\n<p>Tout cela constitue un budget d\u2019environ 38&nbsp;000 \u20ac g\u00e9r\u00e9 avec efficacit\u00e9 et rigueur, plus 90 % de son montant est utilis\u00e9 pour le financement des soins aux malades et de la recherche. L\u2019association dispose d\u2019un exercice financier d\u2019avance pour faire face \u00e0 toute \u00e9ventualit\u00e9.<\/p>\n<p>Fleur d\u2019Isa adh\u00e8re \u00e0 France Assos Sant\u00e9, nouvelle association nationale d\u2019usagers cr\u00e9\u00e9e par la derni\u00e8re loi sant\u00e9, elle en est une des rares sur le plan local, car les conditions d\u2019adh\u00e9sions imposent que les associations soient accr\u00e9dit\u00e9es.<\/p>\n<p>Les derniers \u00e9v\u00e8nements survenus \u00e0 l\u2019h\u00f4pital d\u2019Angoul\u00eame avec l\u2019absence de nombreux personnels m\u00e9dicaux&nbsp; du service d\u2019oncologie en octobre dernier ont amen\u00e9 Fleur d\u2019Isa \u00e0 soutenir le Pr\u00e9sident de France Assos Sant\u00e9 attaqu\u00e9 en justice par l\u2019un des praticiens en cause.<\/p>\n<p>C\u2019est parce que nous n\u2019acceptons pas que les malades aient pu p\u00e2tir de cette situation et qu\u2019Alain GALLAND, dans le cadre de ces fonctions, ait \u00e9t\u00e9 mis en cause de la sorte que nous avons r\u00e9agi. Il a l\u2019entier soutien de Fleur d\u2019Isa.<\/p>\n<p>Voici Fleur d\u2019Isa apr\u00e8s dix ans de vie et d\u2019action, c\u2019est une image forte et un acteur de sant\u00e9 reconnu, c\u2019est aussi un mod\u00e8le, ses actes aupr\u00e8s des malades ont \u00e9t\u00e9 plusieurs fois copi\u00e9s.<\/p>\n<p>Comme vous le constatez, Fleur d\u2019Isa a de nombreux points forts, mais elle a aussi quelques points faibles et le plus important est celui de son tissu militant.<\/p>\n<p>Pour qu\u2019une association s\u2019inscrive dans le temps il faut que les g\u00e9n\u00e9rations se succ\u00e8dent r\u00e9guli\u00e8rement, les plus vieux laissant la place aux plus jeunes et ainsi de suite. Il en de m\u00eame pour Fleur d\u2019Isa, qui aujourd\u2019hui a besoin de compl\u00e9ter son conseil d\u2019administration.<\/p>\n<p>On ne peut souhaiter que vive Fleur d\u2019Isa au regard de son action aupr\u00e8s des malades et ne pas faire l\u2019effort de participer \u00e0 son fonctionnement. L\u2019appel est lanc\u00e9 et nous souhaitons qu\u2019il soit entendu et que des volontaires viennent nous rejoindre.<\/p>\n<p>Fleur d\u2019Isa n\u2019a jamais conditionn\u00e9 ses actes \u00e0 l\u2019adh\u00e9sion et elle continuera, pour autant nous avons besoin d\u2019augmenter leur nombre pour tenter d\u2019assurer la p\u00e9rennit\u00e9 de notre association.<\/p>\n<p>Parmi les initiatives \u00e0 prendre, nous pouvons envisager de mener une campagne d\u2019adh\u00e9sions la plus large possible, de faire \u00e0 nouveau \u00e0 l\u2019automne une r\u00e9union des adh\u00e9rents afin de faire vivre le lien indispensable entre adh\u00e9rents et dirigeants, d\u2019int\u00e9resser les jeunes sous une ou des formes \u00e0 d\u00e9terminer, d\u2019associer plus \u00e9troitement certains de nos partenaires \u00e0 la vie de Fleur d\u2019Isa afin d\u2019aller au-del\u00e0 du p\u00e9rim\u00e8tre des malades, de nous impliquer plus et mieux encore dans la pr\u00e9vention de la maladie en liaison et en accord avec l\u2019association Orchid\u00e9e.<\/p>\n<p><b>Nous devons ensemble pr\u00e9parer l\u2019avenir, les malades ont besoin de nous et la maladie ne marque pour l\u2019instant aucune r\u00e9mission.<\/b><\/p>\n<p>La demande de soins et tr\u00e8s loin d\u2019\u00eatre satisfaite et les sp\u00e9cialit\u00e9s propos\u00e9es peuvent aussi \u00eatre compl\u00e9t\u00e9es par d\u2019autres dont l\u2019importance est reconnue comme l\u2019activit\u00e9 physique adapt\u00e9e appel\u00e9e aussi sport sant\u00e9.<\/p>\n<p>Tout \u00e0 l\u2019heure vous d\u00e9couvrirez l\u2019aromath\u00e9rapie, une initiative nouvelle allant dans le sens du \u00ab&nbsp;mieux-\u00eatre&nbsp;\u00bb.<\/p>\n<p><b>Plus que jamais les soins de support sont recherch\u00e9s dans le protocole de la gu\u00e9rison, plus que jamais doit jouer la solidarit\u00e9 en faveur de ceux dont la sant\u00e9 est fragile, alors merci d\u2019entendre et de comprendre notre appel.<\/b><\/p>\n<p>C\u2019est dans cet esprit et pour terminer que je m\u2019inspirerai encore une fois d\u2019\u00c9ric GADON pour vous dire : \u00ab&nbsp;C<i>ontinuons \u00e0 semer, ensemble, ces petites graines de coquelicots un peu partout dans le c\u0153ur des personnes qui souffrent et aussi chez celles qui ne souffrent de rien et qui sentent le besoin de donner un peu d\u2019humanit\u00e9&nbsp;\u00bb.<\/i><\/p>\n<p>Je vous remercie de votre attention<\/p>\n<p><span style=\"color: #008000;\"><b><span style=\"text-decoration: underline;\">Pr\u00e9sentation du Pr\u00e9sident Honoraire<\/span><\/b><\/span><\/p>\n<p style=\"text-align: center;\"><a href=\"http:\/\/www.fleurdisa.org\/blog\/wp-content\/uploads\/2018\/03\/P1030816web.jpg\"><img loading=\"lazy\" decoding=\"async\" class=\"size-full wp-image-2985 aligncenter\" alt=\"P1030816web\" src=\"http:\/\/www.fleurdisa.org\/blog\/wp-content\/uploads\/2018\/03\/P1030816web.jpg\" width=\"250\" height=\"188\" srcset=\"https:\/\/www.fleurdisa.org\/blog\/wp-content\/uploads\/2018\/03\/P1030816web.jpg 250w, https:\/\/www.fleurdisa.org\/blog\/wp-content\/uploads\/2018\/03\/P1030816web-200x150.jpg 200w\" sizes=\"auto, (max-width: 250px) 100vw, 250px\" \/><\/a><\/p>\n<p>Dans le cadre du 10<sup>\u00e8me<\/sup> anniversaire de Fleur d\u2019Isa, le Conseil d\u2019Administration propose de nommer Eric GADON, pr\u00e9sident fondateur de Fleur d\u2019Isa, pr\u00e9sident honoraire.<\/p>\n<p style=\"text-align: center;\"><span style=\"color: #008000;\"><b>Approbation \u00e0 l\u2019unanimit\u00e9<\/b><\/span><\/p>\n<p><span style=\"text-decoration: underline; color: #008000;\"><strong>Les rapports d\u2019activit\u00e9 et financier sont aussi pr\u00e9sent\u00e9s et les 3 sont approuv\u00e9s \u00e0 l\u2019unanimit\u00e9 des adh\u00e9rents pr\u00e9sents.<\/strong><\/span><\/p>\n<p><span style=\"color: #008000;\">Le quitus est donn\u00e9 au Tr\u00e9sorier<\/span><\/p>\n<p style=\"text-align: center;\"><a href=\"http:\/\/www.fleurdisa.org\/blog\/wp-content\/uploads\/2018\/03\/P1030820web.jpg\"><img loading=\"lazy\" decoding=\"async\" class=\"size-full wp-image-2987 alignleft\" alt=\"P1030820web\" src=\"http:\/\/www.fleurdisa.org\/blog\/wp-content\/uploads\/2018\/03\/P1030820web.jpg\" width=\"216\" height=\"160\"><\/a><a href=\"http:\/\/www.fleurdisa.org\/blog\/wp-content\/uploads\/2018\/03\/P1030821web.jpg\"><img loading=\"lazy\" decoding=\"async\" class=\"size-full wp-image-2988 aligncenter\" alt=\"P1030821web\" src=\"http:\/\/www.fleurdisa.org\/blog\/wp-content\/uploads\/2018\/03\/P1030821web.jpg\" width=\"216\" height=\"161\" srcset=\"https:\/\/www.fleurdisa.org\/blog\/wp-content\/uploads\/2018\/03\/P1030821web.jpg 250w, https:\/\/www.fleurdisa.org\/blog\/wp-content\/uploads\/2018\/03\/P1030821web-200x150.jpg 200w\" sizes=\"auto, (max-width: 216px) 100vw, 216px\" \/><\/a><\/p>\n<p><span style=\"color: #008000;\"><b><span style=\"text-decoration: underline;\">Perspectives 2018:<\/span><\/b><\/span><\/p>\n<p><span style=\"color: #ff0000;\"><b>Actions&nbsp;:<\/b><\/span><\/p>\n<p><b>Maintien de l\u2019offre des prestations de bien-\u00eatre pour redonner go\u00fbt \u00e0 la vie, \u00e9couter, dialoguer avec les malades du cancer en finan\u00e7ant des soins d\u2019esth\u00e9tique, d\u2019hypnoth\u00e9rapie, de r\u00e9flexologie plantaire, de p\u00e9dicurie-podologie, des conseils capillaires et de psychoth\u00e9rapie<\/b><\/p>\n<p>Tous ces soins sont destin\u00e9s aux patient(es) atteint(e)s de cancer, afin de les aider \u00e0 supporter le traitement et leur faire oublier quelques instants leur maladie.<\/p>\n<p>Poursuite des op\u00e9rations <b>\u00abPlaisirs sucr\u00e9s\u00bb<\/b> et <b>\u00abUn bouquet pour la f\u00eate des M\u00e8res\u00bb<\/b> dans les trois Centres.<\/p>\n<p>Poursuite des op\u00e9rations <b>Coussins-C\u0153urs.<\/b><\/p>\n<p><b>Dons<\/b> pour la recherche contre le cancer et associations partenaires en Charente.<\/p>\n<p><b>Participation aux campagnes de sensibilisation avec ORCHID\u00c9E, <\/b>afin d\u2019apporter notre concours aux d\u00e9marches de pr\u00e9vention et de d\u00e9pistage du cancer de fa\u00e7on \u00e0 agir aussi avant la maladie.<\/p>\n<p><b>Poursuite de l\u2019implication de Fleur d\u2019Isa dans l\u2019activit\u00e9 de France Assos Sant\u00e9, <\/b>en si\u00e9geant au Conseil d\u2019Administration.<\/p>\n<p><b>Poursuite de l\u2019implication dans les groupes de travail de la Direction des soins du CHA (Centre Hospitalier d\u2019Angoul\u00eame)<\/b>, \u2026.<\/p>\n<p><b>Poursuite de la tenue de permanences MDU (Maison Des Usagers)<\/b>: Fleur d\u2019Isa participe, avec d\u2019autres associations de malades, \u00e0 la tenue des permanences \u00e0 la Maison des Usagers du Centre Hospitalier d\u2019Angoul\u00eame, pour accueillir et \u00e9couter les malades et leurs familles.<\/p>\n<p><span style=\"color: #ff0000;\"><b>Financement&nbsp;:<\/b><\/span><\/p>\n<p>Renouvellement des expositions \u00ab&nbsp;Des Coquelicots pour fleur d\u2019Isa&nbsp;\u00bb&nbsp;:<\/p>\n<p><b>Exposition-vente<\/b> d\u2019\u0153uvres offertes par des artistes b\u00e9n\u00e9voles, du 26 f\u00e9vrier au 3 mars au Couvent des R\u00e9collets \u00e0 Cognac, les 30 juin &nbsp;et 1<sup>er<\/sup> juillet au Prieur\u00e9 de Rauzet \u00e0 Combiers, le 27 juillet \u00e0 la f\u00eate des Carri\u00e8res \u00e0 Saint-M\u00eame les Carri\u00e8res, et en octobre au March\u00e9 d\u2019Edith<\/p>\n<p>Le 26\/10 Concert \u00e0 l\u2019\u00e9glise du Gond-Pontouvre<\/p>\n<p><b><span style=\"color: #ff0000;\">Manifestations de soutien au profit de Fleur d\u2019Isa&nbsp;:<\/span> <\/b><\/p>\n<p>* 6 et 7\/04 : Participation au Salon Loisirs Cr\u00e9atifs \u00e0 Ch\u00e2teaubernard (Magasin DALBE)<\/p>\n<p>* 28\/04 : Participation \u00e0 la cyclo sportive La Paul POUX<\/p>\n<p>* En 05&nbsp;: concert de Musiques Baroques<\/p>\n<p>* 20\/05&nbsp;: Jour de f\u00eate \u00e0 Bouteville<\/p>\n<p>* 07\/07 : repas champ\u00eatre \u00e0 Bonneuil<\/p>\n<p>* 12 et 13\/10 : Participation au Salon SOYAUX CREAT\u2019ARTS<\/p>\n<p><span style=\"color: #ff0000;\"><b>Convivialit\u00e9&nbsp;:<\/b><\/span><\/p>\n<p>Renouvellement de l\u2019organisation du <b>\u00ab&nbsp;Repas Fleur<\/b> <b>d\u2019Isa&nbsp;\u00bb<\/b> le 16 novembre \u00e0 Champniers, salle Dambier, afin de permettre \u00e0 nos adh\u00e9rents, donateurs, partenaires et sympathisants de se retrouver.<\/p>\n<p><span style=\"text-decoration: underline;\"><span style=\"color: #008000;\"><b>Conseil d\u2019Administration :<\/b><\/span><\/span><br \/>\nMesdames <b><\/b>Fran\u00e7oise CAPDEVIELLE, \u00c9lise COUSIN,<br \/>\nMessieurs Jean-Louis ANDREAU, Serge CIAVATTA, Fabien MORELET, Jean-Loup VILLESSOT<\/p>\n<p><span style=\"color: #008000;\"><b><span style=\"text-decoration: underline;\">Activit\u00e9 physique et cancer, dermographie r\u00e9paratrice&nbsp;:<br \/>\n<\/span><\/b><\/span>Pr\u00e9sentation par Nicolas GENDRY et Myriam GRZONKOWSKY, des bienfaits de l\u2019activit\u00e9 physique sur la maladie et des possibilit\u00e9s offertes par la dermographie pour r\u00e9parer les cicatrices chirurgicales ou les pertes de syst\u00e8me pileux dus \u00e0 la maladie. Autant d\u2019actions qui peuvent aider les malades \u00e0 se sentir mieux dans leur corps et dans leur t\u00eate.<\/p>\n<p style=\"text-align: center;\"><a href=\"http:\/\/www.fleurdisa.org\/blog\/wp-content\/uploads\/2018\/03\/P1030824-red-web.jpg\"><img loading=\"lazy\" decoding=\"async\" class=\"size-full wp-image-2989 aligncenter\" alt=\"P1030824 red web\" src=\"http:\/\/www.fleurdisa.org\/blog\/wp-content\/uploads\/2018\/03\/P1030824-red-web.jpg\" width=\"250\" height=\"214\"><\/a><\/p>\n<p><span style=\"color: #008000;\"><b><span style=\"text-decoration: underline;\">Pr\u00e9sentation <\/span><\/b><b><span style=\"text-decoration: underline;\">par <\/span><\/b><b><span style=\"text-decoration: underline;\">Mme <\/span><\/b><b><\/b><b><span style=\"text-decoration: underline;\">Nathalie HOUSSAIS du CHA et Marie COLLET, de Fleur d\u2019Isa de la chambre d\u2019aromath\u00e9rapie mise en service en pneumologie au CHA<\/span><\/b><\/span><\/p>\n<p>Cette chambre op\u00e9rationnelle depuis le d\u00e9but 2018 re\u00e7oit un accueil tr\u00e8s favorable des malades qui sollicitent de plus en plus son utilisation. Elle est largement occup\u00e9e aussi par Fleur d\u2019Isa lors de ses interventions.<\/p>\n<p style=\"text-align: center;\"><a href=\"http:\/\/www.fleurdisa.org\/blog\/wp-content\/uploads\/2018\/03\/P1030827web.jpg\"><img loading=\"lazy\" decoding=\"async\" class=\"size-full wp-image-2990 aligncenter\" alt=\"P1030827web\" src=\"http:\/\/www.fleurdisa.org\/blog\/wp-content\/uploads\/2018\/03\/P1030827web.jpg\" width=\"250\" height=\"188\" srcset=\"https:\/\/www.fleurdisa.org\/blog\/wp-content\/uploads\/2018\/03\/P1030827web.jpg 250w, https:\/\/www.fleurdisa.org\/blog\/wp-content\/uploads\/2018\/03\/P1030827web-200x150.jpg 200w\" sizes=\"auto, (max-width: 250px) 100vw, 250px\" \/><\/a><\/p>\n<p><b><span style=\"text-decoration: underline;\">&nbsp;<\/span><\/b><\/p>\n<p>Des \u00e9changes ont eu lieu avec la salle.<\/p>\n<p>La s\u00e9ance est lev\u00e9e \u00e0 23 h&nbsp; et se termine par un pot de l\u2019amiti\u00e9<\/p>\n<p>&nbsp;<\/p>\n<p>&nbsp;<\/p>\n<p>&nbsp;<\/p>\n<p>&nbsp;<\/p>\n","protected":false},"excerpt":{"rendered":"<p>Fleur d&rsquo;Isa a tenu sa 10\u00e8me assembl\u00e9e g\u00e9n\u00e9rale le vendredi 9 mars 2018 \u00e0 Champniers devant une cinquantaine de personnes, [&hellip;]<\/p>\n","protected":false},"author":5,"featured_media":0,"comment_status":"open","ping_status":"open","sticky":false,"template":"","format":"standard","meta":{"site-sidebar-layout":"default","site-content-layout":"","ast-site-content-layout":"default","site-content-style":"default","site-sidebar-style":"default","ast-global-header-display":"","ast-banner-title-visibility":"","ast-main-header-display":"","ast-hfb-above-header-display":"","ast-hfb-below-header-display":"","ast-hfb-mobile-header-display":"","site-post-title":"","ast-breadcrumbs-content":"","ast-featured-img":"","footer-sml-layout":"","ast-disable-related-posts":"","theme-transparent-header-meta":"","adv-header-id-meta":"","stick-header-meta":"","header-above-stick-meta":"","header-main-stick-meta":"","header-below-stick-meta":"","astra-migrate-meta-layouts":"default","ast-page-background-enabled":"default","ast-page-background-meta":{"desktop":{"background-color":"var(--ast-global-color-5)","background-image":"","background-repeat":"repeat","background-position":"center center","background-size":"auto","background-attachment":"scroll","background-type":"","background-media":"","overlay-type":"","overlay-color":"","overlay-opacity":"","overlay-gradient":""},"tablet":{"background-color":"","background-image":"","background-repeat":"repeat","background-position":"center center","background-size":"auto","background-attachment":"scroll","background-type":"","background-media":"","overlay-type":"","overlay-color":"","overlay-opacity":"","overlay-gradient":""},"mobile":{"background-color":"","background-image":"","background-repeat":"repeat","background-position":"center center","background-size":"auto","background-attachment":"scroll","background-type":"","background-media":"","overlay-type":"","overlay-color":"","overlay-opacity":"","overlay-gradient":""}},"ast-content-background-meta":{"desktop":{"background-color":"var(--ast-global-color-4)","background-image":"","background-repeat":"repeat","background-position":"center center","background-size":"auto","background-attachment":"scroll","background-type":"","background-media":"","overlay-type":"","overlay-color":"","overlay-opacity":"","overlay-gradient":""},"tablet":{"background-color":"var(--ast-global-color-4)","background-image":"","background-repeat":"repeat","background-position":"center center","background-size":"auto","background-attachment":"scroll","background-type":"","background-media":"","overlay-type":"","overlay-color":"","overlay-opacity":"","overlay-gradient":""},"mobile":{"background-color":"var(--ast-global-color-4)","background-image":"","background-repeat":"repeat","background-position":"center center","background-size":"auto","background-attachment":"scroll","background-type":"","background-media":"","overlay-type":"","overlay-color":"","overlay-opacity":"","overlay-gradient":""}},"footnotes":""},"categories":[3],"tags":[],"class_list":["post-2982","post","type-post","status-publish","format-standard","hentry","category-generalites"],"_links":{"self":[{"href":"https:\/\/www.fleurdisa.org\/blog\/wp-json\/wp\/v2\/posts\/2982","targetHints":{"allow":["GET"]}}],"collection":[{"href":"https:\/\/www.fleurdisa.org\/blog\/wp-json\/wp\/v2\/posts"}],"about":[{"href":"https:\/\/www.fleurdisa.org\/blog\/wp-json\/wp\/v2\/types\/post"}],"author":[{"embeddable":true,"href":"https:\/\/www.fleurdisa.org\/blog\/wp-json\/wp\/v2\/users\/5"}],"replies":[{"embeddable":true,"href":"https:\/\/www.fleurdisa.org\/blog\/wp-json\/wp\/v2\/comments?post=2982"}],"version-history":[{"count":0,"href":"https:\/\/www.fleurdisa.org\/blog\/wp-json\/wp\/v2\/posts\/2982\/revisions"}],"wp:attachment":[{"href":"https:\/\/www.fleurdisa.org\/blog\/wp-json\/wp\/v2\/media?parent=2982"}],"wp:term":[{"taxonomy":"category","embeddable":true,"href":"https:\/\/www.fleurdisa.org\/blog\/wp-json\/wp\/v2\/categories?post=2982"},{"taxonomy":"post_tag","embeddable":true,"href":"https:\/\/www.fleurdisa.org\/blog\/wp-json\/wp\/v2\/tags?post=2982"}],"curies":[{"name":"wp","href":"https:\/\/api.w.org\/{rel}","templated":true}]}}