{"id":2735,"date":"2017-07-26T00:51:01","date_gmt":"2017-07-25T22:51:01","guid":{"rendered":"http:\/\/www.fleurdisa.org\/blog\/?p=2735"},"modified":"2021-07-07T17:38:59","modified_gmt":"2021-07-07T15:38:59","slug":"repas-champetre-a-bonneuil","status":"publish","type":"post","link":"https:\/\/www.fleurdisa.org\/blog\/repas-champetre-a-bonneuil\/","title":{"rendered":"Repas champ\u00eatre \u00e0 Bonneuil"},"content":{"rendered":"<p>Ce samedi 8 juillet, les alertes m\u00e9t\u00e9o ont quelque peu perturb\u00e9 l&rsquo;organisation et le d\u00e9roulement de la soir\u00e9e.<\/p>\n<p>Elle a d\u00e9but\u00e9 par un concert donn\u00e9 par le groupe POSITIVE! qui a du se produire dans une salle alors qu&rsquo;il \u00e9tait initialement pr\u00e9vu en plein air.<\/p>\n<p><a href=\"http:\/\/www.fleurdisa.org\/blog\/wp-content\/uploads\/2017\/07\/P1030428-web1.jpg\"><img loading=\"lazy\" decoding=\"async\" class=\"size-full wp-image-2753 alignleft\" alt=\"P1030428 web\" src=\"http:\/\/www.fleurdisa.org\/blog\/wp-content\/uploads\/2017\/07\/P1030428-web1.jpg\" width=\"210\" height=\"149\" \/>\u00a0 <\/a><a href=\"http:\/\/www.fleurdisa.org\/blog\/wp-content\/uploads\/2017\/07\/P1030445-web.jpg\"><img loading=\"lazy\" decoding=\"async\" class=\"size-medium wp-image-2741 alignnone\" alt=\"P1030445 web\" src=\"http:\/\/www.fleurdisa.org\/blog\/wp-content\/uploads\/2017\/07\/P1030445-web.jpg\" width=\"210\" height=\"150\" \/><\/a><\/p>\n<p>Malgr\u00e9 la chaleur accablante, le public fut conquis par le talent de ce duo de talent et Alexis son chanteur<\/p>\n<p><a href=\"http:\/\/www.fleurdisa.org\/blog\/wp-content\/uploads\/2017\/07\/P1030440-web.jpg\"><img loading=\"lazy\" decoding=\"async\" class=\"size-medium wp-image-2738 alignleft\" alt=\"P1030440 web\" src=\"http:\/\/www.fleurdisa.org\/blog\/wp-content\/uploads\/2017\/07\/P1030440-web.jpg\" width=\"215\" height=\"161\" srcset=\"https:\/\/www.fleurdisa.org\/blog\/wp-content\/uploads\/2017\/07\/P1030440-web.jpg 220w, https:\/\/www.fleurdisa.org\/blog\/wp-content\/uploads\/2017\/07\/P1030440-web-200x150.jpg 200w\" sizes=\"auto, (max-width: 215px) 100vw, 215px\" \/><\/a><\/p>\n<p><a href=\"http:\/\/www.fleurdisa.org\/blog\/wp-content\/uploads\/2017\/07\/P1030446-web.jpg\"><img loading=\"lazy\" decoding=\"async\" class=\"alignnone\" alt=\"P1030446 web\" src=\"http:\/\/www.fleurdisa.org\/blog\/wp-content\/uploads\/2017\/07\/P1030446-web.jpg\" width=\"216\" height=\"162\" \/><\/a><\/p>\n<p><a href=\"http:\/\/www.fleurdisa.org\/blog\/wp-content\/uploads\/2017\/07\/P1030441-web.jpg\"><br \/>\n<\/a><\/p>\n<p style=\"text-align: center;\"><a href=\"http:\/\/www.fleurdisa.org\/blog\/wp-content\/uploads\/2017\/07\/P1030447-web.jpg\"><img loading=\"lazy\" decoding=\"async\" class=\"size-medium wp-image-2743 aligncenter\" alt=\"P1030447 web\" src=\"http:\/\/www.fleurdisa.org\/blog\/wp-content\/uploads\/2017\/07\/P1030447-web.jpg\" width=\"222\" height=\"166\" srcset=\"https:\/\/www.fleurdisa.org\/blog\/wp-content\/uploads\/2017\/07\/P1030447-web.jpg 220w, https:\/\/www.fleurdisa.org\/blog\/wp-content\/uploads\/2017\/07\/P1030447-web-200x150.jpg 200w\" sizes=\"auto, (max-width: 222px) 100vw, 222px\" \/><br \/>\n<\/a><\/p>\n<p style=\"text-align: center;\"><a href=\"http:\/\/www.fleurdisa.org\/blog\/wp-content\/uploads\/2017\/07\/P1030442-web.jpg\"><img loading=\"lazy\" decoding=\"async\" class=\"size-medium wp-image-2740 aligncenter\" alt=\"P1030442 web\" src=\"http:\/\/www.fleurdisa.org\/blog\/wp-content\/uploads\/2017\/07\/P1030442-web.jpg\" width=\"220\" height=\"293\" \/><\/a><\/p>\n<p>La soir\u00e9e s&rsquo;est poursuivie par un ap\u00e9ritif et un repas champ\u00eatre qui ont rassembl\u00e9 plus de 160 participants<\/p>\n<p><a href=\"http:\/\/www.fleurdisa.org\/blog\/wp-content\/uploads\/2017\/07\/P1030451-web.jpg\"><img loading=\"lazy\" decoding=\"async\" class=\"alignnone size-medium wp-image-2744\" alt=\"P1030451 web\" src=\"http:\/\/www.fleurdisa.org\/blog\/wp-content\/uploads\/2017\/07\/P1030451-web.jpg\" width=\"220\" height=\"165\" srcset=\"https:\/\/www.fleurdisa.org\/blog\/wp-content\/uploads\/2017\/07\/P1030451-web.jpg 220w, https:\/\/www.fleurdisa.org\/blog\/wp-content\/uploads\/2017\/07\/P1030451-web-200x150.jpg 200w\" sizes=\"auto, (max-width: 220px) 100vw, 220px\" \/><\/a> <a href=\"http:\/\/www.fleurdisa.org\/blog\/wp-content\/uploads\/2017\/07\/P1030453-web.jpg\"><img loading=\"lazy\" decoding=\"async\" class=\"alignnone size-medium wp-image-2745\" alt=\"P1030453 web\" src=\"http:\/\/www.fleurdisa.org\/blog\/wp-content\/uploads\/2017\/07\/P1030453-web.jpg\" width=\"220\" height=\"165\" srcset=\"https:\/\/www.fleurdisa.org\/blog\/wp-content\/uploads\/2017\/07\/P1030453-web.jpg 220w, https:\/\/www.fleurdisa.org\/blog\/wp-content\/uploads\/2017\/07\/P1030453-web-200x150.jpg 200w\" sizes=\"auto, (max-width: 220px) 100vw, 220px\" \/><\/a><\/p>\n<p style=\"text-align: center;\"><a href=\"http:\/\/www.fleurdisa.org\/blog\/wp-content\/uploads\/2017\/07\/P1030458-web.jpg\"><img loading=\"lazy\" decoding=\"async\" class=\"size-medium wp-image-2746 aligncenter\" alt=\"P1030458 web\" src=\"http:\/\/www.fleurdisa.org\/blog\/wp-content\/uploads\/2017\/07\/P1030458-web.jpg\" width=\"220\" height=\"165\" srcset=\"https:\/\/www.fleurdisa.org\/blog\/wp-content\/uploads\/2017\/07\/P1030458-web.jpg 220w, https:\/\/www.fleurdisa.org\/blog\/wp-content\/uploads\/2017\/07\/P1030458-web-200x150.jpg 200w\" sizes=\"auto, (max-width: 220px) 100vw, 220px\" \/><\/a><\/p>\n<p>Pendant que les jambons r\u00f4tissaient, le d\u00e9but du repas \u00e9tait anim\u00e9 par Maurice, le ventriloque.<\/p>\n<p><a href=\"http:\/\/www.fleurdisa.org\/blog\/wp-content\/uploads\/2017\/07\/P1030462-web.jpg\"><img loading=\"lazy\" decoding=\"async\" class=\"alignnone size-medium wp-image-2748\" alt=\"P1030462 web\" src=\"http:\/\/www.fleurdisa.org\/blog\/wp-content\/uploads\/2017\/07\/P1030462-web.jpg\" width=\"221\" height=\"154\" \/>\u00a0 <\/a><a href=\"http:\/\/www.fleurdisa.org\/blog\/wp-content\/uploads\/2017\/07\/P1030471-web.jpg\"><img loading=\"lazy\" decoding=\"async\" class=\"alignnone size-medium wp-image-2749\" alt=\"P1030471 web\" src=\"http:\/\/www.fleurdisa.org\/blog\/wp-content\/uploads\/2017\/07\/P1030471-web.jpg\" width=\"208\" height=\"156\" srcset=\"https:\/\/www.fleurdisa.org\/blog\/wp-content\/uploads\/2017\/07\/P1030471-web.jpg 220w, https:\/\/www.fleurdisa.org\/blog\/wp-content\/uploads\/2017\/07\/P1030471-web-200x150.jpg 200w\" sizes=\"auto, (max-width: 208px) 100vw, 208px\" \/><\/a><\/p>\n<p>&nbsp;<\/p>\n<p>Vint ensuite le d\u00e9coupage assur\u00e9 par C\u00e9dric, le restaurateur du Chevalier de la Croix Maron \u00e0 Segonzac qui a assur\u00e9 l&rsquo;ensemble du repas, ainsi que le service des \u00ab\u00a0cocos\u00a0\u00bb.<\/p>\n<p><a href=\"http:\/\/www.fleurdisa.org\/blog\/wp-content\/uploads\/2017\/07\/P1030475-1-web.jpg\"><img loading=\"lazy\" decoding=\"async\" class=\"alignnone size-medium wp-image-2750\" alt=\"P1030475 1 web\" src=\"http:\/\/www.fleurdisa.org\/blog\/wp-content\/uploads\/2017\/07\/P1030475-1-web.jpg\" width=\"220\" height=\"220\" srcset=\"https:\/\/www.fleurdisa.org\/blog\/wp-content\/uploads\/2017\/07\/P1030475-1-web.jpg 220w, https:\/\/www.fleurdisa.org\/blog\/wp-content\/uploads\/2017\/07\/P1030475-1-web-100x100.jpg 100w, https:\/\/www.fleurdisa.org\/blog\/wp-content\/uploads\/2017\/07\/P1030475-1-web-150x150.jpg 150w\" sizes=\"auto, (max-width: 220px) 100vw, 220px\" \/><\/a> <a href=\"http:\/\/www.fleurdisa.org\/blog\/wp-content\/uploads\/2017\/07\/P1030476-web.jpg\"><img loading=\"lazy\" decoding=\"async\" class=\"alignnone size-full wp-image-2751\" alt=\"P1030476 web\" src=\"http:\/\/www.fleurdisa.org\/blog\/wp-content\/uploads\/2017\/07\/P1030476-web.jpg\" width=\"220\" height=\"165\" srcset=\"https:\/\/www.fleurdisa.org\/blog\/wp-content\/uploads\/2017\/07\/P1030476-web.jpg 220w, https:\/\/www.fleurdisa.org\/blog\/wp-content\/uploads\/2017\/07\/P1030476-web-200x150.jpg 200w\" sizes=\"auto, (max-width: 220px) 100vw, 220px\" \/><\/a><\/p>\n<p>Un grand merci \u00e0 tous les participants, \u00e0 la municipalit\u00e9 de Bonneuil et tout particuli\u00e8rement \u00e0 son Maire, M. GAYOUX, \u00e0 Corinne, C\u00e9dric et ses fils et tous les b\u00e9n\u00e9voles qui ont contribu\u00e9 \u00e0 la r\u00e9ussite de cette soir\u00e9e.<\/p>\n<p>Rendez-vous est pris pour l&rsquo;an prochain<\/p>\n","protected":false},"excerpt":{"rendered":"<p>Ce samedi 8 juillet, les alertes m\u00e9t\u00e9o ont quelque peu perturb\u00e9 l&rsquo;organisation et le d\u00e9roulement de la soir\u00e9e. Elle a [&hellip;]<\/p>\n","protected":false},"author":5,"featured_media":0,"comment_status":"open","ping_status":"open","sticky":false,"template":"","format":"standard","meta":{"site-sidebar-layout":"default","site-content-layout":"","ast-site-content-layout":"default","site-content-style":"default","site-sidebar-style":"default","ast-global-header-display":"","ast-banner-title-visibility":"","ast-main-header-display":"","ast-hfb-above-header-display":"","ast-hfb-below-header-display":"","ast-hfb-mobile-header-display":"","site-post-title":"","ast-breadcrumbs-content":"","ast-featured-img":"","footer-sml-layout":"","ast-disable-related-posts":"","theme-transparent-header-meta":"","adv-header-id-meta":"","stick-header-meta":"","header-above-stick-meta":"","header-main-stick-meta":"","header-below-stick-meta":"","astra-migrate-meta-layouts":"default","ast-page-background-enabled":"default","ast-page-background-meta":{"desktop":{"background-color":"var(--ast-global-color-5)","background-image":"","background-repeat":"repeat","background-position":"center center","background-size":"auto","background-attachment":"scroll","background-type":"","background-media":"","overlay-type":"","overlay-color":"","overlay-opacity":"","overlay-gradient":""},"tablet":{"background-color":"","background-image":"","background-repeat":"repeat","background-position":"center center","background-size":"auto","background-attachment":"scroll","background-type":"","background-media":"","overlay-type":"","overlay-color":"","overlay-opacity":"","overlay-gradient":""},"mobile":{"background-color":"","background-image":"","background-repeat":"repeat","background-position":"center center","background-size":"auto","background-attachment":"scroll","background-type":"","background-media":"","overlay-type":"","overlay-color":"","overlay-opacity":"","overlay-gradient":""}},"ast-content-background-meta":{"desktop":{"background-color":"var(--ast-global-color-4)","background-image":"","background-repeat":"repeat","background-position":"center center","background-size":"auto","background-attachment":"scroll","background-type":"","background-media":"","overlay-type":"","overlay-color":"","overlay-opacity":"","overlay-gradient":""},"tablet":{"background-color":"var(--ast-global-color-4)","background-image":"","background-repeat":"repeat","background-position":"center center","background-size":"auto","background-attachment":"scroll","background-type":"","background-media":"","overlay-type":"","overlay-color":"","overlay-opacity":"","overlay-gradient":""},"mobile":{"background-color":"var(--ast-global-color-4)","background-image":"","background-repeat":"repeat","background-position":"center center","background-size":"auto","background-attachment":"scroll","background-type":"","background-media":"","overlay-type":"","overlay-color":"","overlay-opacity":"","overlay-gradient":""}},"footnotes":""},"categories":[4],"tags":[],"class_list":["post-2735","post","type-post","status-publish","format-standard","hentry","category-manifestations"],"_links":{"self":[{"href":"https:\/\/www.fleurdisa.org\/blog\/wp-json\/wp\/v2\/posts\/2735","targetHints":{"allow":["GET"]}}],"collection":[{"href":"https:\/\/www.fleurdisa.org\/blog\/wp-json\/wp\/v2\/posts"}],"about":[{"href":"https:\/\/www.fleurdisa.org\/blog\/wp-json\/wp\/v2\/types\/post"}],"author":[{"embeddable":true,"href":"https:\/\/www.fleurdisa.org\/blog\/wp-json\/wp\/v2\/users\/5"}],"replies":[{"embeddable":true,"href":"https:\/\/www.fleurdisa.org\/blog\/wp-json\/wp\/v2\/comments?post=2735"}],"version-history":[{"count":0,"href":"https:\/\/www.fleurdisa.org\/blog\/wp-json\/wp\/v2\/posts\/2735\/revisions"}],"wp:attachment":[{"href":"https:\/\/www.fleurdisa.org\/blog\/wp-json\/wp\/v2\/media?parent=2735"}],"wp:term":[{"taxonomy":"category","embeddable":true,"href":"https:\/\/www.fleurdisa.org\/blog\/wp-json\/wp\/v2\/categories?post=2735"},{"taxonomy":"post_tag","embeddable":true,"href":"https:\/\/www.fleurdisa.org\/blog\/wp-json\/wp\/v2\/tags?post=2735"}],"curies":[{"name":"wp","href":"https:\/\/api.w.org\/{rel}","templated":true}]}}