{"id":2453,"date":"2017-03-22T05:52:06","date_gmt":"2017-03-22T04:52:06","guid":{"rendered":"http:\/\/www.fleurdisa.org\/blog\/?p=2453"},"modified":"2017-03-22T05:54:53","modified_gmt":"2017-03-22T04:54:53","slug":"9eme-assemblee-generale","status":"publish","type":"post","link":"https:\/\/www.fleurdisa.org\/blog\/9eme-assemblee-generale\/","title":{"rendered":"9\u00e8me assembl\u00e9e g\u00e9n\u00e9rale"},"content":{"rendered":"<p style=\"text-align: left;\">Fleur d&rsquo;Isa a tenu sa 9\u00e8me assembl\u00e9e g\u00e9n\u00e9rale le 10 mars 2017<\/p>\n<p style=\"text-align: center;\"><a href=\"http:\/\/www.fleurdisa.org\/blog\/wp-content\/uploads\/2017\/03\/P1020346-web.jpg\"><img loading=\"lazy\" decoding=\"async\" class=\" wp-image-2458 aligncenter\" alt=\"P1020346 web\" src=\"http:\/\/www.fleurdisa.org\/blog\/wp-content\/uploads\/2017\/03\/P1020346-web.jpg\" width=\"250\" height=\"180\" \/><\/a><\/p>\n<p>&nbsp;<\/p>\n<p>Ci-dessous des extraits de la soir\u00e9e :<\/p>\n<p><span style=\"color: #339966;\"><b><span style=\"text-decoration: underline;\">Rapport moral pr\u00e9sent\u00e9 par la Pr\u00e9sidente<\/span><\/b><\/span><\/p>\n<p style=\"text-align: center;\"><a href=\"http:\/\/www.fleurdisa.org\/blog\/wp-content\/uploads\/2017\/03\/P1020340-web.jpg\"><img loading=\"lazy\" decoding=\"async\" class=\" wp-image-2459 aligncenter\" alt=\"P1020340 web\" src=\"http:\/\/www.fleurdisa.org\/blog\/wp-content\/uploads\/2017\/03\/P1020340-web.jpg\" width=\"250\" height=\"180\" \/><\/a><\/p>\n<p>Je suis heureuse de vous accueillir pour la 9\u00e8me Assembl\u00e9e G\u00e9n\u00e9rale de Fleur d\u2019Isa et ce soir je souhaiterais mettre l\u2019accent, plus particuli\u00e8rement, sur la formidable solidarit\u00e9 qui s\u2019organise autour de Fleur d\u2019Isa.<br \/>\nComme vous le savez, pour mener son action aupr\u00e8s des malades du cancer dans les h\u00f4pitaux d\u2019Angoul\u00eame et Cognac, au Centre Clinical de Soyaux et dans le cadre de l\u2019hospitalisation \u00e0 domicile, Fleur d\u2019Isa doit rassembler des fonds. Ils permettent de financer des soins prodigu\u00e9s par nos intervenantes, ils sont gratuits pour les malades et sans obligation d\u2019adh\u00e9sion, ils le sont aussi pour les structures hospitali\u00e8res.<br \/>\nPlusieurs sources permettent d\u2019y parvenir et parmi celles-ci les dons, ils ont pris en 2016 une place grandissante, de nombreuses associations se sont mobilis\u00e9es, ont organis\u00e9 des manifestations et en ont remis le fruit \u00e0 Fleur d\u2019Isa.<br \/>\nVous les d\u00e9couvrirez dans le rapport d\u2019activit\u00e9, qui va vous \u00eatre pr\u00e9sent\u00e9 juste apr\u00e8s. Chacune \u00e0 sa mani\u00e8re a particip\u00e9 \u00e0 l\u2019aide et au soutien des malades du cancer, chacune a permis \u00e0 Fleur d\u2019Isa de mener sa mission.<br \/>\nMais au-del\u00e0 de cet aspect, je souhaite mettre en relief la dimension et la chaleur humaine de leur d\u00e9marche, chaque geste a fait l\u2019objet de rencontres toutes plus riches les unes que les autres permettant de faire connaissance, d\u2019\u00e9changer et de trouver de nouvelles forces pour poursuivre.<br \/>\nPour Fleur d\u2019Isa c\u2019est la reconnaissance de son s\u00e9rieux, de son professionnalisme et de son efficacit\u00e9. Pour tous les responsables, militants et b\u00e9n\u00e9voles, de l\u2019association c\u2019est une touchante marque de confiance.<br \/>\nJe souhaite, au nom du conseil d\u2019administration, les remercier publiquement et leur faire savoir que ces fonds seront utilis\u00e9s exclusivement au b\u00e9n\u00e9fice des malades, pr\u00e8s de 90 % du budget de Fleur d\u2019Isa est utilis\u00e9 pour le financement des soins.<br \/>\nSi nous sommes riches de solidarit\u00e9 et de soutien, nous le sommes moins sur le plan militant au niveau du conseil d\u2019administration, nous enregistrons cette ann\u00e9e quelques d\u00e9parts qui ne seront pas remplac\u00e9s faute de candidatures.<\/p>\n<p>Je veux tout \u00e0 la fois, lancer un appel et t\u00e9moigner ma reconnaissance\u00a0:<br \/>\nN\u2019oublions pas que ceux qui sont touch\u00e9s par la maladie ont besoin de nous, aujourd\u2019hui comme hier et rien n\u2019est possible sans un noyau suffisant d\u2019administrateurs pour faire fonctionner Fleur d\u2019Isa.<br \/>\nA ceux qui quittent le CA j\u2019adresse mes plus vifs remerciements, je comprends qu\u2019apr\u00e8s le long parcours que vous avez effectu\u00e9, la lassitude et la fatigue se soient manifest\u00e9es. Vous avez beaucoup donn\u00e9 et je sais pouvoir compter encore sur vous.<\/p>\n<p>Si les dons se sont multipli\u00e9s, cette ann\u00e9e et pour la premi\u00e8re fois depuis 2013, le Conseil D\u00e9partemental n\u2019a pas apport\u00e9 son soutien et vers\u00e9 de subvention. Bien s\u00fbr nous sommes conscients des choix difficiles \u00e0 faire au regard des demandes nombreuses alors que les moyens disponibles sont limit\u00e9s. Nous esp\u00e9rons pour l\u2019ann\u00e9e 2017 retrouver ce soutien essentiel.<\/p>\n<p>Au niveau de l\u2019activit\u00e9, 1655 soins ont \u00e9t\u00e9 dispens\u00e9s en 2016, l\u2019activit\u00e9 a \u00e9t\u00e9 maintenue et Fleur d\u2019Isa a tent\u00e9, autant qu\u2019elle l\u2019a pu, de faire face \u00e0 la demande. Des cas douloureux de malades ont jalonn\u00e9 l\u2019ann\u00e9e comme les g\u00e9n\u00e8re cette maladie et mis quelquefois en difficult\u00e9 nos intervenantes. Nous allons tenter de trouver une prise en charge \u00e0 ces situations.<\/p>\n<p>2016 aura aussi \u00e9t\u00e9 l\u2019ann\u00e9e du mouvement pour nos intervenantes, pour des raisons essentiellement li\u00e9es \u00e0 leur activit\u00e9, leur vie familiale ou leur emploi. Certaines sont parties ou momentan\u00e9ment absentes et d\u2019autres sont venues leur succ\u00e9der.<\/p>\n<p>Ce mouvement a cr\u00e9\u00e9 des p\u00e9riodes blanches que nous avons cherch\u00e9 \u00e0 raccourcir au maximum comme le d\u00e9montrent les chiffres de l\u2019activit\u00e9.<\/p>\n<p>Voil\u00e0 pour l\u2019essentiel, voil\u00e0 ce que je souhaitais vous dire au moment o\u00f9 notre association, par de forts soutiens, trouve sa place dans le paysage de la sant\u00e9 en Charente et o\u00f9 son besoin de recruter, en interne, se fait sentir.<\/p>\n<p>Je vous remercie de votre attention.<\/p>\n<p><strong><span style=\"text-decoration: underline;\">Les rapports d&rsquo;activit\u00e9 et financier sont aussi pr\u00e9sent\u00e9s et les 3 sont approuv\u00e9s \u00e0 l&rsquo;unanimit\u00e9 des adh\u00e9rents pr\u00e9sents.<\/span><\/strong><\/p>\n<p><strong>\u00a0<\/strong><\/p>\n<p><span style=\"color: #339966;\"><b><span style=\"text-decoration: underline;\">Perspectives 2017 :<\/span><\/b><\/span><\/p>\n<p><span style=\"color: #ff0000;\"><b>Actions\u00a0:<\/b><\/span><\/p>\n<p>*\u00a0<b>Maintien de l\u2019offre des prestations de bien-\u00eatre pour redonner go\u00fbt \u00e0 la vie, \u00e9couter, dialoguer avec les malades du cancer en finan\u00e7ant des soins d\u2019esth\u00e9tique, de sophrologie, de r\u00e9flexologie plantaire, de p\u00e9dicurie-podologie, des conseils capillaires et de psychoth\u00e9rapie.<br \/>\n<\/b>Tous ces soins sont destin\u00e9s aux patient(es) atteint(e)s de cancer, afin de les aider \u00e0 supporter le traitement et leur faire oublier quelques instants leur maladie.<\/p>\n<p>* Poursuite des op\u00e9rations <b>\u00abPlaisirs sucr\u00e9s\u00bb<\/b> et <b>\u00abUn bouquet pour la f\u00eate des M\u00e8res\u00bb<\/b> dans les trois Centres.<br \/>\n* Poursuite des op\u00e9rations <b>Coussins-C\u0153urs.<br \/>\n<\/b>*\u00a0<b>Dons<\/b> pour la recherche contre le cancer et associations partenaires en Charente.<br \/>\n*\u00a0<b>Participation aux campagnes de sensibilisation avec ORCHID\u00c9E, <\/b>afin d\u2019apporter notre concours aux d\u00e9marches de pr\u00e9vention et de d\u00e9pistage du cancer de fa\u00e7on \u00e0 agir aussi avant la maladie.<br \/>\n*\u00a0<b>Participation aux travaux des groupes de travail de l\u2019ARS <\/b>pour le d\u00e9pistage et la prise en charge du cancer et en si\u00e9geant dans diff\u00e9rentes commissions.<br \/>\n*\u00a0<b>Poursuite de l\u2019implication de Fleur d\u2019Isa dans l\u2019activit\u00e9 du CISSPC, <\/b>en si\u00e9geant au Conseil d\u2019Administration.<br \/>\n*\u00a0<b>Poursuite de l\u2019implication dans les groupes de travail de la Direction des soins du CHA (Centre Hospitalier d\u2019Angoul\u00eame) <\/b>sur les soins palliatifs, les soins de support, \u2026.<br \/>\n*\u00a0<b>Poursuite de la tenue de permanences MDU (Maison Des Usagers)<\/b>: Fleur d\u2019Isa participe, avec d\u2019autres associations de malades, \u00e0 la tenue des permanences \u00e0 la Maison des Usagers du Centre Hospitalier d\u2019Angoul\u00eame, pour accueillir et \u00e9couter les malades et leurs familles.<\/p>\n<p><span style=\"color: #ff0000;\"><b>Financement\u00a0:<\/b><\/span><\/p>\n<p>Lancement d\u2019une <strong><span style=\"color: #000000;\">tombola<\/span><\/strong> dont le tirage aura lieu lors de notre repas annuel (5 gros lots (prix du billet 2 \u20ac))<\/p>\n<p>Le 25\/02 : <strong>Bal Country<\/strong><br \/>\nRenouvellement des expositions \u00ab\u00a0Des Coquelicots pour fleur d\u2019Isa\u00a0\u00bb\u00a0:\u00a0<b>Expositions-ventes<\/b> d\u2019\u0153uvres offertes par des artistes b\u00e9n\u00e9voles, les 24 et 25 juin au Prieur\u00e9 de Rauzet \u00e0 Combiers, le 16\/09 au ch\u00e2teau de Bouteville et les 3 et 4 novembre au March\u00e9 d\u2019Edith (ex Etablissements Boiron \u00e0 Angoul\u00eame).<br \/>\nLe 13\/10<strong> Loto<\/strong> salle Dambier \u00e0 Champniers<\/p>\n<p><span style=\"color: #ff0000;\"><b>Manifestations de soutien au profit de Fleur d\u2019Isa\u00a0: <\/b><\/span><\/p>\n<p>* 05\/03 : d\u00eener de gala \u00e0 la Grange aux Oies organis\u00e9 par <strong>les Disciples d\u2019Escoffier<\/strong><br \/>\n* 18\/03 : soir\u00e9e de gala du <strong>Club AGORA<\/strong><br \/>\n* 31\/03 et 1\/04 : Participation au <strong>Salon Loisirs Cr\u00e9atifs \u00e0 Ch\u00e2teaubernard<\/strong> (Magasin DALBE)<br \/>\n* 29\/04 : Participation \u00e0 la <strong>cyclo sportive La Paul POUX \u00e0 Anais<\/strong><br \/>\n* 08\/07 : <strong>repas champ\u00eatre \u00e0 Bonneuil<\/strong><br \/>\n* 7 et \/10 : Participation au <strong>Salon SOYAUX CREAT\u2019ARTS\u00a0<\/strong><\/p>\n<p><span style=\"color: #ff0000;\"><b>Convivialit\u00e9\u00a0:<\/b><\/span><\/p>\n<p>Renouvellement de l\u2019organisation du <b>\u00ab\u00a0Repas Fleur<\/b> <b>d\u2019Isa\u00a0\u00bb<\/b> le 25 novembre \u00e0 Champniers, salle Dambier, afin de permettre \u00e0 nos adh\u00e9rents, donateurs, partenaires et sympathisants de se retrouver.<\/p>\n<p><span style=\"text-decoration: underline;\"><span style=\"color: #008000; text-decoration: underline;\"><b>Conseil d\u2019Administration 2017\u00a0:<\/b><\/span><\/span><\/p>\n<p>Mesdames Fran\u00e7oise CAPDEVIELLE,\u00a0Elise COUSIN,<br \/>\nMessieurs\u00a0:\u00a0Jean-Louis ANDREAU,\u00a0Fabien MORELET,\u00a0Jean-Loup VILLESSOT<\/p>\n<p><span style=\"color: #008000;\"><b><span style=\"text-decoration: underline;\">Pr\u00e9sentation <\/span><\/b><b><span style=\"text-decoration: underline;\">\u00a0des missions de conseill\u00e8re m\u00e9dicale en environnement int\u00e9rieur (CMEI) :<\/span><\/b><\/span><\/p>\n<p><a href=\"http:\/\/www.fleurdisa.org\/blog\/wp-content\/uploads\/2017\/03\/P1020343-web.jpg\"><img loading=\"lazy\" decoding=\"async\" class=\"alignnone size-full wp-image-2461\" alt=\"P1020343 web\" src=\"http:\/\/www.fleurdisa.org\/blog\/wp-content\/uploads\/2017\/03\/P1020343-web.jpg\" width=\"220\" height=\"165\" srcset=\"https:\/\/www.fleurdisa.org\/blog\/wp-content\/uploads\/2017\/03\/P1020343-web.jpg 220w, https:\/\/www.fleurdisa.org\/blog\/wp-content\/uploads\/2017\/03\/P1020343-web-200x150.jpg 200w\" sizes=\"auto, (max-width: 220px) 100vw, 220px\" \/><\/a>\u00a0 <a href=\"http:\/\/www.fleurdisa.org\/blog\/wp-content\/uploads\/2017\/03\/P1020344-web.jpg\"><img loading=\"lazy\" decoding=\"async\" class=\"alignnone size-full wp-image-2462\" alt=\"P1020344 web\" src=\"http:\/\/www.fleurdisa.org\/blog\/wp-content\/uploads\/2017\/03\/P1020344-web.jpg\" width=\"220\" height=\"165\" srcset=\"https:\/\/www.fleurdisa.org\/blog\/wp-content\/uploads\/2017\/03\/P1020344-web.jpg 220w, https:\/\/www.fleurdisa.org\/blog\/wp-content\/uploads\/2017\/03\/P1020344-web-200x150.jpg 200w\" sizes=\"auto, (max-width: 220px) 100vw, 220px\" \/><\/a><\/p>\n<p><span style=\"color: #000000;\">Cette pr\u00e9sentation est assur\u00e9e par\u00a0Mme Isabelle BLANQUARD, conseill\u00e8re m\u00e9dicale au Centre Hospitalier d&rsquo;Angoul\u00eame. Sa mission consiste \u00e0 assister\u00a0les malades pour limiter les risques d\u2019allergie dans la vie quotidienne.<br \/>\n<span style=\"color: #333333;\">Des \u00e9changes nombreux ont eu lieu avec la salle.<\/span><\/span><\/p>\n<p>La s\u00e9ance est lev\u00e9e \u00e0 22 h 30 et se termine par un pot de l&rsquo;amiti\u00e9.<\/p>\n","protected":false},"excerpt":{"rendered":"<p>Fleur d&rsquo;Isa a tenu sa 9\u00e8me assembl\u00e9e g\u00e9n\u00e9rale le 10 mars 2017 &nbsp; Ci-dessous des extraits de la soir\u00e9e : [&hellip;]<\/p>\n","protected":false},"author":5,"featured_media":0,"comment_status":"open","ping_status":"open","sticky":false,"template":"","format":"standard","meta":{"site-sidebar-layout":"default","site-content-layout":"","ast-site-content-layout":"default","site-content-style":"default","site-sidebar-style":"default","ast-global-header-display":"","ast-banner-title-visibility":"","ast-main-header-display":"","ast-hfb-above-header-display":"","ast-hfb-below-header-display":"","ast-hfb-mobile-header-display":"","site-post-title":"","ast-breadcrumbs-content":"","ast-featured-img":"","footer-sml-layout":"","ast-disable-related-posts":"","theme-transparent-header-meta":"","adv-header-id-meta":"","stick-header-meta":"","header-above-stick-meta":"","header-main-stick-meta":"","header-below-stick-meta":"","astra-migrate-meta-layouts":"default","ast-page-background-enabled":"default","ast-page-background-meta":{"desktop":{"background-color":"var(--ast-global-color-5)","background-image":"","background-repeat":"repeat","background-position":"center center","background-size":"auto","background-attachment":"scroll","background-type":"","background-media":"","overlay-type":"","overlay-color":"","overlay-opacity":"","overlay-gradient":""},"tablet":{"background-color":"","background-image":"","background-repeat":"repeat","background-position":"center center","background-size":"auto","background-attachment":"scroll","background-type":"","background-media":"","overlay-type":"","overlay-color":"","overlay-opacity":"","overlay-gradient":""},"mobile":{"background-color":"","background-image":"","background-repeat":"repeat","background-position":"center center","background-size":"auto","background-attachment":"scroll","background-type":"","background-media":"","overlay-type":"","overlay-color":"","overlay-opacity":"","overlay-gradient":""}},"ast-content-background-meta":{"desktop":{"background-color":"var(--ast-global-color-4)","background-image":"","background-repeat":"repeat","background-position":"center center","background-size":"auto","background-attachment":"scroll","background-type":"","background-media":"","overlay-type":"","overlay-color":"","overlay-opacity":"","overlay-gradient":""},"tablet":{"background-color":"var(--ast-global-color-4)","background-image":"","background-repeat":"repeat","background-position":"center center","background-size":"auto","background-attachment":"scroll","background-type":"","background-media":"","overlay-type":"","overlay-color":"","overlay-opacity":"","overlay-gradient":""},"mobile":{"background-color":"var(--ast-global-color-4)","background-image":"","background-repeat":"repeat","background-position":"center center","background-size":"auto","background-attachment":"scroll","background-type":"","background-media":"","overlay-type":"","overlay-color":"","overlay-opacity":"","overlay-gradient":""}},"footnotes":""},"categories":[3],"tags":[],"class_list":["post-2453","post","type-post","status-publish","format-standard","hentry","category-generalites"],"_links":{"self":[{"href":"https:\/\/www.fleurdisa.org\/blog\/wp-json\/wp\/v2\/posts\/2453","targetHints":{"allow":["GET"]}}],"collection":[{"href":"https:\/\/www.fleurdisa.org\/blog\/wp-json\/wp\/v2\/posts"}],"about":[{"href":"https:\/\/www.fleurdisa.org\/blog\/wp-json\/wp\/v2\/types\/post"}],"author":[{"embeddable":true,"href":"https:\/\/www.fleurdisa.org\/blog\/wp-json\/wp\/v2\/users\/5"}],"replies":[{"embeddable":true,"href":"https:\/\/www.fleurdisa.org\/blog\/wp-json\/wp\/v2\/comments?post=2453"}],"version-history":[{"count":0,"href":"https:\/\/www.fleurdisa.org\/blog\/wp-json\/wp\/v2\/posts\/2453\/revisions"}],"wp:attachment":[{"href":"https:\/\/www.fleurdisa.org\/blog\/wp-json\/wp\/v2\/media?parent=2453"}],"wp:term":[{"taxonomy":"category","embeddable":true,"href":"https:\/\/www.fleurdisa.org\/blog\/wp-json\/wp\/v2\/categories?post=2453"},{"taxonomy":"post_tag","embeddable":true,"href":"https:\/\/www.fleurdisa.org\/blog\/wp-json\/wp\/v2\/tags?post=2453"}],"curies":[{"name":"wp","href":"https:\/\/api.w.org\/{rel}","templated":true}]}}