{"id":2234,"date":"2016-10-03T16:11:18","date_gmt":"2016-10-03T15:11:18","guid":{"rendered":"http:\/\/www.fleurdisa.org\/blog\/?p=2234"},"modified":"2016-10-03T16:16:50","modified_gmt":"2016-10-03T15:16:50","slug":"exposition-au-chateau-de-bouteville-2","status":"publish","type":"post","link":"https:\/\/www.fleurdisa.org\/blog\/exposition-au-chateau-de-bouteville-2\/","title":{"rendered":"Exposition au Ch\u00e2teau de Bouteville"},"content":{"rendered":"<p style=\"text-align: center;\"><a href=\"http:\/\/www.fleurdisa.org\/blog\/wp-content\/uploads\/2016\/10\/Vue-Chateau.png\"><img loading=\"lazy\" decoding=\"async\" class=\"size-medium wp-image-2235 aligncenter\" alt=\"Vue Chateau\" src=\"http:\/\/www.fleurdisa.org\/blog\/wp-content\/uploads\/2016\/10\/Vue-Chateau-300x196.png\" width=\"300\" height=\"196\" srcset=\"https:\/\/www.fleurdisa.org\/blog\/wp-content\/uploads\/2016\/10\/Vue-Chateau-300x196.png 300w, https:\/\/www.fleurdisa.org\/blog\/wp-content\/uploads\/2016\/10\/Vue-Chateau.png 440w\" sizes=\"auto, (max-width: 300px) 100vw, 300px\" \/><\/a><\/p>\n<p>Fleur d\u2019Isa a dress\u00e9 ses tr\u00e9teaux \u00e0 Bouteville \u00e0 l\u2019occasion des journ\u00e9es du patrimoine le dimanche 18 septembre 2016 pour une nouvelle exposition-vente d\u2019objets d\u2019art.<\/p>\n<p>C\u2019est \u00e0 l\u2019aimable invitation de la municipalit\u00e9, en particulier de Monsieur le Maire Jacques DELIAS et \u00a0de Corinne NAUDIN pr\u00e9sents toute la journ\u00e9e \u00e0 nos c\u00f4t\u00e9s que nous avons pu \u00e0 nouveau p\u00e9n\u00e9trer dans cette magnifique b\u00e2tisse.<\/p>\n<p>Cette ann\u00e9e la journ\u00e9e \u00e9tait fraiche, mais le chaleureux accueil compensait le manque de degr\u00e9. Le repas amical partag\u00e9, \u00e0 midi, dans l\u2019une des salles du ch\u00e2teau aupr\u00e8s d\u2019un bon feu de chemin\u00e9e donnait \u00e0 notre journ\u00e9e une dimension m\u00e9di\u00e9vale tr\u00e8s r\u00e9elle.<\/p>\n<p><a href=\"http:\/\/www.fleurdisa.org\/blog\/wp-content\/uploads\/2016\/10\/20160918_100723_r.jpg\"><img loading=\"lazy\" decoding=\"async\" class=\"alignnone size-full wp-image-2238\" alt=\"20160918_100723_r\" src=\"http:\/\/www.fleurdisa.org\/blog\/wp-content\/uploads\/2016\/10\/20160918_100723_r.jpg\" width=\"220\" height=\"165\" srcset=\"https:\/\/www.fleurdisa.org\/blog\/wp-content\/uploads\/2016\/10\/20160918_100723_r.jpg 220w, https:\/\/www.fleurdisa.org\/blog\/wp-content\/uploads\/2016\/10\/20160918_100723_r-200x150.jpg 200w\" sizes=\"auto, (max-width: 220px) 100vw, 220px\" \/><\/a> <a href=\"http:\/\/www.fleurdisa.org\/blog\/wp-content\/uploads\/2016\/10\/IMG_7210_r.jpg\"><img loading=\"lazy\" decoding=\"async\" class=\"alignnone size-medium wp-image-2239\" alt=\"IMG_7210_r\" src=\"http:\/\/www.fleurdisa.org\/blog\/wp-content\/uploads\/2016\/10\/IMG_7210_r.jpg\" width=\"220\" height=\"165\" srcset=\"https:\/\/www.fleurdisa.org\/blog\/wp-content\/uploads\/2016\/10\/IMG_7210_r.jpg 220w, https:\/\/www.fleurdisa.org\/blog\/wp-content\/uploads\/2016\/10\/IMG_7210_r-200x150.jpg 200w\" sizes=\"auto, (max-width: 220px) 100vw, 220px\" \/><br \/>\n<\/a><em>L&rsquo;exposition Fleur d&rsquo;Isa<\/em><\/p>\n<p>Dans l\u2019immense salle du 1<sup>er<\/sup> \u00e9tage, des jeux anciens entra\u00eenaient petits et grands dans des parties sans fin, c\u2019est aussi dans cette salle que Fleur d\u2019Isa exposait ses tableaux et un pianiste apportait un air de f\u00eates au son des notes de musique.<\/p>\n<p style=\"text-align: center;\"><a href=\"http:\/\/www.fleurdisa.org\/blog\/wp-content\/uploads\/2016\/10\/IMG_7212_r.jpg\"><img loading=\"lazy\" decoding=\"async\" class=\"size-full wp-image-2244 aligncenter\" alt=\"IMG_7212_r\" src=\"http:\/\/www.fleurdisa.org\/blog\/wp-content\/uploads\/2016\/10\/IMG_7212_r.jpg\" width=\"165\" height=\"220\" \/><\/a> <a href=\"http:\/\/www.fleurdisa.org\/blog\/wp-content\/uploads\/2016\/10\/IMG_7219_r.jpg\"><img loading=\"lazy\" decoding=\"async\" class=\"size-medium wp-image-2245 aligncenter\" alt=\"IMG_7219_r\" src=\"http:\/\/www.fleurdisa.org\/blog\/wp-content\/uploads\/2016\/10\/IMG_7219_r.jpg\" width=\"165\" height=\"220\" \/><br \/>\n<\/a><em>Simone, notre artiste peintre et l&rsquo;exposition de tableaux<\/em><\/p>\n<p><em><\/em><a href=\"http:\/\/www.fleurdisa.org\/blog\/wp-content\/uploads\/2016\/10\/IMG_7218_r.jpg\"><img loading=\"lazy\" decoding=\"async\" class=\"alignnone size-full wp-image-2247\" alt=\"IMG_7218_r\" src=\"http:\/\/www.fleurdisa.org\/blog\/wp-content\/uploads\/2016\/10\/IMG_7218_r.jpg\" width=\"220\" height=\"165\" srcset=\"https:\/\/www.fleurdisa.org\/blog\/wp-content\/uploads\/2016\/10\/IMG_7218_r.jpg 220w, https:\/\/www.fleurdisa.org\/blog\/wp-content\/uploads\/2016\/10\/IMG_7218_r-200x150.jpg 200w\" sizes=\"auto, (max-width: 220px) 100vw, 220px\" \/><\/a>\u00a0<a href=\"http:\/\/www.fleurdisa.org\/blog\/wp-content\/uploads\/2016\/10\/IMG_7217_r.jpg\"><img loading=\"lazy\" decoding=\"async\" class=\"alignnone size-full wp-image-2246\" alt=\"IMG_7217_r\" src=\"http:\/\/www.fleurdisa.org\/blog\/wp-content\/uploads\/2016\/10\/IMG_7217_r.jpg\" width=\"220\" height=\"165\" srcset=\"https:\/\/www.fleurdisa.org\/blog\/wp-content\/uploads\/2016\/10\/IMG_7217_r.jpg 220w, https:\/\/www.fleurdisa.org\/blog\/wp-content\/uploads\/2016\/10\/IMG_7217_r-200x150.jpg 200w\" sizes=\"auto, (max-width: 220px) 100vw, 220px\" \/><br \/>\n<\/a><em>Les jeux en bois<\/em>\u00a0 \u00a0 \u00a0 \u00a0 \u00a0 \u00a0 \u00a0 \u00a0 \u00a0 \u00a0 \u00a0 <em>Le d\u00e9but de la visite du Ch\u00e2teau<\/em><\/p>\n<p>Les nombreux visiteurs ont d\u00e9couvert le ch\u00e2teau et son histoire gr\u00e2ce au guide \u00e0 leur disposition avant de visiter l\u2019exposition de Fleur d\u2019Isa. Une belle et bonne journ\u00e9e et un moment d\u2019amiti\u00e9.<\/p>\n<p><a href=\"http:\/\/www.fleurdisa.org\/blog\/wp-content\/uploads\/2016\/10\/IMG_7222_r.jpg\"><img loading=\"lazy\" decoding=\"async\" class=\"alignnone size-full wp-image-2250\" alt=\"IMG_7222_r\" src=\"http:\/\/www.fleurdisa.org\/blog\/wp-content\/uploads\/2016\/10\/IMG_7222_r.jpg\" width=\"220\" height=\"165\" srcset=\"https:\/\/www.fleurdisa.org\/blog\/wp-content\/uploads\/2016\/10\/IMG_7222_r.jpg 220w, https:\/\/www.fleurdisa.org\/blog\/wp-content\/uploads\/2016\/10\/IMG_7222_r-200x150.jpg 200w\" sizes=\"auto, (max-width: 220px) 100vw, 220px\" \/><\/a> <a href=\"http:\/\/www.fleurdisa.org\/blog\/wp-content\/uploads\/2016\/10\/IMG_7223_r.jpg\"><img loading=\"lazy\" decoding=\"async\" class=\"alignnone size-medium wp-image-2251\" alt=\"IMG_7223_r\" src=\"http:\/\/www.fleurdisa.org\/blog\/wp-content\/uploads\/2016\/10\/IMG_7223_r.jpg\" width=\"220\" height=\"165\" srcset=\"https:\/\/www.fleurdisa.org\/blog\/wp-content\/uploads\/2016\/10\/IMG_7223_r.jpg 220w, https:\/\/www.fleurdisa.org\/blog\/wp-content\/uploads\/2016\/10\/IMG_7223_r-200x150.jpg 200w\" sizes=\"auto, (max-width: 220px) 100vw, 220px\" \/><br \/>\n<\/a><em>De nombreux visiteurs pour l&rsquo;exposition Fleur d&rsquo;Isa<\/em><\/p>\n<p>Un grand merci \u00e0 tous pour cette initiative renouvel\u00e9e chaque ann\u00e9e depuis trois ans qui permet \u00e0 Fleur d\u2019Isa de compl\u00e9ter son budget au b\u00e9n\u00e9fice des malades du cancer,<\/p>\n<p>A bient\u00f4t.<\/p>\n<p>&nbsp;<\/p>\n","protected":false},"excerpt":{"rendered":"<p>Fleur d\u2019Isa a dress\u00e9 ses tr\u00e9teaux \u00e0 Bouteville \u00e0 l\u2019occasion des journ\u00e9es du patrimoine le dimanche 18 septembre 2016 pour [&hellip;]<\/p>\n","protected":false},"author":5,"featured_media":0,"comment_status":"open","ping_status":"open","sticky":false,"template":"","format":"standard","meta":{"site-sidebar-layout":"default","site-content-layout":"","ast-site-content-layout":"default","site-content-style":"default","site-sidebar-style":"default","ast-global-header-display":"","ast-banner-title-visibility":"","ast-main-header-display":"","ast-hfb-above-header-display":"","ast-hfb-below-header-display":"","ast-hfb-mobile-header-display":"","site-post-title":"","ast-breadcrumbs-content":"","ast-featured-img":"","footer-sml-layout":"","ast-disable-related-posts":"","theme-transparent-header-meta":"","adv-header-id-meta":"","stick-header-meta":"","header-above-stick-meta":"","header-main-stick-meta":"","header-below-stick-meta":"","astra-migrate-meta-layouts":"default","ast-page-background-enabled":"default","ast-page-background-meta":{"desktop":{"background-color":"var(--ast-global-color-5)","background-image":"","background-repeat":"repeat","background-position":"center center","background-size":"auto","background-attachment":"scroll","background-type":"","background-media":"","overlay-type":"","overlay-color":"","overlay-opacity":"","overlay-gradient":""},"tablet":{"background-color":"","background-image":"","background-repeat":"repeat","background-position":"center center","background-size":"auto","background-attachment":"scroll","background-type":"","background-media":"","overlay-type":"","overlay-color":"","overlay-opacity":"","overlay-gradient":""},"mobile":{"background-color":"","background-image":"","background-repeat":"repeat","background-position":"center center","background-size":"auto","background-attachment":"scroll","background-type":"","background-media":"","overlay-type":"","overlay-color":"","overlay-opacity":"","overlay-gradient":""}},"ast-content-background-meta":{"desktop":{"background-color":"var(--ast-global-color-4)","background-image":"","background-repeat":"repeat","background-position":"center center","background-size":"auto","background-attachment":"scroll","background-type":"","background-media":"","overlay-type":"","overlay-color":"","overlay-opacity":"","overlay-gradient":""},"tablet":{"background-color":"var(--ast-global-color-4)","background-image":"","background-repeat":"repeat","background-position":"center center","background-size":"auto","background-attachment":"scroll","background-type":"","background-media":"","overlay-type":"","overlay-color":"","overlay-opacity":"","overlay-gradient":""},"mobile":{"background-color":"var(--ast-global-color-4)","background-image":"","background-repeat":"repeat","background-position":"center center","background-size":"auto","background-attachment":"scroll","background-type":"","background-media":"","overlay-type":"","overlay-color":"","overlay-opacity":"","overlay-gradient":""}},"footnotes":""},"categories":[4],"tags":[],"class_list":["post-2234","post","type-post","status-publish","format-standard","hentry","category-manifestations"],"_links":{"self":[{"href":"https:\/\/www.fleurdisa.org\/blog\/wp-json\/wp\/v2\/posts\/2234","targetHints":{"allow":["GET"]}}],"collection":[{"href":"https:\/\/www.fleurdisa.org\/blog\/wp-json\/wp\/v2\/posts"}],"about":[{"href":"https:\/\/www.fleurdisa.org\/blog\/wp-json\/wp\/v2\/types\/post"}],"author":[{"embeddable":true,"href":"https:\/\/www.fleurdisa.org\/blog\/wp-json\/wp\/v2\/users\/5"}],"replies":[{"embeddable":true,"href":"https:\/\/www.fleurdisa.org\/blog\/wp-json\/wp\/v2\/comments?post=2234"}],"version-history":[{"count":0,"href":"https:\/\/www.fleurdisa.org\/blog\/wp-json\/wp\/v2\/posts\/2234\/revisions"}],"wp:attachment":[{"href":"https:\/\/www.fleurdisa.org\/blog\/wp-json\/wp\/v2\/media?parent=2234"}],"wp:term":[{"taxonomy":"category","embeddable":true,"href":"https:\/\/www.fleurdisa.org\/blog\/wp-json\/wp\/v2\/categories?post=2234"},{"taxonomy":"post_tag","embeddable":true,"href":"https:\/\/www.fleurdisa.org\/blog\/wp-json\/wp\/v2\/tags?post=2234"}],"curies":[{"name":"wp","href":"https:\/\/api.w.org\/{rel}","templated":true}]}}