{"id":2205,"date":"2016-08-31T20:37:55","date_gmt":"2016-08-31T18:37:55","guid":{"rendered":"http:\/\/www.fleurdisa.org\/blog\/?p=2205"},"modified":"2023-04-30T13:15:56","modified_gmt":"2023-04-30T11:15:56","slug":"la-paul-poux","status":"publish","type":"post","link":"https:\/\/www.fleurdisa.org\/blog\/la-paul-poux\/","title":{"rendered":"La Paul POUX 2016"},"content":{"rendered":"<p>Apr\u00e8s un coup d\u2019essai l\u2019an pass\u00e9, l\u2019\u00e9dition 2016 de la Paul POUX fut une r\u00e9ussite. Avec 371 inscrits, un plateau relev\u00e9 par la qualit\u00e9 des participants, ce 20 ao\u00fbt \u00e0 ANAIS \u00e9tait un grand moment.<\/p>\n<p>Fleur d\u2019Isa f\u00e9licite toute l\u2019\u00e9quipe \u00ab\u00a0Routard du Sport\u00a0\u00bb pour son organisation et lui apporte tous ses remerciements pour le geste fait en faveur des malades du cancer. En effet les responsables de \u00ab\u00a0Routard du Sport\u00a0\u00bb ont d\u00e9cid\u00e9 de faire don d\u2019un euro par inscription et ainsi rassembl\u00e9 400 euros remis \u00e0 Fleur d\u2019Isa et qui permettront de dispenser des soins en faveur des malades.<\/p>\n<p>Les militants de Fleur d\u2019Isa ont partag\u00e9 cette journ\u00e9e avec l\u2019\u00e9quipe de \u00ab\u00a0Routard du Sport\u00a0\u00bb et particip\u00e9 au d\u00e9roulement de la comp\u00e9tition.<\/p>\n<p>Un beau et bon souvenir que nous esp\u00e9rons revivre l\u2019ann\u00e9e prochaine.<\/p>\n<p>Quelques vues pour le souvenir:<\/p>\n<p style=\"text-align: center;\"><a href=\"http:\/\/www.fleurdisa.org\/blog\/wp-content\/uploads\/2016\/08\/CAM01298_r.jpg\"><img loading=\"lazy\" decoding=\"async\" class=\"size-full wp-image-2208 aligncenter\" alt=\"CAM01298_r\" src=\"http:\/\/www.fleurdisa.org\/blog\/wp-content\/uploads\/2016\/08\/CAM01298_r.jpg\" width=\"123\" height=\"220\" \/>\u00a0<\/a><a href=\"http:\/\/www.fleurdisa.org\/blog\/wp-content\/uploads\/2016\/08\/CAM01309_r.jpg\"><img loading=\"lazy\" decoding=\"async\" class=\"alignnone size-full wp-image-2211\" alt=\"CAM01309_r\" src=\"http:\/\/www.fleurdisa.org\/blog\/wp-content\/uploads\/2016\/08\/CAM01309_r.jpg\" width=\"123\" height=\"220\" \/><\/a>\u00a0<a href=\"http:\/\/www.fleurdisa.org\/blog\/wp-content\/uploads\/2016\/08\/CAM01308_r.jpg\"><img loading=\"lazy\" decoding=\"async\" class=\"alignnone size-full wp-image-2210\" alt=\"CAM01308_r\" src=\"http:\/\/www.fleurdisa.org\/blog\/wp-content\/uploads\/2016\/08\/CAM01308_r.jpg\" width=\"123\" height=\"220\" \/><br \/>\n<\/a><em>Les coureurs au d\u00e9part\u00a0<\/em><\/p>\n<p style=\"text-align: center;\"><a href=\"http:\/\/www.fleurdisa.org\/blog\/wp-content\/uploads\/2016\/08\/CAM01313_r.jpg\"><img loading=\"lazy\" decoding=\"async\" class=\"size-full wp-image-2214 aligncenter\" alt=\"CAM01313_r\" src=\"http:\/\/www.fleurdisa.org\/blog\/wp-content\/uploads\/2016\/08\/CAM01313_r.jpg\" width=\"123\" height=\"220\" \/><\/a> <a href=\"http:\/\/www.fleurdisa.org\/blog\/wp-content\/uploads\/2016\/08\/CAM01317_r.jpg\"><img loading=\"lazy\" decoding=\"async\" class=\"alignnone size-full wp-image-2215\" alt=\"CAM01317_r\" src=\"http:\/\/www.fleurdisa.org\/blog\/wp-content\/uploads\/2016\/08\/CAM01317_r.jpg\" width=\"123\" height=\"220\" \/><\/a> <a href=\"http:\/\/www.fleurdisa.org\/blog\/wp-content\/uploads\/2016\/08\/CAM01318_r.jpg\"><img loading=\"lazy\" decoding=\"async\" class=\"alignnone size-full wp-image-2216\" alt=\"CAM01318_r\" src=\"http:\/\/www.fleurdisa.org\/blog\/wp-content\/uploads\/2016\/08\/CAM01318_r.jpg\" width=\"123\" height=\"220\" \/><br \/>\n<span style=\"color: #000000;\"><em>Les coureurs au ravitaillement<\/em><\/span><\/a><\/p>\n<p style=\"text-align: center;\"><a href=\"http:\/\/www.fleurdisa.org\/blog\/wp-content\/uploads\/2016\/08\/CAM01320_r.jpg\"><img loading=\"lazy\" decoding=\"async\" class=\"size-full wp-image-2217 aligncenter\" alt=\"CAM01320_r\" src=\"http:\/\/www.fleurdisa.org\/blog\/wp-content\/uploads\/2016\/08\/CAM01320_r.jpg\" width=\"123\" height=\"220\" \/><br \/>\n<\/a>Paul POUX est un ancien coureur cycliste professionnel de l\u2019\u00e9quipe Soja Sun et qui a donn\u00e9 son nom \u00e0 la cyclo sportive qui se d\u00e9roule dor\u00e9navant \u00e0 ANAIS chaque ann\u00e9e.<\/p>\n<p style=\"text-align: center;\"><a href=\"http:\/\/www.fleurdisa.org\/blog\/wp-content\/uploads\/2016\/08\/CAM01325_r.jpg\"><img loading=\"lazy\" decoding=\"async\" class=\"alignnone size-full wp-image-2226\" alt=\"CAM01325_r\" src=\"http:\/\/www.fleurdisa.org\/blog\/wp-content\/uploads\/2016\/08\/CAM01325_r.jpg\" width=\"220\" height=\"123\" \/><\/a> <a href=\"http:\/\/www.fleurdisa.org\/blog\/wp-content\/uploads\/2016\/08\/CAM01327_r.jpg\"><img loading=\"lazy\" decoding=\"async\" class=\"alignnone size-medium wp-image-2227\" alt=\"CAM01327_r\" src=\"http:\/\/www.fleurdisa.org\/blog\/wp-content\/uploads\/2016\/08\/CAM01327_r.jpg\" width=\"220\" height=\"123\" \/><br \/>\n<\/a><em>La remise des prix<\/em><\/p>\n<p>&nbsp;<\/p>\n","protected":false},"excerpt":{"rendered":"<p>Apr\u00e8s un coup d\u2019essai l\u2019an pass\u00e9, l\u2019\u00e9dition 2016 de la Paul POUX fut une r\u00e9ussite. Avec 371 inscrits, un plateau [&hellip;]<\/p>\n","protected":false},"author":5,"featured_media":0,"comment_status":"open","ping_status":"open","sticky":false,"template":"","format":"standard","meta":{"site-sidebar-layout":"default","site-content-layout":"","ast-site-content-layout":"default","site-content-style":"default","site-sidebar-style":"default","ast-global-header-display":"","ast-banner-title-visibility":"","ast-main-header-display":"","ast-hfb-above-header-display":"","ast-hfb-below-header-display":"","ast-hfb-mobile-header-display":"","site-post-title":"","ast-breadcrumbs-content":"","ast-featured-img":"","footer-sml-layout":"","ast-disable-related-posts":"","theme-transparent-header-meta":"","adv-header-id-meta":"","stick-header-meta":"","header-above-stick-meta":"","header-main-stick-meta":"","header-below-stick-meta":"","astra-migrate-meta-layouts":"default","ast-page-background-enabled":"default","ast-page-background-meta":{"desktop":{"background-color":"var(--ast-global-color-5)","background-image":"","background-repeat":"repeat","background-position":"center center","background-size":"auto","background-attachment":"scroll","background-type":"","background-media":"","overlay-type":"","overlay-color":"","overlay-opacity":"","overlay-gradient":""},"tablet":{"background-color":"","background-image":"","background-repeat":"repeat","background-position":"center center","background-size":"auto","background-attachment":"scroll","background-type":"","background-media":"","overlay-type":"","overlay-color":"","overlay-opacity":"","overlay-gradient":""},"mobile":{"background-color":"","background-image":"","background-repeat":"repeat","background-position":"center center","background-size":"auto","background-attachment":"scroll","background-type":"","background-media":"","overlay-type":"","overlay-color":"","overlay-opacity":"","overlay-gradient":""}},"ast-content-background-meta":{"desktop":{"background-color":"var(--ast-global-color-4)","background-image":"","background-repeat":"repeat","background-position":"center center","background-size":"auto","background-attachment":"scroll","background-type":"","background-media":"","overlay-type":"","overlay-color":"","overlay-opacity":"","overlay-gradient":""},"tablet":{"background-color":"var(--ast-global-color-4)","background-image":"","background-repeat":"repeat","background-position":"center center","background-size":"auto","background-attachment":"scroll","background-type":"","background-media":"","overlay-type":"","overlay-color":"","overlay-opacity":"","overlay-gradient":""},"mobile":{"background-color":"var(--ast-global-color-4)","background-image":"","background-repeat":"repeat","background-position":"center center","background-size":"auto","background-attachment":"scroll","background-type":"","background-media":"","overlay-type":"","overlay-color":"","overlay-opacity":"","overlay-gradient":""}},"footnotes":""},"categories":[4,8],"tags":[],"class_list":["post-2205","post","type-post","status-publish","format-standard","hentry","category-manifestations","category-soutiens"],"_links":{"self":[{"href":"https:\/\/www.fleurdisa.org\/blog\/wp-json\/wp\/v2\/posts\/2205","targetHints":{"allow":["GET"]}}],"collection":[{"href":"https:\/\/www.fleurdisa.org\/blog\/wp-json\/wp\/v2\/posts"}],"about":[{"href":"https:\/\/www.fleurdisa.org\/blog\/wp-json\/wp\/v2\/types\/post"}],"author":[{"embeddable":true,"href":"https:\/\/www.fleurdisa.org\/blog\/wp-json\/wp\/v2\/users\/5"}],"replies":[{"embeddable":true,"href":"https:\/\/www.fleurdisa.org\/blog\/wp-json\/wp\/v2\/comments?post=2205"}],"version-history":[{"count":0,"href":"https:\/\/www.fleurdisa.org\/blog\/wp-json\/wp\/v2\/posts\/2205\/revisions"}],"wp:attachment":[{"href":"https:\/\/www.fleurdisa.org\/blog\/wp-json\/wp\/v2\/media?parent=2205"}],"wp:term":[{"taxonomy":"category","embeddable":true,"href":"https:\/\/www.fleurdisa.org\/blog\/wp-json\/wp\/v2\/categories?post=2205"},{"taxonomy":"post_tag","embeddable":true,"href":"https:\/\/www.fleurdisa.org\/blog\/wp-json\/wp\/v2\/tags?post=2205"}],"curies":[{"name":"wp","href":"https:\/\/api.w.org\/{rel}","templated":true}]}}