{"id":2145,"date":"2016-07-22T01:32:19","date_gmt":"2016-07-21T23:32:19","guid":{"rendered":"http:\/\/www.fleurdisa.org\/blog\/?p=2145"},"modified":"2021-07-07T17:32:46","modified_gmt":"2021-07-07T15:32:46","slug":"a-bonneuil-le-9-juillet","status":"publish","type":"post","link":"https:\/\/www.fleurdisa.org\/blog\/a-bonneuil-le-9-juillet\/","title":{"rendered":"A Bonneuil le 9 juillet"},"content":{"rendered":"<p>Quelle id\u00e9e g\u00e9niale ont eu Corinne NAUDIN et la municipalit\u00e9 de BONNEUIL, d&rsquo;organiser ce samedi 9 juillet, une apr\u00e8s-midi et une soir\u00e9e festives, permettant de regrouper plusieurs \u00e9v\u00e8nements :<br \/>\n<strong>* une exposition de tableaux<\/strong><br \/>\n<a href=\"http:\/\/www.fleurdisa.org\/blog\/wp-content\/uploads\/2016\/07\/P1010842-r.jpg\"><img loading=\"lazy\" decoding=\"async\" class=\"alignnone size-full wp-image-2152\" alt=\"P1010842 r\" src=\"http:\/\/www.fleurdisa.org\/blog\/wp-content\/uploads\/2016\/07\/P1010842-r.jpg\" width=\"220\" height=\"165\" srcset=\"https:\/\/www.fleurdisa.org\/blog\/wp-content\/uploads\/2016\/07\/P1010842-r.jpg 220w, https:\/\/www.fleurdisa.org\/blog\/wp-content\/uploads\/2016\/07\/P1010842-r-200x150.jpg 200w\" sizes=\"auto, (max-width: 220px) 100vw, 220px\" \/><\/a> <a href=\"http:\/\/www.fleurdisa.org\/blog\/wp-content\/uploads\/2016\/07\/P1010850-r.jpg\"><img loading=\"lazy\" decoding=\"async\" class=\"alignnone size-full wp-image-2159\" alt=\"P1010850 r\" src=\"http:\/\/www.fleurdisa.org\/blog\/wp-content\/uploads\/2016\/07\/P1010850-r.jpg\" width=\"220\" height=\"165\" srcset=\"https:\/\/www.fleurdisa.org\/blog\/wp-content\/uploads\/2016\/07\/P1010850-r.jpg 220w, https:\/\/www.fleurdisa.org\/blog\/wp-content\/uploads\/2016\/07\/P1010850-r-200x150.jpg 200w\" sizes=\"auto, (max-width: 220px) 100vw, 220px\" \/><\/a><\/p>\n<p><strong>* dans l&rsquo;\u00e9glise des documents retra\u00e7ant la p\u00e9riode de l&rsquo;occupation<\/strong><br \/>\n<img loading=\"lazy\" decoding=\"async\" class=\"size-full wp-image-2157 alignnone\" alt=\"P1010872 r\" src=\"http:\/\/www.fleurdisa.org\/blog\/wp-content\/uploads\/2016\/07\/P1010872-r.jpg\" width=\"122\" height=\"164\" \/> \u00a0 \u00a0 \u00a0 \u00a0 \u00a0 \u00a0 \u00a0\u00a0 \u00a0\u00a0 \u00a0 \u00a0 <a href=\"http:\/\/www.fleurdisa.org\/blog\/wp-content\/uploads\/2016\/07\/P1010833-r.jpg\"><img loading=\"lazy\" decoding=\"async\" class=\"size-full wp-image-2151 alignnone\" alt=\"P1010833 r\" src=\"http:\/\/www.fleurdisa.org\/blog\/wp-content\/uploads\/2016\/07\/P1010833-r.jpg\" width=\"220\" height=\"165\" srcset=\"https:\/\/www.fleurdisa.org\/blog\/wp-content\/uploads\/2016\/07\/P1010833-r.jpg 220w, https:\/\/www.fleurdisa.org\/blog\/wp-content\/uploads\/2016\/07\/P1010833-r-200x150.jpg 200w\" sizes=\"auto, (max-width: 220px) 100vw, 220px\" \/><\/a><\/p>\n<p><strong>* une c\u00e9r\u00e9monie en l&rsquo;honneur de la commune de LELLING,<\/strong> avec inauguration de la \u00ab\u00a0Route de Lelling\u00a0\u00bb \u00e0 Bonneuil et remise du blason de Bonneuil au Maire de Lelling. De nombreux r\u00e9fugi\u00e9s de cette commune ont \u00e9t\u00e9 accueillis \u00e0 Bonneuil et des liens \u00e9troits se sont nou\u00e9s<\/p>\n<p style=\"text-align: center;\"><a href=\"http:\/\/www.fleurdisa.org\/blog\/wp-content\/uploads\/2016\/07\/P1010859-r.jpg\"><img loading=\"lazy\" decoding=\"async\" class=\"alignnone size-full wp-image-2154\" alt=\"P1010859 r\" src=\"http:\/\/www.fleurdisa.org\/blog\/wp-content\/uploads\/2016\/07\/P1010859-r.jpg\" width=\"220\" height=\"165\" srcset=\"https:\/\/www.fleurdisa.org\/blog\/wp-content\/uploads\/2016\/07\/P1010859-r.jpg 220w, https:\/\/www.fleurdisa.org\/blog\/wp-content\/uploads\/2016\/07\/P1010859-r-200x150.jpg 200w\" sizes=\"auto, (max-width: 220px) 100vw, 220px\" \/><\/a> <a href=\"http:\/\/www.fleurdisa.org\/blog\/wp-content\/uploads\/2016\/07\/P1010855-r.jpg\"><img loading=\"lazy\" decoding=\"async\" class=\"alignnone size-full wp-image-2153\" alt=\"P1010855 r\" src=\"http:\/\/www.fleurdisa.org\/blog\/wp-content\/uploads\/2016\/07\/P1010855-r.jpg\" width=\"220\" height=\"165\" srcset=\"https:\/\/www.fleurdisa.org\/blog\/wp-content\/uploads\/2016\/07\/P1010855-r.jpg 220w, https:\/\/www.fleurdisa.org\/blog\/wp-content\/uploads\/2016\/07\/P1010855-r-200x150.jpg 200w\" sizes=\"auto, (max-width: 220px) 100vw, 220px\" \/><\/a><br \/>\n<a href=\"http:\/\/www.fleurdisa.org\/blog\/wp-content\/uploads\/2016\/07\/P1010865-r.jpg\"><img loading=\"lazy\" decoding=\"async\" class=\"alignnone size-full wp-image-2155\" alt=\"P1010865 r\" src=\"http:\/\/www.fleurdisa.org\/blog\/wp-content\/uploads\/2016\/07\/P1010865-r.jpg\" width=\"220\" height=\"165\" srcset=\"https:\/\/www.fleurdisa.org\/blog\/wp-content\/uploads\/2016\/07\/P1010865-r.jpg 220w, https:\/\/www.fleurdisa.org\/blog\/wp-content\/uploads\/2016\/07\/P1010865-r-200x150.jpg 200w\" sizes=\"auto, (max-width: 220px) 100vw, 220px\" \/><\/a> <a href=\"http:\/\/www.fleurdisa.org\/blog\/wp-content\/uploads\/2016\/07\/P1010869-r.jpg\"><img loading=\"lazy\" decoding=\"async\" class=\"alignnone size-full wp-image-2156\" alt=\"P1010869 r\" src=\"http:\/\/www.fleurdisa.org\/blog\/wp-content\/uploads\/2016\/07\/P1010869-r.jpg\" width=\"220\" height=\"165\" srcset=\"https:\/\/www.fleurdisa.org\/blog\/wp-content\/uploads\/2016\/07\/P1010869-r.jpg 220w, https:\/\/www.fleurdisa.org\/blog\/wp-content\/uploads\/2016\/07\/P1010869-r-200x150.jpg 200w\" sizes=\"auto, (max-width: 220px) 100vw, 220px\" \/><\/a><br \/>\n<strong>* un verre de l&rsquo;amiti\u00e9 a ensuite \u00e9t\u00e9 partag\u00e9 avec le public venu nombreux assister \u00e0 cette c\u00e9r\u00e9monie.<\/strong><br \/>\n<a href=\"http:\/\/www.fleurdisa.org\/blog\/wp-content\/uploads\/2016\/07\/20160709_193922-r.jpg\"><img loading=\"lazy\" decoding=\"async\" class=\"size-full wp-image-2146 aligncenter\" alt=\"20160709_193922 r\" src=\"http:\/\/www.fleurdisa.org\/blog\/wp-content\/uploads\/2016\/07\/20160709_193922-r.jpg\" width=\"220\" height=\"165\" srcset=\"https:\/\/www.fleurdisa.org\/blog\/wp-content\/uploads\/2016\/07\/20160709_193922-r.jpg 220w, https:\/\/www.fleurdisa.org\/blog\/wp-content\/uploads\/2016\/07\/20160709_193922-r-200x150.jpg 200w\" sizes=\"auto, (max-width: 220px) 100vw, 220px\" \/><\/a><\/p>\n<p>* <strong>et le soir un repas champ\u00eatre organis\u00e9 au profit de Fleur d&rsquo;Isa.<br \/>\n<\/strong> 150 personnes \u00e9taient pr\u00e9sentes pour d\u00e9guster des jambons \u00e0 l&rsquo;os grill\u00e9s dans une ambiance tr\u00e8s chaude et tr\u00e8s conviviale.<br \/>\n<a href=\"http:\/\/www.fleurdisa.org\/blog\/wp-content\/uploads\/2016\/07\/P1010831-r.jpg\"><img loading=\"lazy\" decoding=\"async\" class=\"alignnone size-full wp-image-2150\" alt=\"P1010831 r\" src=\"http:\/\/www.fleurdisa.org\/blog\/wp-content\/uploads\/2016\/07\/P1010831-r.jpg\" width=\"259\" height=\"195\" srcset=\"https:\/\/www.fleurdisa.org\/blog\/wp-content\/uploads\/2016\/07\/P1010831-r.jpg 220w, https:\/\/www.fleurdisa.org\/blog\/wp-content\/uploads\/2016\/07\/P1010831-r-200x150.jpg 200w\" sizes=\"auto, (max-width: 259px) 100vw, 259px\" \/> \u00a0 \u00a0 \u00a0\u00a0<\/a> <a href=\"http:\/\/www.fleurdisa.org\/blog\/wp-content\/uploads\/2016\/07\/20160709_203755-r.jpg\"><img loading=\"lazy\" decoding=\"async\" class=\"alignnone size-full wp-image-2148\" alt=\"20160709_203755 r\" src=\"http:\/\/www.fleurdisa.org\/blog\/wp-content\/uploads\/2016\/07\/20160709_203755-r.jpg\" width=\"147\" height=\"196\" \/><\/a><br \/>\n<a href=\"http:\/\/www.fleurdisa.org\/blog\/wp-content\/uploads\/2016\/07\/20160709_202820-r.jpg\"><img loading=\"lazy\" decoding=\"async\" class=\"alignnone size-full wp-image-2147\" alt=\"20160709_202820 r\" src=\"http:\/\/www.fleurdisa.org\/blog\/wp-content\/uploads\/2016\/07\/20160709_202820-r.jpg\" width=\"220\" height=\"165\" srcset=\"https:\/\/www.fleurdisa.org\/blog\/wp-content\/uploads\/2016\/07\/20160709_202820-r.jpg 220w, https:\/\/www.fleurdisa.org\/blog\/wp-content\/uploads\/2016\/07\/20160709_202820-r-200x150.jpg 200w\" sizes=\"auto, (max-width: 220px) 100vw, 220px\" \/><\/a> <a href=\"http:\/\/www.fleurdisa.org\/blog\/wp-content\/uploads\/2016\/07\/20160709_220409-r.jpg\"><img loading=\"lazy\" decoding=\"async\" class=\"alignnone size-full wp-image-2149\" alt=\"20160709_220409 r\" src=\"http:\/\/www.fleurdisa.org\/blog\/wp-content\/uploads\/2016\/07\/20160709_220409-r.jpg\" width=\"220\" height=\"165\" srcset=\"https:\/\/www.fleurdisa.org\/blog\/wp-content\/uploads\/2016\/07\/20160709_220409-r.jpg 220w, https:\/\/www.fleurdisa.org\/blog\/wp-content\/uploads\/2016\/07\/20160709_220409-r-200x150.jpg 200w\" sizes=\"auto, (max-width: 220px) 100vw, 220px\" \/><\/a><\/p>\n<p>Un grand merci \u00e0 tous ceux qui ont contribu\u00e9 au succ\u00e8s de cette journ\u00e9e et tout particuli\u00e8rement \u00e0 M. le Maire G\u00e9rard GAYOUX, Corinne, Serge et C\u00e9dric, le traiteur.<br \/>\nUn magnifique moment de partage \u00e0 renouveler.<\/p>\n","protected":false},"excerpt":{"rendered":"<p>Quelle id\u00e9e g\u00e9niale ont eu Corinne NAUDIN et la municipalit\u00e9 de BONNEUIL, d&rsquo;organiser ce samedi 9 juillet, une apr\u00e8s-midi et [&hellip;]<\/p>\n","protected":false},"author":5,"featured_media":0,"comment_status":"open","ping_status":"open","sticky":false,"template":"","format":"standard","meta":{"site-sidebar-layout":"default","site-content-layout":"","ast-site-content-layout":"default","site-content-style":"default","site-sidebar-style":"default","ast-global-header-display":"","ast-banner-title-visibility":"","ast-main-header-display":"","ast-hfb-above-header-display":"","ast-hfb-below-header-display":"","ast-hfb-mobile-header-display":"","site-post-title":"","ast-breadcrumbs-content":"","ast-featured-img":"","footer-sml-layout":"","ast-disable-related-posts":"","theme-transparent-header-meta":"","adv-header-id-meta":"","stick-header-meta":"","header-above-stick-meta":"","header-main-stick-meta":"","header-below-stick-meta":"","astra-migrate-meta-layouts":"default","ast-page-background-enabled":"default","ast-page-background-meta":{"desktop":{"background-color":"var(--ast-global-color-5)","background-image":"","background-repeat":"repeat","background-position":"center center","background-size":"auto","background-attachment":"scroll","background-type":"","background-media":"","overlay-type":"","overlay-color":"","overlay-opacity":"","overlay-gradient":""},"tablet":{"background-color":"","background-image":"","background-repeat":"repeat","background-position":"center center","background-size":"auto","background-attachment":"scroll","background-type":"","background-media":"","overlay-type":"","overlay-color":"","overlay-opacity":"","overlay-gradient":""},"mobile":{"background-color":"","background-image":"","background-repeat":"repeat","background-position":"center center","background-size":"auto","background-attachment":"scroll","background-type":"","background-media":"","overlay-type":"","overlay-color":"","overlay-opacity":"","overlay-gradient":""}},"ast-content-background-meta":{"desktop":{"background-color":"var(--ast-global-color-4)","background-image":"","background-repeat":"repeat","background-position":"center center","background-size":"auto","background-attachment":"scroll","background-type":"","background-media":"","overlay-type":"","overlay-color":"","overlay-opacity":"","overlay-gradient":""},"tablet":{"background-color":"var(--ast-global-color-4)","background-image":"","background-repeat":"repeat","background-position":"center center","background-size":"auto","background-attachment":"scroll","background-type":"","background-media":"","overlay-type":"","overlay-color":"","overlay-opacity":"","overlay-gradient":""},"mobile":{"background-color":"var(--ast-global-color-4)","background-image":"","background-repeat":"repeat","background-position":"center center","background-size":"auto","background-attachment":"scroll","background-type":"","background-media":"","overlay-type":"","overlay-color":"","overlay-opacity":"","overlay-gradient":""}},"footnotes":""},"categories":[4],"tags":[],"class_list":["post-2145","post","type-post","status-publish","format-standard","hentry","category-manifestations"],"_links":{"self":[{"href":"https:\/\/www.fleurdisa.org\/blog\/wp-json\/wp\/v2\/posts\/2145","targetHints":{"allow":["GET"]}}],"collection":[{"href":"https:\/\/www.fleurdisa.org\/blog\/wp-json\/wp\/v2\/posts"}],"about":[{"href":"https:\/\/www.fleurdisa.org\/blog\/wp-json\/wp\/v2\/types\/post"}],"author":[{"embeddable":true,"href":"https:\/\/www.fleurdisa.org\/blog\/wp-json\/wp\/v2\/users\/5"}],"replies":[{"embeddable":true,"href":"https:\/\/www.fleurdisa.org\/blog\/wp-json\/wp\/v2\/comments?post=2145"}],"version-history":[{"count":0,"href":"https:\/\/www.fleurdisa.org\/blog\/wp-json\/wp\/v2\/posts\/2145\/revisions"}],"wp:attachment":[{"href":"https:\/\/www.fleurdisa.org\/blog\/wp-json\/wp\/v2\/media?parent=2145"}],"wp:term":[{"taxonomy":"category","embeddable":true,"href":"https:\/\/www.fleurdisa.org\/blog\/wp-json\/wp\/v2\/categories?post=2145"},{"taxonomy":"post_tag","embeddable":true,"href":"https:\/\/www.fleurdisa.org\/blog\/wp-json\/wp\/v2\/tags?post=2145"}],"curies":[{"name":"wp","href":"https:\/\/api.w.org\/{rel}","templated":true}]}}