{"id":2063,"date":"2016-06-08T22:35:14","date_gmt":"2016-06-08T21:35:14","guid":{"rendered":"http:\/\/www.fleurdisa.org\/blog\/?p=2063"},"modified":"2016-06-09T21:41:27","modified_gmt":"2016-06-09T20:41:27","slug":"lecho-de-la-tardoire","status":"publish","type":"post","link":"https:\/\/www.fleurdisa.org\/blog\/lecho-de-la-tardoire\/","title":{"rendered":"L&rsquo;Echo de la Tardoire"},"content":{"rendered":"<p>Samedi 4 juin la chorale l&rsquo;Echo de la Tardoire sous la baguette de Marina ROUFFIGNAC a donn\u00e9 un concert en m\u00e9moire de Sandrine, l&rsquo;une des choristes d\u00e9c\u00e9d\u00e9e l&rsquo;an pass\u00e9 d&rsquo;un cancer.<\/p>\n<p>La recette de la soir\u00e9e, 440 \u20ac a \u00e9t\u00e9 remise a Fleur d&rsquo;Isa, invit\u00e9e ce soir-l\u00e0 \u00e0 pr\u00e9senter l&rsquo;association et ses actions pour les malades du cancer.<\/p>\n<p style=\"text-align: center;\"><a href=\"http:\/\/www.fleurdisa.org\/blog\/wp-content\/uploads\/2016\/06\/Image-r.jpg\"><img loading=\"lazy\" decoding=\"async\" class=\"aligncenter\" alt=\"Image r\" src=\"http:\/\/www.fleurdisa.org\/blog\/wp-content\/uploads\/2016\/06\/Image-r.jpg\" width=\"250\" height=\"156\" \/><\/a><\/p>\n<p>Un merci tr\u00e8s chaleureux pour ce beau geste de soutien<\/p>\n<p><a href=\"http:\/\/www.fleurdisa.org\/blog\/wp-content\/uploads\/2016\/06\/CAM01147-r.jpg\"> <img loading=\"lazy\" decoding=\"async\" class=\"size-full wp-image-2064 alignnone\" alt=\"CAM01147 r\" src=\"http:\/\/www.fleurdisa.org\/blog\/wp-content\/uploads\/2016\/06\/CAM01147-r.jpg\" width=\"218\" height=\"122\" \/><\/a>\u00a0 <a href=\"http:\/\/www.fleurdisa.org\/blog\/wp-content\/uploads\/2016\/06\/CAM01148-r.jpg\"><img loading=\"lazy\" decoding=\"async\" class=\"size-medium wp-image-2065 alignnone\" alt=\"CAM01148 r\" src=\"http:\/\/www.fleurdisa.org\/blog\/wp-content\/uploads\/2016\/06\/CAM01148-r.jpg\" width=\"218\" height=\"122\" \/><\/a><\/p>\n<p>La soir\u00e9e \u00e9tait empreinte d&rsquo;une \u00e9motion qui \u00e9tait tr\u00e8s palpable par le public.<\/p>\n","protected":false},"excerpt":{"rendered":"<p>Samedi 4 juin la chorale l&rsquo;Echo de la Tardoire sous la baguette de Marina ROUFFIGNAC a donn\u00e9 un concert en [&hellip;]<\/p>\n","protected":false},"author":5,"featured_media":0,"comment_status":"open","ping_status":"open","sticky":false,"template":"","format":"standard","meta":{"site-sidebar-layout":"default","site-content-layout":"","ast-site-content-layout":"default","site-content-style":"default","site-sidebar-style":"default","ast-global-header-display":"","ast-banner-title-visibility":"","ast-main-header-display":"","ast-hfb-above-header-display":"","ast-hfb-below-header-display":"","ast-hfb-mobile-header-display":"","site-post-title":"","ast-breadcrumbs-content":"","ast-featured-img":"","footer-sml-layout":"","ast-disable-related-posts":"","theme-transparent-header-meta":"","adv-header-id-meta":"","stick-header-meta":"","header-above-stick-meta":"","header-main-stick-meta":"","header-below-stick-meta":"","astra-migrate-meta-layouts":"default","ast-page-background-enabled":"default","ast-page-background-meta":{"desktop":{"background-color":"var(--ast-global-color-5)","background-image":"","background-repeat":"repeat","background-position":"center center","background-size":"auto","background-attachment":"scroll","background-type":"","background-media":"","overlay-type":"","overlay-color":"","overlay-opacity":"","overlay-gradient":""},"tablet":{"background-color":"","background-image":"","background-repeat":"repeat","background-position":"center center","background-size":"auto","background-attachment":"scroll","background-type":"","background-media":"","overlay-type":"","overlay-color":"","overlay-opacity":"","overlay-gradient":""},"mobile":{"background-color":"","background-image":"","background-repeat":"repeat","background-position":"center center","background-size":"auto","background-attachment":"scroll","background-type":"","background-media":"","overlay-type":"","overlay-color":"","overlay-opacity":"","overlay-gradient":""}},"ast-content-background-meta":{"desktop":{"background-color":"var(--ast-global-color-4)","background-image":"","background-repeat":"repeat","background-position":"center center","background-size":"auto","background-attachment":"scroll","background-type":"","background-media":"","overlay-type":"","overlay-color":"","overlay-opacity":"","overlay-gradient":""},"tablet":{"background-color":"var(--ast-global-color-4)","background-image":"","background-repeat":"repeat","background-position":"center center","background-size":"auto","background-attachment":"scroll","background-type":"","background-media":"","overlay-type":"","overlay-color":"","overlay-opacity":"","overlay-gradient":""},"mobile":{"background-color":"var(--ast-global-color-4)","background-image":"","background-repeat":"repeat","background-position":"center center","background-size":"auto","background-attachment":"scroll","background-type":"","background-media":"","overlay-type":"","overlay-color":"","overlay-opacity":"","overlay-gradient":""}},"footnotes":""},"categories":[4],"tags":[],"class_list":["post-2063","post","type-post","status-publish","format-standard","hentry","category-manifestations"],"_links":{"self":[{"href":"https:\/\/www.fleurdisa.org\/blog\/wp-json\/wp\/v2\/posts\/2063","targetHints":{"allow":["GET"]}}],"collection":[{"href":"https:\/\/www.fleurdisa.org\/blog\/wp-json\/wp\/v2\/posts"}],"about":[{"href":"https:\/\/www.fleurdisa.org\/blog\/wp-json\/wp\/v2\/types\/post"}],"author":[{"embeddable":true,"href":"https:\/\/www.fleurdisa.org\/blog\/wp-json\/wp\/v2\/users\/5"}],"replies":[{"embeddable":true,"href":"https:\/\/www.fleurdisa.org\/blog\/wp-json\/wp\/v2\/comments?post=2063"}],"version-history":[{"count":0,"href":"https:\/\/www.fleurdisa.org\/blog\/wp-json\/wp\/v2\/posts\/2063\/revisions"}],"wp:attachment":[{"href":"https:\/\/www.fleurdisa.org\/blog\/wp-json\/wp\/v2\/media?parent=2063"}],"wp:term":[{"taxonomy":"category","embeddable":true,"href":"https:\/\/www.fleurdisa.org\/blog\/wp-json\/wp\/v2\/categories?post=2063"},{"taxonomy":"post_tag","embeddable":true,"href":"https:\/\/www.fleurdisa.org\/blog\/wp-json\/wp\/v2\/tags?post=2063"}],"curies":[{"name":"wp","href":"https:\/\/api.w.org\/{rel}","templated":true}]}}