{"id":2041,"date":"2016-05-24T17:31:14","date_gmt":"2016-05-24T15:31:14","guid":{"rendered":"http:\/\/www.fleurdisa.org\/blog\/?p=2041"},"modified":"2021-07-07T17:33:09","modified_gmt":"2021-07-07T15:33:09","slug":"exposition-vente-des-coquelicots-pour-fleur-disa-2","status":"publish","type":"post","link":"https:\/\/www.fleurdisa.org\/blog\/exposition-vente-des-coquelicots-pour-fleur-disa-2\/","title":{"rendered":"Exposition-vente des \u00ab\u00a0Coquelicots pour Fleur d&rsquo;Isa\u00a0\u00bb"},"content":{"rendered":"<p><a href=\"http:\/\/www.fleurdisa.org\/blog\/wp-content\/uploads\/2016\/05\/20160520_161442_r.jpg\"><img loading=\"lazy\" decoding=\"async\" class=\"alignnone size-full wp-image-2043\" alt=\"20160520_161442_r\" src=\"http:\/\/www.fleurdisa.org\/blog\/wp-content\/uploads\/2016\/05\/20160520_161442_r.jpg\" width=\"220\" height=\"165\" srcset=\"https:\/\/www.fleurdisa.org\/blog\/wp-content\/uploads\/2016\/05\/20160520_161442_r.jpg 220w, https:\/\/www.fleurdisa.org\/blog\/wp-content\/uploads\/2016\/05\/20160520_161442_r-200x150.jpg 200w\" sizes=\"auto, (max-width: 220px) 100vw, 220px\" \/><\/a> <a href=\"http:\/\/www.fleurdisa.org\/blog\/wp-content\/uploads\/2016\/05\/20160520_161336_r.jpg\"><img loading=\"lazy\" decoding=\"async\" class=\"alignnone size-full wp-image-2042\" alt=\"20160520_161336_r\" src=\"http:\/\/www.fleurdisa.org\/blog\/wp-content\/uploads\/2016\/05\/20160520_161336_r.jpg\" width=\"220\" height=\"165\" srcset=\"https:\/\/www.fleurdisa.org\/blog\/wp-content\/uploads\/2016\/05\/20160520_161336_r.jpg 220w, https:\/\/www.fleurdisa.org\/blog\/wp-content\/uploads\/2016\/05\/20160520_161336_r-200x150.jpg 200w\" sizes=\"auto, (max-width: 220px) 100vw, 220px\" \/><\/a><\/p>\n<p>Du 17 au 20 mai 2016 Fleur d\u2019Isa, pour son exposition annuelle, \u00e9tait dans la Galerie marchande de Carrefour \u00e0 Soyaux.<\/p>\n<p><a href=\"http:\/\/www.fleurdisa.org\/blog\/wp-content\/uploads\/2016\/05\/P1010663_r.jpg\"><img loading=\"lazy\" decoding=\"async\" class=\"alignnone size-full wp-image-2044\" alt=\"P1010663_r\" src=\"http:\/\/www.fleurdisa.org\/blog\/wp-content\/uploads\/2016\/05\/P1010663_r.jpg\" width=\"220\" height=\"165\" srcset=\"https:\/\/www.fleurdisa.org\/blog\/wp-content\/uploads\/2016\/05\/P1010663_r.jpg 220w, https:\/\/www.fleurdisa.org\/blog\/wp-content\/uploads\/2016\/05\/P1010663_r-200x150.jpg 200w\" sizes=\"auto, (max-width: 220px) 100vw, 220px\" \/><\/a> <a href=\"http:\/\/www.fleurdisa.org\/blog\/wp-content\/uploads\/2016\/05\/P1010664_r.jpg\"><img loading=\"lazy\" decoding=\"async\" class=\"alignnone size-full wp-image-2045\" alt=\"P1010664_r\" src=\"http:\/\/www.fleurdisa.org\/blog\/wp-content\/uploads\/2016\/05\/P1010664_r.jpg\" width=\"220\" height=\"165\" srcset=\"https:\/\/www.fleurdisa.org\/blog\/wp-content\/uploads\/2016\/05\/P1010664_r.jpg 220w, https:\/\/www.fleurdisa.org\/blog\/wp-content\/uploads\/2016\/05\/P1010664_r-200x150.jpg 200w\" sizes=\"auto, (max-width: 220px) 100vw, 220px\" \/><\/a><\/p>\n<p>Une grande et belle exposition, toute en couleur et qui a connu un r\u00e9el succ\u00e8s.<\/p>\n<p>Tout d\u2019abord nous remercions les commer\u00e7ants pour leur accueil et leur soutien en nous permettant de planter nos tr\u00e9teaux dans ce bel espace, ensuite toutes celles et ceux qui, par leurs achats, donnent les moyens, \u00e0 Fleur d\u2019Isa, de financer des soins pour les malades du cancer.<\/p>\n<p><a href=\"http:\/\/www.fleurdisa.org\/blog\/wp-content\/uploads\/2016\/05\/P1010665_r.jpg\"><img loading=\"lazy\" decoding=\"async\" class=\"alignnone size-full wp-image-2046\" alt=\"P1010665_r\" src=\"http:\/\/www.fleurdisa.org\/blog\/wp-content\/uploads\/2016\/05\/P1010665_r.jpg\" width=\"220\" height=\"165\" srcset=\"https:\/\/www.fleurdisa.org\/blog\/wp-content\/uploads\/2016\/05\/P1010665_r.jpg 220w, https:\/\/www.fleurdisa.org\/blog\/wp-content\/uploads\/2016\/05\/P1010665_r-200x150.jpg 200w\" sizes=\"auto, (max-width: 220px) 100vw, 220px\" \/><\/a> <a href=\"http:\/\/www.fleurdisa.org\/blog\/wp-content\/uploads\/2016\/05\/P1010666_r.jpg\"><img loading=\"lazy\" decoding=\"async\" class=\"alignnone size-full wp-image-2047\" alt=\"P1010666_r\" src=\"http:\/\/www.fleurdisa.org\/blog\/wp-content\/uploads\/2016\/05\/P1010666_r.jpg\" width=\"220\" height=\"165\" srcset=\"https:\/\/www.fleurdisa.org\/blog\/wp-content\/uploads\/2016\/05\/P1010666_r.jpg 220w, https:\/\/www.fleurdisa.org\/blog\/wp-content\/uploads\/2016\/05\/P1010666_r-200x150.jpg 200w\" sizes=\"auto, (max-width: 220px) 100vw, 220px\" \/><\/a><\/p>\n<p>C\u2019\u00e9tait la deuxi\u00e8me \u00e9dition apr\u00e8s celle de 2014, nous en garderons, comme de la pr\u00e9c\u00e9dente, un excellent souvenir.<\/p>\n<p>&nbsp;<\/p>\n","protected":false},"excerpt":{"rendered":"<p>Du 17 au 20 mai 2016 Fleur d\u2019Isa, pour son exposition annuelle, \u00e9tait dans la Galerie marchande de Carrefour \u00e0 [&hellip;]<\/p>\n","protected":false},"author":5,"featured_media":0,"comment_status":"open","ping_status":"open","sticky":false,"template":"","format":"standard","meta":{"site-sidebar-layout":"default","site-content-layout":"","ast-site-content-layout":"default","site-content-style":"default","site-sidebar-style":"default","ast-global-header-display":"","ast-banner-title-visibility":"","ast-main-header-display":"","ast-hfb-above-header-display":"","ast-hfb-below-header-display":"","ast-hfb-mobile-header-display":"","site-post-title":"","ast-breadcrumbs-content":"","ast-featured-img":"","footer-sml-layout":"","ast-disable-related-posts":"","theme-transparent-header-meta":"","adv-header-id-meta":"","stick-header-meta":"","header-above-stick-meta":"","header-main-stick-meta":"","header-below-stick-meta":"","astra-migrate-meta-layouts":"default","ast-page-background-enabled":"default","ast-page-background-meta":{"desktop":{"background-color":"var(--ast-global-color-5)","background-image":"","background-repeat":"repeat","background-position":"center center","background-size":"auto","background-attachment":"scroll","background-type":"","background-media":"","overlay-type":"","overlay-color":"","overlay-opacity":"","overlay-gradient":""},"tablet":{"background-color":"","background-image":"","background-repeat":"repeat","background-position":"center center","background-size":"auto","background-attachment":"scroll","background-type":"","background-media":"","overlay-type":"","overlay-color":"","overlay-opacity":"","overlay-gradient":""},"mobile":{"background-color":"","background-image":"","background-repeat":"repeat","background-position":"center center","background-size":"auto","background-attachment":"scroll","background-type":"","background-media":"","overlay-type":"","overlay-color":"","overlay-opacity":"","overlay-gradient":""}},"ast-content-background-meta":{"desktop":{"background-color":"var(--ast-global-color-4)","background-image":"","background-repeat":"repeat","background-position":"center center","background-size":"auto","background-attachment":"scroll","background-type":"","background-media":"","overlay-type":"","overlay-color":"","overlay-opacity":"","overlay-gradient":""},"tablet":{"background-color":"var(--ast-global-color-4)","background-image":"","background-repeat":"repeat","background-position":"center center","background-size":"auto","background-attachment":"scroll","background-type":"","background-media":"","overlay-type":"","overlay-color":"","overlay-opacity":"","overlay-gradient":""},"mobile":{"background-color":"var(--ast-global-color-4)","background-image":"","background-repeat":"repeat","background-position":"center center","background-size":"auto","background-attachment":"scroll","background-type":"","background-media":"","overlay-type":"","overlay-color":"","overlay-opacity":"","overlay-gradient":""}},"footnotes":""},"categories":[4],"tags":[],"class_list":["post-2041","post","type-post","status-publish","format-standard","hentry","category-manifestations"],"_links":{"self":[{"href":"https:\/\/www.fleurdisa.org\/blog\/wp-json\/wp\/v2\/posts\/2041","targetHints":{"allow":["GET"]}}],"collection":[{"href":"https:\/\/www.fleurdisa.org\/blog\/wp-json\/wp\/v2\/posts"}],"about":[{"href":"https:\/\/www.fleurdisa.org\/blog\/wp-json\/wp\/v2\/types\/post"}],"author":[{"embeddable":true,"href":"https:\/\/www.fleurdisa.org\/blog\/wp-json\/wp\/v2\/users\/5"}],"replies":[{"embeddable":true,"href":"https:\/\/www.fleurdisa.org\/blog\/wp-json\/wp\/v2\/comments?post=2041"}],"version-history":[{"count":0,"href":"https:\/\/www.fleurdisa.org\/blog\/wp-json\/wp\/v2\/posts\/2041\/revisions"}],"wp:attachment":[{"href":"https:\/\/www.fleurdisa.org\/blog\/wp-json\/wp\/v2\/media?parent=2041"}],"wp:term":[{"taxonomy":"category","embeddable":true,"href":"https:\/\/www.fleurdisa.org\/blog\/wp-json\/wp\/v2\/categories?post=2041"},{"taxonomy":"post_tag","embeddable":true,"href":"https:\/\/www.fleurdisa.org\/blog\/wp-json\/wp\/v2\/tags?post=2041"}],"curies":[{"name":"wp","href":"https:\/\/api.w.org\/{rel}","templated":true}]}}