{"id":1798,"date":"2016-03-08T02:06:28","date_gmt":"2016-03-08T01:06:28","guid":{"rendered":"http:\/\/www.fleurdisa.org\/blog\/?p=1798"},"modified":"2021-07-06T18:06:02","modified_gmt":"2021-07-06T16:06:02","slug":"8eme-assemblee-generale","status":"publish","type":"post","link":"https:\/\/www.fleurdisa.org\/blog\/8eme-assemblee-generale\/","title":{"rendered":"8\u00e8me assembl\u00e9e g\u00e9n\u00e9rale"},"content":{"rendered":"<p>Fleur d&rsquo;Isa a tenu sa 8\u00e8me AG le vendredi 4 mars 2016 \u00e0 la salle du Bourg \u00e0 Champniers devant une cinquantaine de personnes.<\/p>\n<p style=\"text-align: center;\"><a href=\"http:\/\/www.fleurdisa.org\/blog\/wp-content\/uploads\/2016\/03\/P1010465-1-red.jpg\"><img loading=\"lazy\" decoding=\"async\" class=\"aligncenter\" alt=\"P1010465 1 red\" src=\"http:\/\/www.fleurdisa.org\/blog\/wp-content\/uploads\/2016\/03\/P1010465-1-red.jpg\" width=\"300\" height=\"225\"><\/a><\/p>\n<p>&nbsp;<\/p>\n<p>Vous trouverez ci-dessous les principaux points d\u00e9velopp\u00e9s lors de cette soir\u00e9e :<\/p>\n<p><strong>. Intervention de M. Alain GALLAND :<\/strong><\/p>\n<p>Avant de pr\u00e9senter le rapport moral, la Pr\u00e9sidente donne la parole \u00e0 M. Alain GALLAND, Pr\u00e9sident du CISSPC (Collectif Inter-associatif Sur la Sant\u00e9 en Poitou-Charentes). Celui-ci fait un point rapide sur les \u00e9volutions li\u00e9es \u00e0 la cr\u00e9ation de la \u00ab&nbsp;grande r\u00e9gion&nbsp;\u00bb Aquitaine \u2013 Limousin \u2013 Poitou-Charentes.<\/p>\n<p style=\"text-align: center;\"><a href=\"http:\/\/www.fleurdisa.org\/blog\/wp-content\/uploads\/2016\/03\/P1010470-1-red.jpg\"><img loading=\"lazy\" decoding=\"async\" class=\"aligncenter\" alt=\"P1010470 1 red\" src=\"http:\/\/www.fleurdisa.org\/blog\/wp-content\/uploads\/2016\/03\/P1010470-1-red.jpg\" width=\"300\" height=\"225\"><\/a><\/p>\n<p><strong>. Pr\u00e9sentation du rapport moral : <\/strong><\/p>\n<p style=\"text-align: center;\"><a href=\"http:\/\/www.fleurdisa.org\/blog\/wp-content\/uploads\/2016\/03\/P1010466-1-red.jpg\"><img loading=\"lazy\" decoding=\"async\" class=\"aligncenter\" alt=\"P1010466 1 red\" src=\"http:\/\/www.fleurdisa.org\/blog\/wp-content\/uploads\/2016\/03\/P1010466-1-red.jpg\" width=\"300\" height=\"225\"><\/a><\/p>\n<p>Le rapport moral de&nbsp; Fran\u00e7oise CAPDEVIELLE Pr\u00e9sidente de Fleur d\u2019Isa met l\u2019accent sur plusieurs aspects de la vie et du fonctionnement de notre association. L\u2019ann\u00e9e 2015 fut encore une ann\u00e9e bien remplie pour Fleur d\u2019Isa.<br \/>\nAfin de collecter des fonds pour financer l\u2019ensemble des soins offerts aux malades du cancer en milieu hospitalier, les b\u00e9n\u00e9voles de l\u2019association se sont mobilis\u00e9s pour organiser de nombreuses manifestations tout au long de l\u2019ann\u00e9e. Dans un contexte \u00e9conomiquement et financi\u00e8rement difficile, je suis heureuse de constater que 35 % des ressources de l\u2019association proviennent de ces actions. Les subventions, toujours aussi pr\u00e9cieuses repr\u00e9sentent \u00ab seulement \u00bb 22 % de nos ressources, les 43 % restants provenant de nos adh\u00e9rents et donateurs. Ces chiffres montrent le dynamisme et le rayonnement de Fleur d\u2019Isa, ils montrent \u00e9galement qu\u2019elle ne fonctionne pas qu\u2019avec des subventions \u2026<\/p>\n<p>Fleur d\u2019Isa, bien ancr\u00e9e sur le territoire charentais et dans les structures hospitali\u00e8res, est souvent sollicit\u00e9e par ces derni\u00e8res.<br \/>\nA ce titre,&nbsp; elle participe \u00e0 la mise en place du projet d\u2019\u00ab Education Th\u00e9rapeutique du Patient \u00bb dans la prise en charge du cancer. Une pr\u00e9sentation de ce dispositif vous sera effectu\u00e9e en fin de s\u00e9ance.<br \/>\nFleur d\u2019Isa \u0153uvre aussi dans le domaine de la pr\u00e9vention aux c\u00f4t\u00e9s d\u2019ORCHID\u00c9E et de La Ligue contre le Cancer dans le cadre d\u2019Octobre Rose.<br \/>\nEn 2015, nous avons mis en place une&nbsp; nouvelle consultation mensuelle de psycho-sexologie. Elle d\u00e9marre tr\u00e8s lentement et ne pourra \u00eatre effective qu\u2019avec le concours et l\u2019appui du corps m\u00e9dical, qui est \u00e0 l\u2019origine de cette demande.<br \/>\nNous constatons que depuis 2014 nous avons atteint un pallier dans l\u2019\u00e9volution de notre association. Il nous est difficilement possible humainement et financi\u00e8rement de faire plus. En 2014, 1 777 soins, en 2015, 1 632 (baisse due \u00e0 la cessation d\u2019activit\u00e9 de notre sophrologue fin septembre et \u00e0 une moindre demande en HAD). Les remplacements de personnels sont mis en place pour 2016 afin de continuer \u00e0 assurer un m\u00eame niveau de soins et m\u00eame encore les d\u00e9velopper.<br \/>\nComme vous pouvez le constater, la charge de travail est de plus en plus importante et nous avons des responsabilit\u00e9s pour tenir les engagements pris \u00e0 l\u2019\u00e9gard de nos partenaires et interlocuteurs et surtout \u00e0 l\u2019\u00e9gard des malades.<br \/>\nJe tiens \u00e0 remercier ici vivement les professionnelles, que nous nommons \u00ab nos Intervenantes \u00bb qui sont&nbsp; le lien avec les malades, et les militants \u00e9lus ainsi que tous les b\u00e9n\u00e9voles qui nous entourent. Je vous remercie de votre attention.<\/p>\n<p><b>Les rapports, moral, d\u2019activit\u00e9 et financier ont \u00e9t\u00e9 adopt\u00e9s \u00e0 l\u2019unanimit\u00e9.<\/b><\/p>\n<p><a href=\"http:\/\/www.fleurdisa.org\/blog\/wp-content\/uploads\/2016\/03\/P1010472-1-red.jpg\">&nbsp;&nbsp;&nbsp; <img loading=\"lazy\" decoding=\"async\" class=\"alignnone size-full wp-image-1809\" alt=\"P1010472 1 red\" src=\"http:\/\/www.fleurdisa.org\/blog\/wp-content\/uploads\/2016\/03\/P1010472-1-red.jpg\" width=\"188\" height=\"142\" srcset=\"https:\/\/www.fleurdisa.org\/blog\/wp-content\/uploads\/2016\/03\/P1010472-1-red.jpg 250w, https:\/\/www.fleurdisa.org\/blog\/wp-content\/uploads\/2016\/03\/P1010472-1-red-200x150.jpg 200w\" sizes=\"auto, (max-width: 188px) 100vw, 188px\" \/><\/a> &nbsp;&nbsp;&nbsp; <a href=\"http:\/\/www.fleurdisa.org\/blog\/wp-content\/uploads\/2016\/03\/P1010476-1-red.jpg\"><img loading=\"lazy\" decoding=\"async\" class=\"alignnone size-full wp-image-1804\" alt=\"P1010476 1 red\" src=\"http:\/\/www.fleurdisa.org\/blog\/wp-content\/uploads\/2016\/03\/P1010476-1-red.jpg\" width=\"186\" height=\"142\"><\/a><\/p>\n<p>&nbsp;<\/p>\n<p><b>\u2022 Perspectives 2016 :<\/b><\/p>\n<p><b>&nbsp;Actions&nbsp;:<\/b><\/p>\n<p>* Maintien des interventions de l\u2019esth\u00e9ticienne, de la coiffeuse, de la r\u00e9flexologue plantaire et de la p\u00e9dicure-podologue, la sophrologue est remplac\u00e9e par une hypnoth\u00e9rapeute. Les ateliers mis en place par la psychoth\u00e9rapeute-sexologue au Centre Clinical de Soyaux sont en phase de d\u00e9marrage. A compter de mi 2016, les soins de r\u00e9flexologie seront augment\u00e9s de 60 %.&nbsp; Tous ces soins sont destin\u00e9s aux patient(es) atteint(e)s de cancer, afin de les aider \u00e0 supporter le traitement et leur faire oublier quelques instants leur maladie.<\/p>\n<p>* Poursuite des op\u00e9rations \u00abPlaisirs sucr\u00e9s\u00bb et \u00abUn bouquet pour la f\u00eate des M\u00e8res\u00bb dans les trois Centres.<\/p>\n<p>* Poursuite des op\u00e9rations Coussins-C\u0153urs.&nbsp; Poursuite de la fourniture, si besoin, de sacs \u00e0 redons, de sacs \u00e0 glace aux structures hospitali\u00e8res pour les malades op\u00e9r\u00e9s, gr\u00e2ce aux clubs de patchwork.<\/p>\n<p>* Dons pour la recherche contre le cancer et associations partenaires en Charente.<\/p>\n<p>* Participation aux campagnes de sensibilisation avec ORCHID\u00c9E, afin d\u2019apporter notre concours aux d\u00e9marches de pr\u00e9vention et de d\u00e9pistage du cancer de fa\u00e7on \u00e0 agir aussi avant la maladie.<\/p>\n<p>* Participation aux travaux des groupes de travail de l\u2019ARS pour le d\u00e9pistage et la prise en charge du cancer et en si\u00e9geant dans diff\u00e9rentes commissions.&nbsp; Poursuite de l\u2019implication de Fleur d\u2019Isa dans l\u2019activit\u00e9 du CISSPC, en si\u00e9geant au Conseil d\u2019Administration.<\/p>\n<p>* Poursuite de l\u2019implication dans les groupes de travail de la Direction des soins du CHA (Centre Hospitalier d\u2019Angoul\u00eame) sur les soins palliatifs, les soins de support, \u2026.<\/p>\n<p>* Poursuite de la tenue de permanences MDU (Maison Des Usagers): Fleur d\u2019Isa participe, avec d\u2019autres associations de malades, \u00e0 la tenue des permanences \u00e0 la Maison des Usagers du Centre Hospitalier d\u2019Angoul\u00eame, pour accueillir et \u00e9couter les malades et leurs familles.<\/p>\n<p>* Poursuite de la repr\u00e9sentation des usagers au Conseil d\u2019Administration du R\u00e9seau de SOS Douleur \u00e0 Domicile en Charente au titre du CISSPC.<\/p>\n<p><strong>Financement :<\/strong><\/p>\n<p>* Bal-Country \u00e0 la salle Dambier \u00e0 Champniers le 16 avril.<\/p>\n<p>* Les chants des coquelicots, dimanche 12 juin au Prieur\u00e9 de Rauzet \u00e0 Combiers.<\/p>\n<p>* Renouvellement des expositions \u00ab Des Coquelicots pour fleur d\u2019Isa \u00bb :&nbsp; Exposition-vente d\u2019\u0153uvres offertes par des artistes b\u00e9n\u00e9voles du 17 au 21 mai au Centre Commercial CARREFOUR \u00e0 Soyaux, les 11 et 12 juin au Prieur\u00e9 de Rauzet \u00e0 Combiers et du 3 au 5 novembre au March\u00e9 d\u2019Edith (ex Etablissements Boiron \u00e0 Angoul\u00eame).<\/p>\n<p>* Balade des coquelicots le 5 juin \u00e0 Brie.<\/p>\n<p>* Le loto Fleur d\u2019Isa le 14 octobre Salle Dambier \u00e0 Champniers.<\/p>\n<p><strong>Convivialit\u00e9 :<\/strong><\/p>\n<p>* Renouvellement de l\u2019organisation du \u00ab Repas Fleur d\u2019Isa \u00bb le 12 novembre \u00e0 Champniers, salle Dambier, afin de permettre \u00e0 nos adh\u00e9rents, donateurs, partenaires et sympathisants de se retrouver.<\/p>\n<p><strong>\u2022 Le Conseil d\u2019Administration :<\/strong><\/p>\n<p>Mesdames : Simone BENOIT, Fran\u00e7oise CAPDEVIELLE,&nbsp; Elise COUSIN,&nbsp; Ma\u00eft\u00e9 CORMIER,&nbsp; Patricia LECLERC<br \/>\nMessieurs : Jean Luc CORMIER,&nbsp; Louis LIEGRE,&nbsp; Fabien MORELET,&nbsp; Jean-Louis ANDREAU,&nbsp;&nbsp; Jean-Loup VILLESSOT<\/p>\n<p><strong>. Pr\u00e9sentation du projet d\u2019Education Th\u00e9rapeutique du Patient dans la prise en charge du cancer :<\/strong><\/p>\n<p>Intervention assur\u00e9e par le Docteur Jean-Louis REYNOARD, oncologue radioth\u00e9rapeute au Centre Clinical de Soyaux, assist\u00e9 de Mmes Maud BERNARD, cadre infirmier et V\u00e9ronique MEYER, pharmacienne en chimioth\u00e9rapie.<\/p>\n<p><a href=\"http:\/\/www.fleurdisa.org\/blog\/wp-content\/uploads\/2016\/03\/P1010482-1-red.jpg\"><img loading=\"lazy\" decoding=\"async\" class=\"alignleft\" alt=\"P1010482 1 red\" src=\"http:\/\/www.fleurdisa.org\/blog\/wp-content\/uploads\/2016\/03\/P1010482-1-red.jpg\" width=\"205\" height=\"156\">&nbsp; <\/a><a href=\"http:\/\/www.fleurdisa.org\/blog\/wp-content\/uploads\/2016\/03\/P1010483-1-red.jpg\"><img loading=\"lazy\" decoding=\"async\" alt=\"P1010483 1 red\" src=\"http:\/\/www.fleurdisa.org\/blog\/wp-content\/uploads\/2016\/03\/P1010483-1-red.jpg\" width=\"209\" height=\"156\"><\/a><\/p>\n<p>Des \u00e9changes nombreux ont eu lieu avec la salle.<\/p>\n<p>La s\u00e9ance est lev\u00e9e \u00e0 22 h 30 et se termine par un pot de l\u2019amiti\u00e9<\/p>\n","protected":false},"excerpt":{"rendered":"<p>Fleur d&rsquo;Isa a tenu sa 8\u00e8me AG le vendredi 4 mars 2016 \u00e0 la salle du Bourg \u00e0 Champniers devant [&hellip;]<\/p>\n","protected":false},"author":5,"featured_media":0,"comment_status":"open","ping_status":"open","sticky":false,"template":"","format":"standard","meta":{"site-sidebar-layout":"default","site-content-layout":"","ast-site-content-layout":"default","site-content-style":"default","site-sidebar-style":"default","ast-global-header-display":"","ast-banner-title-visibility":"","ast-main-header-display":"","ast-hfb-above-header-display":"","ast-hfb-below-header-display":"","ast-hfb-mobile-header-display":"","site-post-title":"","ast-breadcrumbs-content":"","ast-featured-img":"","footer-sml-layout":"","ast-disable-related-posts":"","theme-transparent-header-meta":"","adv-header-id-meta":"","stick-header-meta":"","header-above-stick-meta":"","header-main-stick-meta":"","header-below-stick-meta":"","astra-migrate-meta-layouts":"default","ast-page-background-enabled":"default","ast-page-background-meta":{"desktop":{"background-color":"var(--ast-global-color-5)","background-image":"","background-repeat":"repeat","background-position":"center center","background-size":"auto","background-attachment":"scroll","background-type":"","background-media":"","overlay-type":"","overlay-color":"","overlay-opacity":"","overlay-gradient":""},"tablet":{"background-color":"","background-image":"","background-repeat":"repeat","background-position":"center center","background-size":"auto","background-attachment":"scroll","background-type":"","background-media":"","overlay-type":"","overlay-color":"","overlay-opacity":"","overlay-gradient":""},"mobile":{"background-color":"","background-image":"","background-repeat":"repeat","background-position":"center center","background-size":"auto","background-attachment":"scroll","background-type":"","background-media":"","overlay-type":"","overlay-color":"","overlay-opacity":"","overlay-gradient":""}},"ast-content-background-meta":{"desktop":{"background-color":"var(--ast-global-color-4)","background-image":"","background-repeat":"repeat","background-position":"center center","background-size":"auto","background-attachment":"scroll","background-type":"","background-media":"","overlay-type":"","overlay-color":"","overlay-opacity":"","overlay-gradient":""},"tablet":{"background-color":"var(--ast-global-color-4)","background-image":"","background-repeat":"repeat","background-position":"center center","background-size":"auto","background-attachment":"scroll","background-type":"","background-media":"","overlay-type":"","overlay-color":"","overlay-opacity":"","overlay-gradient":""},"mobile":{"background-color":"var(--ast-global-color-4)","background-image":"","background-repeat":"repeat","background-position":"center center","background-size":"auto","background-attachment":"scroll","background-type":"","background-media":"","overlay-type":"","overlay-color":"","overlay-opacity":"","overlay-gradient":""}},"footnotes":""},"categories":[3],"tags":[],"class_list":["post-1798","post","type-post","status-publish","format-standard","hentry","category-generalites"],"_links":{"self":[{"href":"https:\/\/www.fleurdisa.org\/blog\/wp-json\/wp\/v2\/posts\/1798","targetHints":{"allow":["GET"]}}],"collection":[{"href":"https:\/\/www.fleurdisa.org\/blog\/wp-json\/wp\/v2\/posts"}],"about":[{"href":"https:\/\/www.fleurdisa.org\/blog\/wp-json\/wp\/v2\/types\/post"}],"author":[{"embeddable":true,"href":"https:\/\/www.fleurdisa.org\/blog\/wp-json\/wp\/v2\/users\/5"}],"replies":[{"embeddable":true,"href":"https:\/\/www.fleurdisa.org\/blog\/wp-json\/wp\/v2\/comments?post=1798"}],"version-history":[{"count":0,"href":"https:\/\/www.fleurdisa.org\/blog\/wp-json\/wp\/v2\/posts\/1798\/revisions"}],"wp:attachment":[{"href":"https:\/\/www.fleurdisa.org\/blog\/wp-json\/wp\/v2\/media?parent=1798"}],"wp:term":[{"taxonomy":"category","embeddable":true,"href":"https:\/\/www.fleurdisa.org\/blog\/wp-json\/wp\/v2\/categories?post=1798"},{"taxonomy":"post_tag","embeddable":true,"href":"https:\/\/www.fleurdisa.org\/blog\/wp-json\/wp\/v2\/tags?post=1798"}],"curies":[{"name":"wp","href":"https:\/\/api.w.org\/{rel}","templated":true}]}}